{"id":48783,"date":"2026-02-12T17:56:07","date_gmt":"2026-02-12T20:56:07","guid":{"rendered":"https:\/\/newsinfoco.com.br\/inicio\/?p=48783"},"modified":"2026-02-12T17:56:07","modified_gmt":"2026-02-12T20:56:07","slug":"e-hoje-confira-toda-programacao-oficial-do-primeiro-dia-de-carnaval-de-salvador","status":"publish","type":"post","link":"https:\/\/newsinfoco.com.br\/inicio\/e-hoje-confira-toda-programacao-oficial-do-primeiro-dia-de-carnaval-de-salvador\/","title":{"rendered":"\u00c9 HOJE! Confira toda programa\u00e7\u00e3o oficial do primeiro dia de Carnaval de Salvador"},"content":{"rendered":"<div class=\"conteudo_post\">\n<p>O Carnaval de Salvador ser\u00e1 oficialmente inaugurado nesta quinta-feira (12), com uma programa\u00e7\u00e3o especial nos principais circuitos da folia. Assim como em 2025, a festa momesca de 2026 ter\u00e1 um tema especial dedicado aos 110 anos do samba, g\u00eanero musical que nasceu com a m\u00fasica \u201cPelo Telefone\u201d, de autoria dos m\u00fasicos Donga e Mauro de Almeida.<\/p>\n<p>A abertura oficial do Carnaval ser\u00e1 feita por volta das 18h desta quinta-feira, com a chave da cidade sendo entregue ao Rei Momo, durante cerim\u00f4nia que ocorre no Campo Grande, no tradicional circuito Osmar. Na sequ\u00eancia, Xanddy Harmonia inaugura a festa com seus convidados para as apresenta\u00e7\u00f5es.<\/p>\n<p>Entre os convidados do cantor est\u00e3o Mariene de Castro, M\u00e1rcio Victor, Ganhadeiras de Itapoan, entre outros. O primeiro dia de Carnaval ainda ter\u00e1 a Pipoca Mudei de Nome, al\u00e9m de apresenta\u00e7\u00f5es de La F\u00faria, Daniela Mercury, Jau e diversos blocos.<\/p>\n<h3><strong>Confira toda a programa\u00e7\u00e3o:<\/strong><\/h3>\n<p><strong>Circuito Osmar\u00a0<\/strong><\/p>\n<p>17h30 \u2013 Abertura oficial do Carnaval (Pranch\u00e3o com Xanddy Harmonia e sambistas convidados)<\/p>\n<p>Mudei de Nome<\/p>\n<p>Gilmel\u00e2ndia<\/p>\n<p>La F\u00faria<\/p>\n<p>Luiz Caldas<\/p>\n<p>Alexandre Peixe<\/p>\n<p>A Mulherada<\/p>\n<p>Daniela Mercury<\/p>\n<p>Jau<\/p>\n<p>Uel Cantor<\/p>\n<p>Alerta Geral (Fred Gramacho, Swing de Fora, Anderson Bombom, Davi e Arlindinho)<\/p>\n<p>\u00c9 o Tchan (Bloco Pagode Total)<\/p>\n<p>Nelson Rufino, Batifun e Eduardinho Fora da M\u00eddia (Bloco Amor e Paix\u00e3o)<\/p>\n<p>Tonho Mat\u00e9ria (Bloco Afro Mangang\u00e1\/Bloco da Capoeira)<\/p>\n<p>Banda Bankoma<\/p>\n<p>Alobened<\/p>\n<p>Samba Trator, Eduardo Duller e Fuzukda (Bloco Proibido Proibir)<\/p>\n<p>Jorge Fogueir\u00e3o e Dan Mocidade (Bloco Fogueir\u00e3o)<\/p>\n<p>DDN e Samba e Suor (Bloco Samba &amp; Folia)<\/p>\n<p>Escandurras<\/p>\n<p>Bj\u00fa de Milho (Trio do Comcar)<\/p>\n<p>Ad\u00e3o Negro (Reggae o Bloco)<\/p>\n<p>Sambaiana<\/p>\n<p>Chicana<\/p>\n<p><strong>Circuito Dod\u00f4\u00a0<\/strong><\/p>\n<p>15h30 \u2013 Banda Papa (Baby L\u00e9guas)<\/p>\n<p>16h00 \u2013 Bell Marques (Bloco da Quinta)<\/p>\n<p>16h40 \u2013 Theuzinho (Bloco Siri com Todi)<\/p>\n<p>17h \u2013 T\u00f4 Ligado<\/p>\n<p>17h20 \u2013 Babado Novo (Bloco Uau! \/ Ch\u00e1 da Alice)<\/p>\n<p>18h00 \u2013 Araketu \/ Fissura<\/p>\n<p>18h20 \u2013 Solange Almeida<\/p>\n<p>18h40 \u2013 L\u00e9o Santana<\/p>\n<p>19h00 \u2013 Parangol\u00e9<\/p>\n<p>19h20 \u2013 Psirico<\/p>\n<p>19h40 \u2013 Tony Salles<\/p>\n<p>20h00 \u2013 Margareth Menezes (Bloco Os Mascarados)<\/p>\n<p>20h20 \u2013 Banda Cheiro<\/p>\n<p>20h40 \u2013 Timbalada<\/p>\n<p>21h00 \u2013 Pedro Sampaio<\/p>\n<p>21h20 \u2013 Ludmilla (Projeto Frevo da Lud)<\/p>\n<p>21h40 \u2013 Carlinhos Brown<\/p>\n<p>22h00 \u2013 O Kannalha<\/p>\n<p>22h20 \u2013 Marinho (Bloco Universit\u00e1rio)<\/p>\n<p>22h40 \u2013 Guig Ghetto<\/p>\n<p>23h00 \u2013 Vina Calmon<\/p>\n<p>23h20 \u2013 Tatau<\/p>\n<p>23h40 \u2013 Fantasm\u00e3o<\/p>\n<p>00h00 \u2013 Thiago Aquino<\/p>\n<p>00h20 \u2013 Makonnen Tafari (Nova Saga)<\/p>\n<p>00h40 \u2013 Papazzoni \/ Thom\u00e9 Viana \/ Banda Ragga (Banana Reggae)<\/p>\n<p>01h00 \u2013 Banda Chica F\u00e9<\/p>\n<p>01h20 \u2013 Hiago Danadinho<\/p>\n<\/div>\n<div id=\"author-info\" class=\"ui items\">\n<div class=\"item\">Bahia.Ba<\/div>\n<\/div>\n<div class='share-to-whatsapp-wrapper'><div class='share-on-whsp'>Share on: <\/div><a data-text='\u00c9 HOJE! Confira toda programa\u00e7\u00e3o oficial do primeiro dia de Carnaval de Salvador' data-link='https:\/\/newsinfoco.com.br\/inicio\/e-hoje-confira-toda-programacao-oficial-do-primeiro-dia-de-carnaval-de-salvador\/' class='whatsapp-button whatsapp-share'>WhatsApp<\/a><div class='clear '><\/div><\/div>","protected":false},"excerpt":{"rendered":"<p>O Carnaval de Salvador ser\u00e1 oficialmente inaugurado nesta quinta-feira (12), com uma programa\u00e7\u00e3o especial nos principais circuitos da folia. Assim como em 2025, a festa momesca de 2026 ter\u00e1 um tema especial dedicado aos 110 anos do samba, g\u00eanero musical que nasceu com a m\u00fasica \u201cPelo Telefone\u201d, de autoria dos m\u00fasicos Donga e Mauro de [&hellip;]<\/p>\n","protected":false},"author":1,"featured_media":48784,"comment_status":"closed","ping_status":"closed","sticky":false,"template":"","format":"standard","meta":{"om_disable_all_campaigns":false,"rop_custom_images_group":[],"rop_custom_messages_group":[],"rop_publish_now":"initial","rop_publish_now_accounts":[],"rop_publish_now_history":[],"rop_publish_now_status":"pending","_exactmetrics_skip_tracking":false,"footnotes":""},"categories":[19],"tags":[],"class_list":["post-48783","post","type-post","status-publish","format-standard","has-post-thumbnail","hentry","category-bahia"],"aioseo_notices":[],"aioseo_head":"\n\t\t<!-- All in One SEO 4.9.10 - aioseo.com -->\n\t<meta name=\"description\" content=\"O Carnaval de Salvador ser\u00e1 oficialmente inaugurado nesta quinta-feira (12), com uma programa\u00e7\u00e3o especial nos principais circuitos da folia. Assim como em 2025, a festa momesca de 2026 ter\u00e1 um tema especial dedicado aos 110 anos do samba, g\u00eanero musical que nasceu com a m\u00fasica \u201cPelo Telefone\u201d, de autoria dos m\u00fasicos Donga e Mauro de\" \/>\n\t<meta name=\"robots\" content=\"max-image-preview:large\" \/>\n\t<meta name=\"author\" content=\"administrador\"\/>\n\t<link rel=\"canonical\" href=\"https:\/\/newsinfoco.com.br\/inicio\/e-hoje-confira-toda-programacao-oficial-do-primeiro-dia-de-carnaval-de-salvador\/\" \/>\n\t<meta name=\"generator\" content=\"All in One SEO (AIOSEO) 4.9.10\" \/>\n\t\t<meta property=\"og:locale\" content=\"pt_BR\" \/>\n\t\t<meta property=\"og:site_name\" content=\"News In Foco - Editado por Caio Pimenta - O principal site de noticias de Alagoinhas e regi\u00e3o\" \/>\n\t\t<meta property=\"og:type\" content=\"article\" \/>\n\t\t<meta property=\"og:title\" content=\"\u00c9 HOJE! Confira toda programa\u00e7\u00e3o oficial do primeiro dia de Carnaval de Salvador - News In Foco - Editado por Caio Pimenta\" \/>\n\t\t<meta property=\"og:description\" content=\"O Carnaval de Salvador ser\u00e1 oficialmente inaugurado nesta quinta-feira (12), com uma programa\u00e7\u00e3o especial nos principais circuitos da folia. Assim como em 2025, a festa momesca de 2026 ter\u00e1 um tema especial dedicado aos 110 anos do samba, g\u00eanero musical que nasceu com a m\u00fasica \u201cPelo Telefone\u201d, de autoria dos m\u00fasicos Donga e Mauro de\" \/>\n\t\t<meta property=\"og:url\" content=\"https:\/\/newsinfoco.com.br\/inicio\/e-hoje-confira-toda-programacao-oficial-do-primeiro-dia-de-carnaval-de-salvador\/\" \/>\n\t\t<meta property=\"article:published_time\" content=\"2026-02-12T20:56:07+00:00\" \/>\n\t\t<meta property=\"article:modified_time\" content=\"2026-02-12T20:56:07+00:00\" \/>\n\t\t<meta name=\"twitter:card\" content=\"summary_large_image\" \/>\n\t\t<meta name=\"twitter:title\" content=\"\u00c9 HOJE! Confira toda programa\u00e7\u00e3o oficial do primeiro dia de Carnaval de Salvador - News In Foco - Editado por Caio Pimenta\" \/>\n\t\t<meta name=\"twitter:description\" content=\"O Carnaval de Salvador ser\u00e1 oficialmente inaugurado nesta quinta-feira (12), com uma programa\u00e7\u00e3o especial nos principais circuitos da folia. Assim como em 2025, a festa momesca de 2026 ter\u00e1 um tema especial dedicado aos 110 anos do samba, g\u00eanero musical que nasceu com a m\u00fasica \u201cPelo Telefone\u201d, de autoria dos m\u00fasicos Donga e Mauro de\" \/>\n\t\t<script type=\"application\/ld+json\" class=\"aioseo-schema\">\n\t\t\t{\"@context\":\"https:\\\/\\\/schema.org\",\"@graph\":[{\"@type\":\"BlogPosting\",\"@id\":\"https:\\\/\\\/newsinfoco.com.br\\\/inicio\\\/e-hoje-confira-toda-programacao-oficial-do-primeiro-dia-de-carnaval-de-salvador\\\/#blogposting\",\"name\":\"\\u00c9 HOJE! Confira toda programa\\u00e7\\u00e3o oficial do primeiro dia de Carnaval de Salvador - News In Foco - Editado por Caio Pimenta\",\"headline\":\"\\u00c9 HOJE! Confira toda programa\\u00e7\\u00e3o oficial do primeiro dia de Carnaval de Salvador\",\"author\":{\"@id\":\"https:\\\/\\\/newsinfoco.com.br\\\/inicio\\\/author\\\/administrador\\\/#author\"},\"publisher\":{\"@id\":\"https:\\\/\\\/newsinfoco.com.br\\\/inicio\\\/#organization\"},\"image\":{\"@type\":\"ImageObject\",\"url\":\"https:\\\/\\\/newsinfoco.com.br\\\/inicio\\\/wp-content\\\/uploads\\\/2026\\\/02\\\/CARNAVAL-.jpg\",\"width\":600,\"height\":420},\"datePublished\":\"2026-02-12T17:56:07-03:00\",\"dateModified\":\"2026-02-12T17:56:07-03:00\",\"inLanguage\":\"pt-BR\",\"mainEntityOfPage\":{\"@id\":\"https:\\\/\\\/newsinfoco.com.br\\\/inicio\\\/e-hoje-confira-toda-programacao-oficial-do-primeiro-dia-de-carnaval-de-salvador\\\/#webpage\"},\"isPartOf\":{\"@id\":\"https:\\\/\\\/newsinfoco.com.br\\\/inicio\\\/e-hoje-confira-toda-programacao-oficial-do-primeiro-dia-de-carnaval-de-salvador\\\/#webpage\"},\"articleSection\":\"Bahia\"},{\"@type\":\"BreadcrumbList\",\"@id\":\"https:\\\/\\\/newsinfoco.com.br\\\/inicio\\\/e-hoje-confira-toda-programacao-oficial-do-primeiro-dia-de-carnaval-de-salvador\\\/#breadcrumblist\",\"itemListElement\":[{\"@type\":\"ListItem\",\"@id\":\"https:\\\/\\\/newsinfoco.com.br\\\/inicio#listItem\",\"position\":1,\"name\":\"In\\u00edcio\",\"item\":\"https:\\\/\\\/newsinfoco.com.br\\\/inicio\",\"nextItem\":{\"@type\":\"ListItem\",\"@id\":\"https:\\\/\\\/newsinfoco.com.br\\\/inicio\\\/category\\\/bahia\\\/#listItem\",\"name\":\"Bahia\"}},{\"@type\":\"ListItem\",\"@id\":\"https:\\\/\\\/newsinfoco.com.br\\\/inicio\\\/category\\\/bahia\\\/#listItem\",\"position\":2,\"name\":\"Bahia\",\"item\":\"https:\\\/\\\/newsinfoco.com.br\\\/inicio\\\/category\\\/bahia\\\/\",\"nextItem\":{\"@type\":\"ListItem\",\"@id\":\"https:\\\/\\\/newsinfoco.com.br\\\/inicio\\\/e-hoje-confira-toda-programacao-oficial-do-primeiro-dia-de-carnaval-de-salvador\\\/#listItem\",\"name\":\"\\u00c9 HOJE! Confira toda programa\\u00e7\\u00e3o oficial do primeiro dia de Carnaval de Salvador\"},\"previousItem\":{\"@type\":\"ListItem\",\"@id\":\"https:\\\/\\\/newsinfoco.com.br\\\/inicio#listItem\",\"name\":\"In\\u00edcio\"}},{\"@type\":\"ListItem\",\"@id\":\"https:\\\/\\\/newsinfoco.com.br\\\/inicio\\\/e-hoje-confira-toda-programacao-oficial-do-primeiro-dia-de-carnaval-de-salvador\\\/#listItem\",\"position\":3,\"name\":\"\\u00c9 HOJE! Confira toda programa\\u00e7\\u00e3o oficial do primeiro dia de Carnaval de Salvador\",\"previousItem\":{\"@type\":\"ListItem\",\"@id\":\"https:\\\/\\\/newsinfoco.com.br\\\/inicio\\\/category\\\/bahia\\\/#listItem\",\"name\":\"Bahia\"}}]},{\"@type\":\"Organization\",\"@id\":\"https:\\\/\\\/newsinfoco.com.br\\\/inicio\\\/#organization\",\"name\":\"News In Foco - Editado por Caio Pimenta\",\"description\":\"O principal site de noticias de Alagoinhas e regi\\u00e3o\",\"url\":\"https:\\\/\\\/newsinfoco.com.br\\\/inicio\\\/\"},{\"@type\":\"Person\",\"@id\":\"https:\\\/\\\/newsinfoco.com.br\\\/inicio\\\/author\\\/administrador\\\/#author\",\"url\":\"https:\\\/\\\/newsinfoco.com.br\\\/inicio\\\/author\\\/administrador\\\/\",\"name\":\"administrador\",\"image\":{\"@type\":\"ImageObject\",\"@id\":\"https:\\\/\\\/newsinfoco.com.br\\\/inicio\\\/e-hoje-confira-toda-programacao-oficial-do-primeiro-dia-de-carnaval-de-salvador\\\/#authorImage\",\"url\":\"https:\\\/\\\/secure.gravatar.com\\\/avatar\\\/c17a617433de8c1dc9584bb79aab7563b46f5bb7e1728c9b17d9cc3ce6a08e49?s=96&d=mm&r=g\",\"width\":96,\"height\":96,\"caption\":\"administrador\"}},{\"@type\":\"WebPage\",\"@id\":\"https:\\\/\\\/newsinfoco.com.br\\\/inicio\\\/e-hoje-confira-toda-programacao-oficial-do-primeiro-dia-de-carnaval-de-salvador\\\/#webpage\",\"url\":\"https:\\\/\\\/newsinfoco.com.br\\\/inicio\\\/e-hoje-confira-toda-programacao-oficial-do-primeiro-dia-de-carnaval-de-salvador\\\/\",\"name\":\"\\u00c9 HOJE! Confira toda programa\\u00e7\\u00e3o oficial do primeiro dia de Carnaval de Salvador - News In Foco - Editado por Caio Pimenta\",\"description\":\"O Carnaval de Salvador ser\\u00e1 oficialmente inaugurado nesta quinta-feira (12), com uma programa\\u00e7\\u00e3o especial nos principais circuitos da folia. Assim como em 2025, a festa momesca de 2026 ter\\u00e1 um tema especial dedicado aos 110 anos do samba, g\\u00eanero musical que nasceu com a m\\u00fasica \\u201cPelo Telefone\\u201d, de autoria dos m\\u00fasicos Donga e Mauro de\",\"inLanguage\":\"pt-BR\",\"isPartOf\":{\"@id\":\"https:\\\/\\\/newsinfoco.com.br\\\/inicio\\\/#website\"},\"breadcrumb\":{\"@id\":\"https:\\\/\\\/newsinfoco.com.br\\\/inicio\\\/e-hoje-confira-toda-programacao-oficial-do-primeiro-dia-de-carnaval-de-salvador\\\/#breadcrumblist\"},\"author\":{\"@id\":\"https:\\\/\\\/newsinfoco.com.br\\\/inicio\\\/author\\\/administrador\\\/#author\"},\"creator\":{\"@id\":\"https:\\\/\\\/newsinfoco.com.br\\\/inicio\\\/author\\\/administrador\\\/#author\"},\"image\":{\"@type\":\"ImageObject\",\"url\":\"https:\\\/\\\/newsinfoco.com.br\\\/inicio\\\/wp-content\\\/uploads\\\/2026\\\/02\\\/CARNAVAL-.jpg\",\"@id\":\"https:\\\/\\\/newsinfoco.com.br\\\/inicio\\\/e-hoje-confira-toda-programacao-oficial-do-primeiro-dia-de-carnaval-de-salvador\\\/#mainImage\",\"width\":600,\"height\":420},\"primaryImageOfPage\":{\"@id\":\"https:\\\/\\\/newsinfoco.com.br\\\/inicio\\\/e-hoje-confira-toda-programacao-oficial-do-primeiro-dia-de-carnaval-de-salvador\\\/#mainImage\"},\"datePublished\":\"2026-02-12T17:56:07-03:00\",\"dateModified\":\"2026-02-12T17:56:07-03:00\"},{\"@type\":\"WebSite\",\"@id\":\"https:\\\/\\\/newsinfoco.com.br\\\/inicio\\\/#website\",\"url\":\"https:\\\/\\\/newsinfoco.com.br\\\/inicio\\\/\",\"name\":\"News In Foco - Editado por Caio Pimenta\",\"description\":\"O principal site de noticias de Alagoinhas e regi\\u00e3o\",\"inLanguage\":\"pt-BR\",\"publisher\":{\"@id\":\"https:\\\/\\\/newsinfoco.com.br\\\/inicio\\\/#organization\"}}]}\n\t\t<\/script>\n\t\t<!-- All in One SEO -->\n\n","aioseo_head_json":{"title":"\u00c9 HOJE! Confira toda programa\u00e7\u00e3o oficial do primeiro dia de Carnaval de Salvador - News In Foco - Editado por Caio Pimenta","description":"O Carnaval de Salvador ser\u00e1 oficialmente inaugurado nesta quinta-feira (12), com uma programa\u00e7\u00e3o especial nos principais circuitos da folia. Assim como em 2025, a festa momesca de 2026 ter\u00e1 um tema especial dedicado aos 110 anos do samba, g\u00eanero musical que nasceu com a m\u00fasica \u201cPelo Telefone\u201d, de autoria dos m\u00fasicos Donga e Mauro de","canonical_url":"https:\/\/newsinfoco.com.br\/inicio\/e-hoje-confira-toda-programacao-oficial-do-primeiro-dia-de-carnaval-de-salvador\/","robots":"max-image-preview:large","keywords":"","webmasterTools":{"miscellaneous":""},"schema":{"@context":"https:\/\/schema.org","@graph":[{"@type":"BlogPosting","@id":"https:\/\/newsinfoco.com.br\/inicio\/e-hoje-confira-toda-programacao-oficial-do-primeiro-dia-de-carnaval-de-salvador\/#blogposting","name":"\u00c9 HOJE! Confira toda programa\u00e7\u00e3o oficial do primeiro dia de Carnaval de Salvador - News In Foco - Editado por Caio Pimenta","headline":"\u00c9 HOJE! Confira toda programa\u00e7\u00e3o oficial do primeiro dia de Carnaval de Salvador","author":{"@id":"https:\/\/newsinfoco.com.br\/inicio\/author\/administrador\/#author"},"publisher":{"@id":"https:\/\/newsinfoco.com.br\/inicio\/#organization"},"image":{"@type":"ImageObject","url":"https:\/\/newsinfoco.com.br\/inicio\/wp-content\/uploads\/2026\/02\/CARNAVAL-.jpg","width":600,"height":420},"datePublished":"2026-02-12T17:56:07-03:00","dateModified":"2026-02-12T17:56:07-03:00","inLanguage":"pt-BR","mainEntityOfPage":{"@id":"https:\/\/newsinfoco.com.br\/inicio\/e-hoje-confira-toda-programacao-oficial-do-primeiro-dia-de-carnaval-de-salvador\/#webpage"},"isPartOf":{"@id":"https:\/\/newsinfoco.com.br\/inicio\/e-hoje-confira-toda-programacao-oficial-do-primeiro-dia-de-carnaval-de-salvador\/#webpage"},"articleSection":"Bahia"},{"@type":"BreadcrumbList","@id":"https:\/\/newsinfoco.com.br\/inicio\/e-hoje-confira-toda-programacao-oficial-do-primeiro-dia-de-carnaval-de-salvador\/#breadcrumblist","itemListElement":[{"@type":"ListItem","@id":"https:\/\/newsinfoco.com.br\/inicio#listItem","position":1,"name":"In\u00edcio","item":"https:\/\/newsinfoco.com.br\/inicio","nextItem":{"@type":"ListItem","@id":"https:\/\/newsinfoco.com.br\/inicio\/category\/bahia\/#listItem","name":"Bahia"}},{"@type":"ListItem","@id":"https:\/\/newsinfoco.com.br\/inicio\/category\/bahia\/#listItem","position":2,"name":"Bahia","item":"https:\/\/newsinfoco.com.br\/inicio\/category\/bahia\/","nextItem":{"@type":"ListItem","@id":"https:\/\/newsinfoco.com.br\/inicio\/e-hoje-confira-toda-programacao-oficial-do-primeiro-dia-de-carnaval-de-salvador\/#listItem","name":"\u00c9 HOJE! Confira toda programa\u00e7\u00e3o oficial do primeiro dia de Carnaval de Salvador"},"previousItem":{"@type":"ListItem","@id":"https:\/\/newsinfoco.com.br\/inicio#listItem","name":"In\u00edcio"}},{"@type":"ListItem","@id":"https:\/\/newsinfoco.com.br\/inicio\/e-hoje-confira-toda-programacao-oficial-do-primeiro-dia-de-carnaval-de-salvador\/#listItem","position":3,"name":"\u00c9 HOJE! Confira toda programa\u00e7\u00e3o oficial do primeiro dia de Carnaval de Salvador","previousItem":{"@type":"ListItem","@id":"https:\/\/newsinfoco.com.br\/inicio\/category\/bahia\/#listItem","name":"Bahia"}}]},{"@type":"Organization","@id":"https:\/\/newsinfoco.com.br\/inicio\/#organization","name":"News In Foco - Editado por Caio Pimenta","description":"O principal site de noticias de Alagoinhas e regi\u00e3o","url":"https:\/\/newsinfoco.com.br\/inicio\/"},{"@type":"Person","@id":"https:\/\/newsinfoco.com.br\/inicio\/author\/administrador\/#author","url":"https:\/\/newsinfoco.com.br\/inicio\/author\/administrador\/","name":"administrador","image":{"@type":"ImageObject","@id":"https:\/\/newsinfoco.com.br\/inicio\/e-hoje-confira-toda-programacao-oficial-do-primeiro-dia-de-carnaval-de-salvador\/#authorImage","url":"https:\/\/secure.gravatar.com\/avatar\/c17a617433de8c1dc9584bb79aab7563b46f5bb7e1728c9b17d9cc3ce6a08e49?s=96&d=mm&r=g","width":96,"height":96,"caption":"administrador"}},{"@type":"WebPage","@id":"https:\/\/newsinfoco.com.br\/inicio\/e-hoje-confira-toda-programacao-oficial-do-primeiro-dia-de-carnaval-de-salvador\/#webpage","url":"https:\/\/newsinfoco.com.br\/inicio\/e-hoje-confira-toda-programacao-oficial-do-primeiro-dia-de-carnaval-de-salvador\/","name":"\u00c9 HOJE! Confira toda programa\u00e7\u00e3o oficial do primeiro dia de Carnaval de Salvador - News In Foco - Editado por Caio Pimenta","description":"O Carnaval de Salvador ser\u00e1 oficialmente inaugurado nesta quinta-feira (12), com uma programa\u00e7\u00e3o especial nos principais circuitos da folia. Assim como em 2025, a festa momesca de 2026 ter\u00e1 um tema especial dedicado aos 110 anos do samba, g\u00eanero musical que nasceu com a m\u00fasica \u201cPelo Telefone\u201d, de autoria dos m\u00fasicos Donga e Mauro de","inLanguage":"pt-BR","isPartOf":{"@id":"https:\/\/newsinfoco.com.br\/inicio\/#website"},"breadcrumb":{"@id":"https:\/\/newsinfoco.com.br\/inicio\/e-hoje-confira-toda-programacao-oficial-do-primeiro-dia-de-carnaval-de-salvador\/#breadcrumblist"},"author":{"@id":"https:\/\/newsinfoco.com.br\/inicio\/author\/administrador\/#author"},"creator":{"@id":"https:\/\/newsinfoco.com.br\/inicio\/author\/administrador\/#author"},"image":{"@type":"ImageObject","url":"https:\/\/newsinfoco.com.br\/inicio\/wp-content\/uploads\/2026\/02\/CARNAVAL-.jpg","@id":"https:\/\/newsinfoco.com.br\/inicio\/e-hoje-confira-toda-programacao-oficial-do-primeiro-dia-de-carnaval-de-salvador\/#mainImage","width":600,"height":420},"primaryImageOfPage":{"@id":"https:\/\/newsinfoco.com.br\/inicio\/e-hoje-confira-toda-programacao-oficial-do-primeiro-dia-de-carnaval-de-salvador\/#mainImage"},"datePublished":"2026-02-12T17:56:07-03:00","dateModified":"2026-02-12T17:56:07-03:00"},{"@type":"WebSite","@id":"https:\/\/newsinfoco.com.br\/inicio\/#website","url":"https:\/\/newsinfoco.com.br\/inicio\/","name":"News In Foco - Editado por Caio Pimenta","description":"O principal site de noticias de Alagoinhas e regi\u00e3o","inLanguage":"pt-BR","publisher":{"@id":"https:\/\/newsinfoco.com.br\/inicio\/#organization"}}]},"og:locale":"pt_BR","og:site_name":"News In Foco - Editado por Caio Pimenta - O principal site de noticias de Alagoinhas e regi\u00e3o","og:type":"article","og:title":"\u00c9 HOJE! Confira toda programa\u00e7\u00e3o oficial do primeiro dia de Carnaval de Salvador - News In Foco - Editado por Caio Pimenta","og:description":"O Carnaval de Salvador ser\u00e1 oficialmente inaugurado nesta quinta-feira (12), com uma programa\u00e7\u00e3o especial nos principais circuitos da folia. Assim como em 2025, a festa momesca de 2026 ter\u00e1 um tema especial dedicado aos 110 anos do samba, g\u00eanero musical que nasceu com a m\u00fasica \u201cPelo Telefone\u201d, de autoria dos m\u00fasicos Donga e Mauro de","og:url":"https:\/\/newsinfoco.com.br\/inicio\/e-hoje-confira-toda-programacao-oficial-do-primeiro-dia-de-carnaval-de-salvador\/","article:published_time":"2026-02-12T20:56:07+00:00","article:modified_time":"2026-02-12T20:56:07+00:00","twitter:card":"summary_large_image","twitter:title":"\u00c9 HOJE! Confira toda programa\u00e7\u00e3o oficial do primeiro dia de Carnaval de Salvador - News In Foco - Editado por Caio Pimenta","twitter:description":"O Carnaval de Salvador ser\u00e1 oficialmente inaugurado nesta quinta-feira (12), com uma programa\u00e7\u00e3o especial nos principais circuitos da folia. Assim como em 2025, a festa momesca de 2026 ter\u00e1 um tema especial dedicado aos 110 anos do samba, g\u00eanero musical que nasceu com a m\u00fasica \u201cPelo Telefone\u201d, de autoria dos m\u00fasicos Donga e Mauro de"},"aioseo_meta_data":{"post_id":"48783","title":null,"description":null,"keywords":null,"keyphrases":{"focus":{"keyphrase":"","score":0,"analysis":{"keyphraseInTitle":{"score":0,"maxScore":9,"error":1}}},"additional":[]},"primary_term":null,"canonical_url":null,"og_title":null,"og_description":null,"og_object_type":"default","og_image_type":"default","og_image_url":null,"og_image_width":null,"og_image_height":null,"og_image_custom_url":null,"og_image_custom_fields":null,"og_video":"","og_custom_url":null,"og_article_section":null,"og_article_tags":null,"twitter_use_og":false,"twitter_card":"default","twitter_image_type":"default","twitter_image_url":null,"twitter_image_custom_url":null,"twitter_image_custom_fields":null,"twitter_title":null,"twitter_description":null,"schema":{"blockGraphs":[],"customGraphs":[],"default":{"data":{"Article":[],"Course":[],"Dataset":[],"FAQPage":[],"Movie":[],"Person":[],"Product":[],"ProductReview":[],"Car":[],"Recipe":[],"Service":[],"SoftwareApplication":[],"WebPage":[]},"graphName":"BlogPosting","isEnabled":true},"graphs":[]},"schema_type":"default","schema_type_options":null,"pillar_content":false,"robots_default":true,"robots_noindex":false,"robots_noarchive":false,"robots_nosnippet":false,"robots_nofollow":false,"robots_noimageindex":false,"robots_noodp":false,"robots_notranslate":false,"robots_max_snippet":"-1","robots_max_videopreview":"-1","robots_max_imagepreview":"large","priority":null,"frequency":"default","local_seo":null,"breadcrumb_settings":null,"limit_modified_date":false,"ai":{"faqs":[],"keyPoints":[],"titles":[],"descriptions":[],"socialPosts":{"email":[],"linkedin":[],"twitter":[],"facebook":[],"instagram":[]}},"created":"2026-02-12 20:56:07","updated":"2026-02-12 20:56:59","seo_analyzer_scan_date":null},"aioseo_breadcrumb":"<div class=\"aioseo-breadcrumbs\"><span class=\"aioseo-breadcrumb\">\n\t\t\t<a href=\"https:\/\/newsinfoco.com.br\/inicio\" title=\"In\u00edcio\">In\u00edcio<\/a>\n\t\t<\/span><span class=\"aioseo-breadcrumb-separator\">&raquo;<\/span><span class=\"aioseo-breadcrumb\">\n\t\t\t<a href=\"https:\/\/newsinfoco.com.br\/inicio\/category\/bahia\/\" title=\"Bahia\">Bahia<\/a>\n\t\t<\/span><span class=\"aioseo-breadcrumb-separator\">&raquo;<\/span><span class=\"aioseo-breadcrumb\">\n\t\t\t\u00c9 HOJE! Confira toda programa\u00e7\u00e3o oficial do primeiro dia de Carnaval de Salvador\n\t\t<\/span><\/div>","aioseo_breadcrumb_json":[{"label":"In\u00edcio","link":"https:\/\/newsinfoco.com.br\/inicio"},{"label":"Bahia","link":"https:\/\/newsinfoco.com.br\/inicio\/category\/bahia\/"},{"label":"\u00c9 HOJE! Confira toda programa\u00e7\u00e3o oficial do primeiro dia de Carnaval de Salvador","link":"https:\/\/newsinfoco.com.br\/inicio\/e-hoje-confira-toda-programacao-oficial-do-primeiro-dia-de-carnaval-de-salvador\/"}],"_links":{"self":[{"href":"https:\/\/newsinfoco.com.br\/inicio\/wp-json\/wp\/v2\/posts\/48783","targetHints":{"allow":["GET"]}}],"collection":[{"href":"https:\/\/newsinfoco.com.br\/inicio\/wp-json\/wp\/v2\/posts"}],"about":[{"href":"https:\/\/newsinfoco.com.br\/inicio\/wp-json\/wp\/v2\/types\/post"}],"author":[{"embeddable":true,"href":"https:\/\/newsinfoco.com.br\/inicio\/wp-json\/wp\/v2\/users\/1"}],"replies":[{"embeddable":true,"href":"https:\/\/newsinfoco.com.br\/inicio\/wp-json\/wp\/v2\/comments?post=48783"}],"version-history":[{"count":1,"href":"https:\/\/newsinfoco.com.br\/inicio\/wp-json\/wp\/v2\/posts\/48783\/revisions"}],"predecessor-version":[{"id":48785,"href":"https:\/\/newsinfoco.com.br\/inicio\/wp-json\/wp\/v2\/posts\/48783\/revisions\/48785"}],"wp:featuredmedia":[{"embeddable":true,"href":"https:\/\/newsinfoco.com.br\/inicio\/wp-json\/wp\/v2\/media\/48784"}],"wp:attachment":[{"href":"https:\/\/newsinfoco.com.br\/inicio\/wp-json\/wp\/v2\/media?parent=48783"}],"wp:term":[{"taxonomy":"category","embeddable":true,"href":"https:\/\/newsinfoco.com.br\/inicio\/wp-json\/wp\/v2\/categories?post=48783"},{"taxonomy":"post_tag","embeddable":true,"href":"https:\/\/newsinfoco.com.br\/inicio\/wp-json\/wp\/v2\/tags?post=48783"}],"curies":[{"name":"wp","href":"https:\/\/api.w.org\/{rel}","templated":true}]}}