{"id":4879,"date":"2018-06-06T17:19:05","date_gmt":"2018-06-06T20:19:05","guid":{"rendered":"http:\/\/newsinfoco.com.br\/?p=4879"},"modified":"2018-06-06T17:19:05","modified_gmt":"2018-06-06T20:19:05","slug":"sao-joao-de-alagoinhas-cancela-participacao-de-simone-e-simaria-e-confirma-trio-nordestino-e-bell-marques-com-show-especial-de-forro-na-programacao","status":"publish","type":"post","link":"https:\/\/newsinfoco.com.br\/inicio\/sao-joao-de-alagoinhas-cancela-participacao-de-simone-e-simaria-e-confirma-trio-nordestino-e-bell-marques-com-show-especial-de-forro-na-programacao\/","title":{"rendered":"S\u00e3o Jo\u00e3o de Alagoinhas cancela participa\u00e7\u00e3o de Simone e Simaria e confirma Trio Nordestino e Bell Marques com show especial de forr\u00f3 na programa\u00e7\u00e3o"},"content":{"rendered":"<p style=\"text-align: justify;\"><span style=\"color: #000000;\">Com uma das irm\u00e3s afastada dos palcos devido a quest\u00f5es de sa\u00fade, a dupla Simone e Simaria, que deveria se apresentar na noite do dia 24 de junho em Alagoinhas n\u00e3o est\u00e1 mais na grade do S\u00e3o Jo\u00e3o. Quem chega para substituir as cantoras \u00e9 um dos grupos tradicionais da m\u00fasica baiana, o \u201cTrio Nordestino\u201d, criado originalmente em 1958 por tr\u00eas jovens baianos que receberam ajuda de Luiz Gonzaga, o \u201cRei do Bai\u00e3o\u201d.<\/span><\/p>\n<p style=\"text-align: justify;\"><span style=\"color: #000000;\">Formado atualmente pelos m\u00fasicos Luiz M\u00e1rio, Beto Sousa e Coroneto, o trio traz a heran\u00e7a dos fundadores que se eternizaram no arrasta p\u00e9 baiano, resgatando influ\u00eancias do xote, do bai\u00e3o e do xaxado em uma mistura que remonta \u00e0 cultura nordestina das festas tradicionais.<\/span><\/p><div class=\"newsi-conteudo_19\" id=\"newsi-3447461633\"><a href=\"https:\/\/www.instagram.com\/prefeituraalagoinhas?igsh=YzgzdDJ1bWR3aWI4\" aria-label=\"SAVE_20251006_221555\"><img loading=\"lazy\" decoding=\"async\" src=\"https:\/\/newsinfoco.com.br\/inicio\/wp-content\/uploads\/2025\/10\/SAVE_20251006_221555-rotated.jpg\" alt=\"\"  srcset=\"https:\/\/newsinfoco.com.br\/inicio\/wp-content\/uploads\/2025\/10\/SAVE_20251006_221555-rotated.jpg 1140w, https:\/\/newsinfoco.com.br\/inicio\/wp-content\/uploads\/2025\/10\/SAVE_20251006_221555-300x52.jpg 300w, https:\/\/newsinfoco.com.br\/inicio\/wp-content\/uploads\/2025\/10\/SAVE_20251006_221555-1024x177.jpg 1024w, https:\/\/newsinfoco.com.br\/inicio\/wp-content\/uploads\/2025\/10\/SAVE_20251006_221555-768x133.jpg 768w, https:\/\/newsinfoco.com.br\/inicio\/wp-content\/uploads\/2025\/10\/SAVE_20251006_221555-600x104.jpg 600w, https:\/\/newsinfoco.com.br\/inicio\/wp-content\/uploads\/2025\/10\/SAVE_20251006_221555-696x120.jpg 696w, https:\/\/newsinfoco.com.br\/inicio\/wp-content\/uploads\/2025\/10\/SAVE_20251006_221555-1068x185.jpg 1068w\" sizes=\"(max-width: 1140px) 100vw, 1140px\" width=\"1140\" height=\"197\"   \/><\/a><\/div>\n<p style=\"text-align: justify;\"><span style=\"color: #000000;\">Quem tamb\u00e9m chega \u00e0 programa\u00e7\u00e3o do dia 24 com uma proposta diferenciada de celebrar a hist\u00f3ria e a mem\u00f3ria de grandes nomes da m\u00fasica brasileira \u00e9 o cantor baiano Bell Marques.<\/span><\/p>\n<p style=\"text-align: justify;\"><span style=\"color: #000000;\">A rela\u00e7\u00e3o do artista com o S\u00e3o Jo\u00e3o n\u00e3o \u00e9 recente. O cantor nunca escondeu sua admira\u00e7\u00e3o por \u00edcones como Luiz Gonzaga, que sempre esteve no repert\u00f3rio dos shows, desde os tempos de Chiclete com Banana. Com sua antiga banda, inclusive, Bell chegou a gravar um CD inteiro de sucessos do g\u00eanero, em 1992, e agora repete o feito em carreira solo.<\/span><\/p>\n<p style=\"text-align: justify;\"><span style=\"color: #000000;\">Assim como no arrai\u00e1 da capital, em Salvador, em Namoradilha (Recife) e em Campina Grande (Para\u00edba), Bell Marques chega ao interior baiano para fazer um show inesquec\u00edvel em ritmo de forr\u00f3.<\/span><\/p>\n<p style=\"text-align: justify;\"><span style=\"color: #000000;\">De acordo com George Cabor\u00e9, um dos organizadores da festa, a mudan\u00e7a representa economia em termos financeiros e foco no planejamento da festa que busca se concretizar como a mais nova tradi\u00e7\u00e3o da Bahia. \u201cO p\u00fablico esperava ver a dupla no palco. Com a aus\u00eancia de uma das cantoras, o show n\u00e3o seria o mesmo. Ent\u00e3o a substitui\u00e7\u00e3o se deu por esse fator e tamb\u00e9m por uma quest\u00e3o de economia, porque conseguimos trazer duas atra\u00e7\u00f5es de reconhecimento nacional por um valor inferior ao que estava sendo negociado com as coleguinhas. Com a grade fechada, temos uma programa\u00e7\u00e3o que, em quase 80%, \u00e9 formada por bandas de forr\u00f3 e, ao mesmo tempo, temos Luan Santana, no dia 22, ent\u00e3o \u00e9 isso. A gente traz uma grade ecl\u00e9tica, diversificada, para agradar tanto ao p\u00fablico jovem quanto aos apreciadores do ritmo tradicional\u201d, explicou.<\/span><\/p>\n<p style=\"text-align: justify;\"><span style=\"color: #000000;\">Al\u00e9m dos dias oficiais do evento, que acontece de 22 a 24 de junho, na Avenida Joseph Wagner, o S\u00e3o Jo\u00e3o de Alagoinhas conta com o \u201cTrem do Forr\u00f3\u201d, entre os dias 13 e 17 de junho e com a \u201cVila do Forr\u00f3\u201d, que ser\u00e1 montada no estacionamento da prefeitura, esquentando o clima com apresenta\u00e7\u00f5es musicais, feira de comidas t\u00edpicas, programa\u00e7\u00f5es culturais e quadrilhas juninas de 15 a 24 de junho.<\/span><\/p>\n<p style=\"text-align: justify;\"><span style=\"color: #000000;\">A previs\u00e3o \u00e9 de que a estrutura montada receba at\u00e9 50 mil pessoas para a festa oficial, de acordo com a Secretaria Municipal de Cultura, Esporte e Turismo (SECET). \u201cRefer\u00eancia cultural do agreste baiano, Alagoinhas pode vislumbrar, com a realiza\u00e7\u00e3o do S\u00e3o Jo\u00e3o, uma excelente oportunidade de apresentar nossa cidade n\u00e3o s\u00f3 aos baianos, mas \u00e0s pessoas de todos os cantos que nos visitarem\u201d, afirmou Iraci Gama, vice-prefeita e secret\u00e1ria de cultura do munic\u00edpio.<\/span><\/p>\n<p style=\"text-align: justify;\"><span style=\"color: #000000;\">Confira a programa\u00e7\u00e3o completa com as mudan\u00e7as:<\/span><\/p>\n<p style=\"text-align: justify;\"><span style=\"color: #000000;\"><strong>Trem do Forr\u00f3:<\/strong><\/span><br \/>\n<span style=\"color: #000000;\"><strong>Dia 13<\/strong>\u00a0\u2013 QUARTA-FEIRA: Funcion\u00e1rios da rede de ferrovi\u00e1rios<\/span><br \/>\n<span style=\"color: #000000;\"><strong>Dia 14<\/strong>\u00a0\u2013 QUINTA-FEIRA: Estudantes de escolas p\u00fablicas e privadas<\/span><br \/>\n<span style=\"color: #000000;\"><strong>Dias 15, 16 e 17<\/strong>\u00a0\u2013 SEXTA, S\u00c1BADO E DOMINGO: Aberto ao p\u00fablico<\/span><br \/>\n<span style=\"color: #000000;\"><strong>Hor\u00e1rio:<\/strong>\u00a09h \u00e0s 17h<\/span><br \/>\n<span style=\"color: #000000;\"><strong>Entrada:<\/strong>\u00a0Uma lata de leite ou um pacote de fralda geri\u00e1trica<\/span><\/p>\n<p style=\"text-align: justify;\"><span style=\"color: #000000;\"><strong>Shows:<\/strong><\/span><br \/>\n<span style=\"color: #000000;\"><strong>Dia 22 \u2013 SEXTA-FEIRA:<\/strong><\/span><br \/>\n<span style=\"color: #000000;\">Z\u00e9 Duarte<\/span><br \/>\n<span style=\"color: #000000;\">Xote Mania<\/span><br \/>\n<span style=\"color: #000000;\">Luan Santana<\/span><br \/>\n<span style=\"color: #000000;\">Z\u00e9 Ribeiro<\/span><\/p>\n<p style=\"text-align: justify;\"><span style=\"color: #000000;\"><strong>Dia 23 \u2013 S\u00c1BADO:<\/strong><\/span><br \/>\n<span style=\"color: #000000;\">Chiquinho Forr\u00f3 Pesado<\/span><br \/>\n<span style=\"color: #000000;\">Del Feliz<\/span><br \/>\n<span style=\"color: #000000;\">Gil Mour\u00e3o<\/span><br \/>\n<span style=\"color: #000000;\">Santana O Cantador<\/span><\/p>\n<p style=\"text-align: justify;\"><span style=\"color: #000000;\"><strong>Dia 24 \u2013 DOMINGO:<\/strong><\/span><br \/>\n<span style=\"color: #000000;\">Andr\u00e9 e Mauro<\/span><br \/>\n<span style=\"color: #000000;\">Xinelo Baiano<\/span><br \/>\n<span style=\"color: #000000;\">Z\u00e9 de Tonha<\/span><br \/>\n<span style=\"color: #000000;\">Trio Nordestino<\/span><br \/>\n<span style=\"color: #000000;\">Bell Marques (especial de forr\u00f3)<\/span><\/p>\n<h6 style=\"text-align: right;\"><span style=\"color: #999999;\">Fonte: SECOM Prefeitura<\/span><\/h6>\n<div style=\"text-align: justify;\" align=\"right\"><\/div>\n<div class='share-to-whatsapp-wrapper'><div class='share-on-whsp'>Share on: <\/div><a data-text='S\u00e3o Jo\u00e3o de Alagoinhas cancela participa\u00e7\u00e3o de Simone e Simaria e confirma Trio Nordestino e Bell Marques com show especial de forr\u00f3 na programa\u00e7\u00e3o' data-link='https:\/\/newsinfoco.com.br\/inicio\/sao-joao-de-alagoinhas-cancela-participacao-de-simone-e-simaria-e-confirma-trio-nordestino-e-bell-marques-com-show-especial-de-forro-na-programacao\/' class='whatsapp-button whatsapp-share'>WhatsApp<\/a><div class='clear '><\/div><\/div>","protected":false},"excerpt":{"rendered":"<p>Com uma das irm\u00e3s afastada dos palcos devido a quest\u00f5es de sa\u00fade, a dupla Simone e Simaria, que deveria se apresentar na noite do dia 24 de junho em Alagoinhas n\u00e3o est\u00e1 mais na grade do S\u00e3o Jo\u00e3o. Quem chega para substituir as cantoras \u00e9 um dos grupos tradicionais da m\u00fasica baiana, o \u201cTrio Nordestino\u201d, [&hellip;]<\/p>\n","protected":false},"author":1,"featured_media":166,"comment_status":"open","ping_status":"open","sticky":false,"template":"","format":"standard","meta":{"om_disable_all_campaigns":false,"_exactmetrics_skip_tracking":false,"_exactmetrics_sitenote_active":false,"_exactmetrics_sitenote_note":"","_exactmetrics_sitenote_category":0,"footnotes":""},"categories":[38,30],"tags":[53,54,56],"class_list":["post-4879","post","type-post","status-publish","format-standard","has-post-thumbnail","hentry","category-alagoinhas-e-regiao","category-destaque","tag-alagoinhas","tag-prefeitura","tag-secom"],"aioseo_notices":[],"_links":{"self":[{"href":"https:\/\/newsinfoco.com.br\/inicio\/wp-json\/wp\/v2\/posts\/4879","targetHints":{"allow":["GET"]}}],"collection":[{"href":"https:\/\/newsinfoco.com.br\/inicio\/wp-json\/wp\/v2\/posts"}],"about":[{"href":"https:\/\/newsinfoco.com.br\/inicio\/wp-json\/wp\/v2\/types\/post"}],"author":[{"embeddable":true,"href":"https:\/\/newsinfoco.com.br\/inicio\/wp-json\/wp\/v2\/users\/1"}],"replies":[{"embeddable":true,"href":"https:\/\/newsinfoco.com.br\/inicio\/wp-json\/wp\/v2\/comments?post=4879"}],"version-history":[{"count":0,"href":"https:\/\/newsinfoco.com.br\/inicio\/wp-json\/wp\/v2\/posts\/4879\/revisions"}],"wp:featuredmedia":[{"embeddable":true,"href":"https:\/\/newsinfoco.com.br\/inicio\/wp-json\/wp\/v2\/media\/166"}],"wp:attachment":[{"href":"https:\/\/newsinfoco.com.br\/inicio\/wp-json\/wp\/v2\/media?parent=4879"}],"wp:term":[{"taxonomy":"category","embeddable":true,"href":"https:\/\/newsinfoco.com.br\/inicio\/wp-json\/wp\/v2\/categories?post=4879"},{"taxonomy":"post_tag","embeddable":true,"href":"https:\/\/newsinfoco.com.br\/inicio\/wp-json\/wp\/v2\/tags?post=4879"}],"curies":[{"name":"wp","href":"https:\/\/api.w.org\/{rel}","templated":true}]}}