{"id":48790,"date":"2026-02-12T18:15:33","date_gmt":"2026-02-12T21:15:33","guid":{"rendered":"https:\/\/newsinfoco.com.br\/inicio\/?p=48790"},"modified":"2026-02-12T18:15:33","modified_gmt":"2026-02-12T21:15:33","slug":"tse-rejeita-barrar-samba-enredo-em-homenagem-a-lula-mas-carmen-fala-em-risco-de-ilicito","status":"publish","type":"post","link":"https:\/\/newsinfoco.com.br\/inicio\/tse-rejeita-barrar-samba-enredo-em-homenagem-a-lula-mas-carmen-fala-em-risco-de-ilicito\/","title":{"rendered":"TSE rejeita barrar samba-enredo em homenagem a Lula, mas C\u00e1rmen fala em risco de il\u00edcito"},"content":{"rendered":"<p>O\u00a0<a href=\"https:\/\/www1.folha.uol.com.br\/folha-topicos\/tse\/\">TSE<\/a>\u00a0(Tribunal Superior Eleitoral) rejeitou, em decis\u00e3o un\u00e2nime, nesta quinta-feira (12) dois pedidos de representa\u00e7\u00e3o por propaganda eleitoral antecipada contra o presidente\u00a0<a href=\"https:\/\/www1.folha.uol.com.br\/folha-topicos\/lula\/\">Lula<\/a>, o PT e a Acad\u00eamicos de Niter\u00f3i, que far\u00e1\u00a0<a href=\"https:\/\/fotografia.folha.uol.com.br\/galerias\/1856431775961561-famosos-participam-de-ensaio-tecnico-da-academicos-de-niteroi\" target=\"\" rel=\"\">desfile em homenagem a ele<\/a>\u00a0no\u00a0<a href=\"https:\/\/www1.folha.uol.com.br\/folha-topicos\/carnaval\/\">Carnaval<\/a>.<\/p>\n<p>A relatora do caso, Estela Aranha, que foi indicada \u00e0 corte eleitoral por Lula, rejeitou as a\u00e7\u00f5es sob o argumento de que restringir manifesta\u00e7\u00f5es art\u00edsticas e culturais previamente &#8220;por se ter not\u00edcias de ter manifesta\u00e7\u00f5es pol\u00edticas&#8221; configuraria &#8220;censura pr\u00e9via, indireta e restri\u00e7\u00e3o desproporcional ao debate democr\u00e1tico&#8221;.<\/p>\n<p>A ministra tamb\u00e9m afirmou n\u00e3o ser poss\u00edvel reconhecer propaganda eleitoral antecipada em um epis\u00f3dio que ainda n\u00e3o ocorreu, mas que poss\u00edvel il\u00edcito eleitoral poder\u00e1 ser apurado depois. &#8220;N\u00e3o \u00e9 poss\u00edvel antecipar sequer o fato de que o primeiro representado participar\u00e1 deste desfile e, se eventualmente, nesta ocasi\u00e3o, ser\u00e1 cometido algum il\u00edcito eleitoral&#8221;, disse.<\/p>\n<div class=\"c-advertising c-advertising--300x250 u-hidden-xs rs_skip\">\n<div id=\"banner-300x250-area-materia\" class=\"c-advertising__banner-area\">\n<div id=\"google_ads_iframe_\/27954005\/folha\/poder_1__container__\">Aranha foi seguida pela presidente do TSE, C\u00e1rmen L\u00facia, e pelos ministros Andr\u00e9 Mendon\u00e7a, Antonio Carlos Ferreira, Villas B\u00f4as Cueva e Floriano de Azevedo Marques.<\/div>\n<\/div>\n<\/div>\n<div>\n<div class=\"widget-image rs_skip\">\n<figure>\n<div class=\"c-image-aspect-ratio c-image-aspect-ratio--3x2\">Folha de S\u00e3o Paulo<\/div>\n<\/figure>\n<\/div>\n<\/div>\n<div class='share-to-whatsapp-wrapper'><div class='share-on-whsp'>Share on: <\/div><a data-text='TSE rejeita barrar samba-enredo em homenagem a Lula, mas C\u00e1rmen fala em risco de il\u00edcito' data-link='https:\/\/newsinfoco.com.br\/inicio\/tse-rejeita-barrar-samba-enredo-em-homenagem-a-lula-mas-carmen-fala-em-risco-de-ilicito\/' class='whatsapp-button whatsapp-share'>WhatsApp<\/a><div class='clear '><\/div><\/div>","protected":false},"excerpt":{"rendered":"<p>O\u00a0TSE\u00a0(Tribunal Superior Eleitoral) rejeitou, em decis\u00e3o un\u00e2nime, nesta quinta-feira (12) dois pedidos de representa\u00e7\u00e3o por propaganda eleitoral antecipada contra o presidente\u00a0Lula, o PT e a Acad\u00eamicos de Niter\u00f3i, que far\u00e1\u00a0desfile em homenagem a ele\u00a0no\u00a0Carnaval. A relatora do caso, Estela Aranha, que foi indicada \u00e0 corte eleitoral por Lula, rejeitou as a\u00e7\u00f5es sob o argumento de [&hellip;]<\/p>\n","protected":false},"author":1,"featured_media":48791,"comment_status":"closed","ping_status":"closed","sticky":false,"template":"","format":"standard","meta":{"om_disable_all_campaigns":false,"rop_custom_images_group":[],"rop_custom_messages_group":[],"rop_publish_now":"initial","rop_publish_now_accounts":[],"rop_publish_now_history":[],"rop_publish_now_status":"pending","_exactmetrics_skip_tracking":false,"footnotes":""},"categories":[21],"tags":[],"class_list":["post-48790","post","type-post","status-publish","format-standard","has-post-thumbnail","hentry","category-brasil"],"aioseo_notices":[],"aioseo_head":"\n\t\t<!-- All in One SEO 4.9.10 - aioseo.com -->\n\t<meta name=\"description\" content=\"O TSE (Tribunal Superior Eleitoral) rejeitou, em decis\u00e3o un\u00e2nime, nesta quinta-feira (12) dois pedidos de representa\u00e7\u00e3o por propaganda eleitoral antecipada contra o presidente Lula, o PT e a Acad\u00eamicos de Niter\u00f3i, que far\u00e1 desfile em homenagem a ele no Carnaval. A relatora do caso, Estela Aranha, que foi indicada \u00e0 corte eleitoral por Lula, rejeitou as a\u00e7\u00f5es sob o argumento de\" \/>\n\t<meta name=\"robots\" content=\"max-image-preview:large\" \/>\n\t<meta name=\"author\" content=\"administrador\"\/>\n\t<link rel=\"canonical\" href=\"https:\/\/newsinfoco.com.br\/inicio\/tse-rejeita-barrar-samba-enredo-em-homenagem-a-lula-mas-carmen-fala-em-risco-de-ilicito\/\" \/>\n\t<meta name=\"generator\" content=\"All in One SEO (AIOSEO) 4.9.10\" \/>\n\t\t<meta property=\"og:locale\" content=\"pt_BR\" \/>\n\t\t<meta property=\"og:site_name\" content=\"News In Foco - Editado por Caio Pimenta - O principal site de noticias de Alagoinhas e regi\u00e3o\" \/>\n\t\t<meta property=\"og:type\" content=\"article\" \/>\n\t\t<meta property=\"og:title\" content=\"TSE rejeita barrar samba-enredo em homenagem a Lula, mas C\u00e1rmen fala em risco de il\u00edcito - News In Foco - Editado por Caio Pimenta\" \/>\n\t\t<meta property=\"og:description\" content=\"O TSE (Tribunal Superior Eleitoral) rejeitou, em decis\u00e3o un\u00e2nime, nesta quinta-feira (12) dois pedidos de representa\u00e7\u00e3o por propaganda eleitoral antecipada contra o presidente Lula, o PT e a Acad\u00eamicos de Niter\u00f3i, que far\u00e1 desfile em homenagem a ele no Carnaval. A relatora do caso, Estela Aranha, que foi indicada \u00e0 corte eleitoral por Lula, rejeitou as a\u00e7\u00f5es sob o argumento de\" \/>\n\t\t<meta property=\"og:url\" content=\"https:\/\/newsinfoco.com.br\/inicio\/tse-rejeita-barrar-samba-enredo-em-homenagem-a-lula-mas-carmen-fala-em-risco-de-ilicito\/\" \/>\n\t\t<meta property=\"article:published_time\" content=\"2026-02-12T21:15:33+00:00\" \/>\n\t\t<meta property=\"article:modified_time\" content=\"2026-02-12T21:15:33+00:00\" \/>\n\t\t<meta name=\"twitter:card\" content=\"summary_large_image\" \/>\n\t\t<meta name=\"twitter:title\" content=\"TSE rejeita barrar samba-enredo em homenagem a Lula, mas C\u00e1rmen fala em risco de il\u00edcito - News In Foco - Editado por Caio Pimenta\" \/>\n\t\t<meta name=\"twitter:description\" content=\"O TSE (Tribunal Superior Eleitoral) rejeitou, em decis\u00e3o un\u00e2nime, nesta quinta-feira (12) dois pedidos de representa\u00e7\u00e3o por propaganda eleitoral antecipada contra o presidente Lula, o PT e a Acad\u00eamicos de Niter\u00f3i, que far\u00e1 desfile em homenagem a ele no Carnaval. A relatora do caso, Estela Aranha, que foi indicada \u00e0 corte eleitoral por Lula, rejeitou as a\u00e7\u00f5es sob o argumento de\" \/>\n\t\t<script type=\"application\/ld+json\" class=\"aioseo-schema\">\n\t\t\t{\"@context\":\"https:\\\/\\\/schema.org\",\"@graph\":[{\"@type\":\"BlogPosting\",\"@id\":\"https:\\\/\\\/newsinfoco.com.br\\\/inicio\\\/tse-rejeita-barrar-samba-enredo-em-homenagem-a-lula-mas-carmen-fala-em-risco-de-ilicito\\\/#blogposting\",\"name\":\"TSE rejeita barrar samba-enredo em homenagem a Lula, mas C\\u00e1rmen fala em risco de il\\u00edcito - News In Foco - Editado por Caio Pimenta\",\"headline\":\"TSE rejeita barrar samba-enredo em homenagem a Lula, mas C\\u00e1rmen fala em risco de il\\u00edcito\",\"author\":{\"@id\":\"https:\\\/\\\/newsinfoco.com.br\\\/inicio\\\/author\\\/administrador\\\/#author\"},\"publisher\":{\"@id\":\"https:\\\/\\\/newsinfoco.com.br\\\/inicio\\\/#organization\"},\"image\":{\"@type\":\"ImageObject\",\"url\":\"https:\\\/\\\/newsinfoco.com.br\\\/inicio\\\/wp-content\\\/uploads\\\/2026\\\/02\\\/175813169168caf5eb17e56_1758131691_3x2_lg.jpg\",\"width\":1024,\"height\":683},\"datePublished\":\"2026-02-12T18:15:33-03:00\",\"dateModified\":\"2026-02-12T18:15:33-03:00\",\"inLanguage\":\"pt-BR\",\"mainEntityOfPage\":{\"@id\":\"https:\\\/\\\/newsinfoco.com.br\\\/inicio\\\/tse-rejeita-barrar-samba-enredo-em-homenagem-a-lula-mas-carmen-fala-em-risco-de-ilicito\\\/#webpage\"},\"isPartOf\":{\"@id\":\"https:\\\/\\\/newsinfoco.com.br\\\/inicio\\\/tse-rejeita-barrar-samba-enredo-em-homenagem-a-lula-mas-carmen-fala-em-risco-de-ilicito\\\/#webpage\"},\"articleSection\":\"Brasil\"},{\"@type\":\"BreadcrumbList\",\"@id\":\"https:\\\/\\\/newsinfoco.com.br\\\/inicio\\\/tse-rejeita-barrar-samba-enredo-em-homenagem-a-lula-mas-carmen-fala-em-risco-de-ilicito\\\/#breadcrumblist\",\"itemListElement\":[{\"@type\":\"ListItem\",\"@id\":\"https:\\\/\\\/newsinfoco.com.br\\\/inicio#listItem\",\"position\":1,\"name\":\"In\\u00edcio\",\"item\":\"https:\\\/\\\/newsinfoco.com.br\\\/inicio\",\"nextItem\":{\"@type\":\"ListItem\",\"@id\":\"https:\\\/\\\/newsinfoco.com.br\\\/inicio\\\/category\\\/brasil\\\/#listItem\",\"name\":\"Brasil\"}},{\"@type\":\"ListItem\",\"@id\":\"https:\\\/\\\/newsinfoco.com.br\\\/inicio\\\/category\\\/brasil\\\/#listItem\",\"position\":2,\"name\":\"Brasil\",\"item\":\"https:\\\/\\\/newsinfoco.com.br\\\/inicio\\\/category\\\/brasil\\\/\",\"nextItem\":{\"@type\":\"ListItem\",\"@id\":\"https:\\\/\\\/newsinfoco.com.br\\\/inicio\\\/tse-rejeita-barrar-samba-enredo-em-homenagem-a-lula-mas-carmen-fala-em-risco-de-ilicito\\\/#listItem\",\"name\":\"TSE rejeita barrar samba-enredo em homenagem a Lula, mas C\\u00e1rmen fala em risco de il\\u00edcito\"},\"previousItem\":{\"@type\":\"ListItem\",\"@id\":\"https:\\\/\\\/newsinfoco.com.br\\\/inicio#listItem\",\"name\":\"In\\u00edcio\"}},{\"@type\":\"ListItem\",\"@id\":\"https:\\\/\\\/newsinfoco.com.br\\\/inicio\\\/tse-rejeita-barrar-samba-enredo-em-homenagem-a-lula-mas-carmen-fala-em-risco-de-ilicito\\\/#listItem\",\"position\":3,\"name\":\"TSE rejeita barrar samba-enredo em homenagem a Lula, mas C\\u00e1rmen fala em risco de il\\u00edcito\",\"previousItem\":{\"@type\":\"ListItem\",\"@id\":\"https:\\\/\\\/newsinfoco.com.br\\\/inicio\\\/category\\\/brasil\\\/#listItem\",\"name\":\"Brasil\"}}]},{\"@type\":\"Organization\",\"@id\":\"https:\\\/\\\/newsinfoco.com.br\\\/inicio\\\/#organization\",\"name\":\"News In Foco - Editado por Caio Pimenta\",\"description\":\"O principal site de noticias de Alagoinhas e regi\\u00e3o\",\"url\":\"https:\\\/\\\/newsinfoco.com.br\\\/inicio\\\/\"},{\"@type\":\"Person\",\"@id\":\"https:\\\/\\\/newsinfoco.com.br\\\/inicio\\\/author\\\/administrador\\\/#author\",\"url\":\"https:\\\/\\\/newsinfoco.com.br\\\/inicio\\\/author\\\/administrador\\\/\",\"name\":\"administrador\",\"image\":{\"@type\":\"ImageObject\",\"@id\":\"https:\\\/\\\/newsinfoco.com.br\\\/inicio\\\/tse-rejeita-barrar-samba-enredo-em-homenagem-a-lula-mas-carmen-fala-em-risco-de-ilicito\\\/#authorImage\",\"url\":\"https:\\\/\\\/secure.gravatar.com\\\/avatar\\\/c17a617433de8c1dc9584bb79aab7563b46f5bb7e1728c9b17d9cc3ce6a08e49?s=96&d=mm&r=g\",\"width\":96,\"height\":96,\"caption\":\"administrador\"}},{\"@type\":\"WebPage\",\"@id\":\"https:\\\/\\\/newsinfoco.com.br\\\/inicio\\\/tse-rejeita-barrar-samba-enredo-em-homenagem-a-lula-mas-carmen-fala-em-risco-de-ilicito\\\/#webpage\",\"url\":\"https:\\\/\\\/newsinfoco.com.br\\\/inicio\\\/tse-rejeita-barrar-samba-enredo-em-homenagem-a-lula-mas-carmen-fala-em-risco-de-ilicito\\\/\",\"name\":\"TSE rejeita barrar samba-enredo em homenagem a Lula, mas C\\u00e1rmen fala em risco de il\\u00edcito - News In Foco - Editado por Caio Pimenta\",\"description\":\"O TSE (Tribunal Superior Eleitoral) rejeitou, em decis\\u00e3o un\\u00e2nime, nesta quinta-feira (12) dois pedidos de representa\\u00e7\\u00e3o por propaganda eleitoral antecipada contra o presidente Lula, o PT e a Acad\\u00eamicos de Niter\\u00f3i, que far\\u00e1 desfile em homenagem a ele no Carnaval. A relatora do caso, Estela Aranha, que foi indicada \\u00e0 corte eleitoral por Lula, rejeitou as a\\u00e7\\u00f5es sob o argumento de\",\"inLanguage\":\"pt-BR\",\"isPartOf\":{\"@id\":\"https:\\\/\\\/newsinfoco.com.br\\\/inicio\\\/#website\"},\"breadcrumb\":{\"@id\":\"https:\\\/\\\/newsinfoco.com.br\\\/inicio\\\/tse-rejeita-barrar-samba-enredo-em-homenagem-a-lula-mas-carmen-fala-em-risco-de-ilicito\\\/#breadcrumblist\"},\"author\":{\"@id\":\"https:\\\/\\\/newsinfoco.com.br\\\/inicio\\\/author\\\/administrador\\\/#author\"},\"creator\":{\"@id\":\"https:\\\/\\\/newsinfoco.com.br\\\/inicio\\\/author\\\/administrador\\\/#author\"},\"image\":{\"@type\":\"ImageObject\",\"url\":\"https:\\\/\\\/newsinfoco.com.br\\\/inicio\\\/wp-content\\\/uploads\\\/2026\\\/02\\\/175813169168caf5eb17e56_1758131691_3x2_lg.jpg\",\"@id\":\"https:\\\/\\\/newsinfoco.com.br\\\/inicio\\\/tse-rejeita-barrar-samba-enredo-em-homenagem-a-lula-mas-carmen-fala-em-risco-de-ilicito\\\/#mainImage\",\"width\":1024,\"height\":683},\"primaryImageOfPage\":{\"@id\":\"https:\\\/\\\/newsinfoco.com.br\\\/inicio\\\/tse-rejeita-barrar-samba-enredo-em-homenagem-a-lula-mas-carmen-fala-em-risco-de-ilicito\\\/#mainImage\"},\"datePublished\":\"2026-02-12T18:15:33-03:00\",\"dateModified\":\"2026-02-12T18:15:33-03:00\"},{\"@type\":\"WebSite\",\"@id\":\"https:\\\/\\\/newsinfoco.com.br\\\/inicio\\\/#website\",\"url\":\"https:\\\/\\\/newsinfoco.com.br\\\/inicio\\\/\",\"name\":\"News In Foco - Editado por Caio Pimenta\",\"description\":\"O principal site de noticias de Alagoinhas e regi\\u00e3o\",\"inLanguage\":\"pt-BR\",\"publisher\":{\"@id\":\"https:\\\/\\\/newsinfoco.com.br\\\/inicio\\\/#organization\"}}]}\n\t\t<\/script>\n\t\t<!-- All in One SEO -->\n\n","aioseo_head_json":{"title":"TSE rejeita barrar samba-enredo em homenagem a Lula, mas C\u00e1rmen fala em risco de il\u00edcito - News In Foco - Editado por Caio Pimenta","description":"O TSE (Tribunal Superior Eleitoral) rejeitou, em decis\u00e3o un\u00e2nime, nesta quinta-feira (12) dois pedidos de representa\u00e7\u00e3o por propaganda eleitoral antecipada contra o presidente Lula, o PT e a Acad\u00eamicos de Niter\u00f3i, que far\u00e1 desfile em homenagem a ele no Carnaval. A relatora do caso, Estela Aranha, que foi indicada \u00e0 corte eleitoral por Lula, rejeitou as a\u00e7\u00f5es sob o argumento de","canonical_url":"https:\/\/newsinfoco.com.br\/inicio\/tse-rejeita-barrar-samba-enredo-em-homenagem-a-lula-mas-carmen-fala-em-risco-de-ilicito\/","robots":"max-image-preview:large","keywords":"","webmasterTools":{"miscellaneous":""},"schema":{"@context":"https:\/\/schema.org","@graph":[{"@type":"BlogPosting","@id":"https:\/\/newsinfoco.com.br\/inicio\/tse-rejeita-barrar-samba-enredo-em-homenagem-a-lula-mas-carmen-fala-em-risco-de-ilicito\/#blogposting","name":"TSE rejeita barrar samba-enredo em homenagem a Lula, mas C\u00e1rmen fala em risco de il\u00edcito - News In Foco - Editado por Caio Pimenta","headline":"TSE rejeita barrar samba-enredo em homenagem a Lula, mas C\u00e1rmen fala em risco de il\u00edcito","author":{"@id":"https:\/\/newsinfoco.com.br\/inicio\/author\/administrador\/#author"},"publisher":{"@id":"https:\/\/newsinfoco.com.br\/inicio\/#organization"},"image":{"@type":"ImageObject","url":"https:\/\/newsinfoco.com.br\/inicio\/wp-content\/uploads\/2026\/02\/175813169168caf5eb17e56_1758131691_3x2_lg.jpg","width":1024,"height":683},"datePublished":"2026-02-12T18:15:33-03:00","dateModified":"2026-02-12T18:15:33-03:00","inLanguage":"pt-BR","mainEntityOfPage":{"@id":"https:\/\/newsinfoco.com.br\/inicio\/tse-rejeita-barrar-samba-enredo-em-homenagem-a-lula-mas-carmen-fala-em-risco-de-ilicito\/#webpage"},"isPartOf":{"@id":"https:\/\/newsinfoco.com.br\/inicio\/tse-rejeita-barrar-samba-enredo-em-homenagem-a-lula-mas-carmen-fala-em-risco-de-ilicito\/#webpage"},"articleSection":"Brasil"},{"@type":"BreadcrumbList","@id":"https:\/\/newsinfoco.com.br\/inicio\/tse-rejeita-barrar-samba-enredo-em-homenagem-a-lula-mas-carmen-fala-em-risco-de-ilicito\/#breadcrumblist","itemListElement":[{"@type":"ListItem","@id":"https:\/\/newsinfoco.com.br\/inicio#listItem","position":1,"name":"In\u00edcio","item":"https:\/\/newsinfoco.com.br\/inicio","nextItem":{"@type":"ListItem","@id":"https:\/\/newsinfoco.com.br\/inicio\/category\/brasil\/#listItem","name":"Brasil"}},{"@type":"ListItem","@id":"https:\/\/newsinfoco.com.br\/inicio\/category\/brasil\/#listItem","position":2,"name":"Brasil","item":"https:\/\/newsinfoco.com.br\/inicio\/category\/brasil\/","nextItem":{"@type":"ListItem","@id":"https:\/\/newsinfoco.com.br\/inicio\/tse-rejeita-barrar-samba-enredo-em-homenagem-a-lula-mas-carmen-fala-em-risco-de-ilicito\/#listItem","name":"TSE rejeita barrar samba-enredo em homenagem a Lula, mas C\u00e1rmen fala em risco de il\u00edcito"},"previousItem":{"@type":"ListItem","@id":"https:\/\/newsinfoco.com.br\/inicio#listItem","name":"In\u00edcio"}},{"@type":"ListItem","@id":"https:\/\/newsinfoco.com.br\/inicio\/tse-rejeita-barrar-samba-enredo-em-homenagem-a-lula-mas-carmen-fala-em-risco-de-ilicito\/#listItem","position":3,"name":"TSE rejeita barrar samba-enredo em homenagem a Lula, mas C\u00e1rmen fala em risco de il\u00edcito","previousItem":{"@type":"ListItem","@id":"https:\/\/newsinfoco.com.br\/inicio\/category\/brasil\/#listItem","name":"Brasil"}}]},{"@type":"Organization","@id":"https:\/\/newsinfoco.com.br\/inicio\/#organization","name":"News In Foco - Editado por Caio Pimenta","description":"O principal site de noticias de Alagoinhas e regi\u00e3o","url":"https:\/\/newsinfoco.com.br\/inicio\/"},{"@type":"Person","@id":"https:\/\/newsinfoco.com.br\/inicio\/author\/administrador\/#author","url":"https:\/\/newsinfoco.com.br\/inicio\/author\/administrador\/","name":"administrador","image":{"@type":"ImageObject","@id":"https:\/\/newsinfoco.com.br\/inicio\/tse-rejeita-barrar-samba-enredo-em-homenagem-a-lula-mas-carmen-fala-em-risco-de-ilicito\/#authorImage","url":"https:\/\/secure.gravatar.com\/avatar\/c17a617433de8c1dc9584bb79aab7563b46f5bb7e1728c9b17d9cc3ce6a08e49?s=96&d=mm&r=g","width":96,"height":96,"caption":"administrador"}},{"@type":"WebPage","@id":"https:\/\/newsinfoco.com.br\/inicio\/tse-rejeita-barrar-samba-enredo-em-homenagem-a-lula-mas-carmen-fala-em-risco-de-ilicito\/#webpage","url":"https:\/\/newsinfoco.com.br\/inicio\/tse-rejeita-barrar-samba-enredo-em-homenagem-a-lula-mas-carmen-fala-em-risco-de-ilicito\/","name":"TSE rejeita barrar samba-enredo em homenagem a Lula, mas C\u00e1rmen fala em risco de il\u00edcito - News In Foco - Editado por Caio Pimenta","description":"O TSE (Tribunal Superior Eleitoral) rejeitou, em decis\u00e3o un\u00e2nime, nesta quinta-feira (12) dois pedidos de representa\u00e7\u00e3o por propaganda eleitoral antecipada contra o presidente Lula, o PT e a Acad\u00eamicos de Niter\u00f3i, que far\u00e1 desfile em homenagem a ele no Carnaval. A relatora do caso, Estela Aranha, que foi indicada \u00e0 corte eleitoral por Lula, rejeitou as a\u00e7\u00f5es sob o argumento de","inLanguage":"pt-BR","isPartOf":{"@id":"https:\/\/newsinfoco.com.br\/inicio\/#website"},"breadcrumb":{"@id":"https:\/\/newsinfoco.com.br\/inicio\/tse-rejeita-barrar-samba-enredo-em-homenagem-a-lula-mas-carmen-fala-em-risco-de-ilicito\/#breadcrumblist"},"author":{"@id":"https:\/\/newsinfoco.com.br\/inicio\/author\/administrador\/#author"},"creator":{"@id":"https:\/\/newsinfoco.com.br\/inicio\/author\/administrador\/#author"},"image":{"@type":"ImageObject","url":"https:\/\/newsinfoco.com.br\/inicio\/wp-content\/uploads\/2026\/02\/175813169168caf5eb17e56_1758131691_3x2_lg.jpg","@id":"https:\/\/newsinfoco.com.br\/inicio\/tse-rejeita-barrar-samba-enredo-em-homenagem-a-lula-mas-carmen-fala-em-risco-de-ilicito\/#mainImage","width":1024,"height":683},"primaryImageOfPage":{"@id":"https:\/\/newsinfoco.com.br\/inicio\/tse-rejeita-barrar-samba-enredo-em-homenagem-a-lula-mas-carmen-fala-em-risco-de-ilicito\/#mainImage"},"datePublished":"2026-02-12T18:15:33-03:00","dateModified":"2026-02-12T18:15:33-03:00"},{"@type":"WebSite","@id":"https:\/\/newsinfoco.com.br\/inicio\/#website","url":"https:\/\/newsinfoco.com.br\/inicio\/","name":"News In Foco - Editado por Caio Pimenta","description":"O principal site de noticias de Alagoinhas e regi\u00e3o","inLanguage":"pt-BR","publisher":{"@id":"https:\/\/newsinfoco.com.br\/inicio\/#organization"}}]},"og:locale":"pt_BR","og:site_name":"News In Foco - Editado por Caio Pimenta - O principal site de noticias de Alagoinhas e regi\u00e3o","og:type":"article","og:title":"TSE rejeita barrar samba-enredo em homenagem a Lula, mas C\u00e1rmen fala em risco de il\u00edcito - News In Foco - Editado por Caio Pimenta","og:description":"O TSE (Tribunal Superior Eleitoral) rejeitou, em decis\u00e3o un\u00e2nime, nesta quinta-feira (12) dois pedidos de representa\u00e7\u00e3o por propaganda eleitoral antecipada contra o presidente Lula, o PT e a Acad\u00eamicos de Niter\u00f3i, que far\u00e1 desfile em homenagem a ele no Carnaval. A relatora do caso, Estela Aranha, que foi indicada \u00e0 corte eleitoral por Lula, rejeitou as a\u00e7\u00f5es sob o argumento de","og:url":"https:\/\/newsinfoco.com.br\/inicio\/tse-rejeita-barrar-samba-enredo-em-homenagem-a-lula-mas-carmen-fala-em-risco-de-ilicito\/","article:published_time":"2026-02-12T21:15:33+00:00","article:modified_time":"2026-02-12T21:15:33+00:00","twitter:card":"summary_large_image","twitter:title":"TSE rejeita barrar samba-enredo em homenagem a Lula, mas C\u00e1rmen fala em risco de il\u00edcito - News In Foco - Editado por Caio Pimenta","twitter:description":"O TSE (Tribunal Superior Eleitoral) rejeitou, em decis\u00e3o un\u00e2nime, nesta quinta-feira (12) dois pedidos de representa\u00e7\u00e3o por propaganda eleitoral antecipada contra o presidente Lula, o PT e a Acad\u00eamicos de Niter\u00f3i, que far\u00e1 desfile em homenagem a ele no Carnaval. A relatora do caso, Estela Aranha, que foi indicada \u00e0 corte eleitoral por Lula, rejeitou as a\u00e7\u00f5es sob o argumento de"},"aioseo_meta_data":{"post_id":"48790","title":null,"description":null,"keywords":null,"keyphrases":{"focus":{"keyphrase":"","score":0,"analysis":{"keyphraseInTitle":{"score":0,"maxScore":9,"error":1}}},"additional":[]},"primary_term":null,"canonical_url":null,"og_title":null,"og_description":null,"og_object_type":"default","og_image_type":"default","og_image_url":null,"og_image_width":null,"og_image_height":null,"og_image_custom_url":null,"og_image_custom_fields":null,"og_video":"","og_custom_url":null,"og_article_section":null,"og_article_tags":null,"twitter_use_og":false,"twitter_card":"default","twitter_image_type":"default","twitter_image_url":null,"twitter_image_custom_url":null,"twitter_image_custom_fields":null,"twitter_title":null,"twitter_description":null,"schema":{"blockGraphs":[],"customGraphs":[],"default":{"data":{"Article":[],"Course":[],"Dataset":[],"FAQPage":[],"Movie":[],"Person":[],"Product":[],"ProductReview":[],"Car":[],"Recipe":[],"Service":[],"SoftwareApplication":[],"WebPage":[]},"graphName":"BlogPosting","isEnabled":true},"graphs":[]},"schema_type":"default","schema_type_options":null,"pillar_content":false,"robots_default":true,"robots_noindex":false,"robots_noarchive":false,"robots_nosnippet":false,"robots_nofollow":false,"robots_noimageindex":false,"robots_noodp":false,"robots_notranslate":false,"robots_max_snippet":"-1","robots_max_videopreview":"-1","robots_max_imagepreview":"large","priority":null,"frequency":"default","local_seo":null,"breadcrumb_settings":null,"limit_modified_date":false,"ai":{"faqs":[],"keyPoints":[],"titles":[],"descriptions":[],"socialPosts":{"email":[],"linkedin":[],"twitter":[],"facebook":[],"instagram":[]}},"created":"2026-02-12 21:15:33","updated":"2026-02-12 21:29:09","seo_analyzer_scan_date":null},"aioseo_breadcrumb":"<div class=\"aioseo-breadcrumbs\"><span class=\"aioseo-breadcrumb\">\n\t\t\t<a href=\"https:\/\/newsinfoco.com.br\/inicio\" title=\"In\u00edcio\">In\u00edcio<\/a>\n\t\t<\/span><span class=\"aioseo-breadcrumb-separator\">&raquo;<\/span><span class=\"aioseo-breadcrumb\">\n\t\t\t<a href=\"https:\/\/newsinfoco.com.br\/inicio\/category\/brasil\/\" title=\"Brasil\">Brasil<\/a>\n\t\t<\/span><span class=\"aioseo-breadcrumb-separator\">&raquo;<\/span><span class=\"aioseo-breadcrumb\">\n\t\t\tTSE rejeita barrar samba-enredo em homenagem a Lula, mas C\u00e1rmen fala em risco de il\u00edcito\n\t\t<\/span><\/div>","aioseo_breadcrumb_json":[{"label":"In\u00edcio","link":"https:\/\/newsinfoco.com.br\/inicio"},{"label":"Brasil","link":"https:\/\/newsinfoco.com.br\/inicio\/category\/brasil\/"},{"label":"TSE rejeita barrar samba-enredo em homenagem a Lula, mas C\u00e1rmen fala em risco de il\u00edcito","link":"https:\/\/newsinfoco.com.br\/inicio\/tse-rejeita-barrar-samba-enredo-em-homenagem-a-lula-mas-carmen-fala-em-risco-de-ilicito\/"}],"_links":{"self":[{"href":"https:\/\/newsinfoco.com.br\/inicio\/wp-json\/wp\/v2\/posts\/48790","targetHints":{"allow":["GET"]}}],"collection":[{"href":"https:\/\/newsinfoco.com.br\/inicio\/wp-json\/wp\/v2\/posts"}],"about":[{"href":"https:\/\/newsinfoco.com.br\/inicio\/wp-json\/wp\/v2\/types\/post"}],"author":[{"embeddable":true,"href":"https:\/\/newsinfoco.com.br\/inicio\/wp-json\/wp\/v2\/users\/1"}],"replies":[{"embeddable":true,"href":"https:\/\/newsinfoco.com.br\/inicio\/wp-json\/wp\/v2\/comments?post=48790"}],"version-history":[{"count":1,"href":"https:\/\/newsinfoco.com.br\/inicio\/wp-json\/wp\/v2\/posts\/48790\/revisions"}],"predecessor-version":[{"id":48792,"href":"https:\/\/newsinfoco.com.br\/inicio\/wp-json\/wp\/v2\/posts\/48790\/revisions\/48792"}],"wp:featuredmedia":[{"embeddable":true,"href":"https:\/\/newsinfoco.com.br\/inicio\/wp-json\/wp\/v2\/media\/48791"}],"wp:attachment":[{"href":"https:\/\/newsinfoco.com.br\/inicio\/wp-json\/wp\/v2\/media?parent=48790"}],"wp:term":[{"taxonomy":"category","embeddable":true,"href":"https:\/\/newsinfoco.com.br\/inicio\/wp-json\/wp\/v2\/categories?post=48790"},{"taxonomy":"post_tag","embeddable":true,"href":"https:\/\/newsinfoco.com.br\/inicio\/wp-json\/wp\/v2\/tags?post=48790"}],"curies":[{"name":"wp","href":"https:\/\/api.w.org\/{rel}","templated":true}]}}