{"id":48797,"date":"2026-02-13T17:30:16","date_gmt":"2026-02-13T20:30:16","guid":{"rendered":"https:\/\/newsinfoco.com.br\/inicio\/?p=48797"},"modified":"2026-02-13T17:30:16","modified_gmt":"2026-02-13T20:30:16","slug":"historia-sobre-trilhos-ha-163-anos-alagoinhas-recebia-a-primeira-viagem-de-trem-de-passageiros-da-bahia","status":"publish","type":"post","link":"https:\/\/newsinfoco.com.br\/inicio\/historia-sobre-trilhos-ha-163-anos-alagoinhas-recebia-a-primeira-viagem-de-trem-de-passageiros-da-bahia\/","title":{"rendered":"Hist\u00f3ria sobre trilhos: h\u00e1 163 anos Alagoinhas recebia a primeira viagem de trem de passageiros da Bahia"},"content":{"rendered":"<p>Em 13 de fevereiro de 1863, o solo de Alagoinhas tremeu de uma forma diferente. N\u00e3o era um fen\u00f4meno da natureza, mas o peso do progresso que chegava sobre trilhos. Naquele dia \u2013 h\u00e1 exatos 163 anos \u2013, a cidade conhecida como P\u00f3rtico de Ouro do Sert\u00e3o Baiano era o destino final da primeira viagem de trem de passageiros da hist\u00f3ria da Bahia. A locomotiva e os vag\u00f5es, vindos da capital Salvador, inauguravam uma estrada de ferro que elevaria e levaria o nome de Alagoinhas por todos os cantos.<\/p>\n<p>Fundadora da Funda\u00e7\u00e3o Iraci Gama de Cultura (Figam), a professora Iraci Gama afirma, com orgulho, que o trem n\u00e3o chegou por acaso. \u201cFoi a produ\u00e7\u00e3o de fumo, dos nossos engenhos e a for\u00e7a do trabalho local que atra\u00edram os trilhos, transformando Alagoinhas no maior entroncamento ferrovi\u00e1rio do Norte e Nordeste brasileiro\u201d, diz.<\/p>\n<p>Para Iraci, falar da linha f\u00e9rrea \u00e9 evocar as saudosas \u201cMarias Fuma\u00e7a\u201d que realizavam o transporte de pessoas, mat\u00e9rias-primas e conduziam um futuro de desenvolvimento a partir da conex\u00e3o entre Salvador, a regi\u00e3o Metropolitana e o Agreste da Bahia.<\/p>\n<p>\u201cNo s\u00e9culo XIX, o governo tinha outros planos, queria levar os trilhos por Cachoeira, mas a for\u00e7a da nossa terra falou mais alto. O trem precisava passar por aqui, porque Alagoinhas j\u00e1 era um cora\u00e7\u00e3o pulsante de produ\u00e7\u00e3o. Como ignorar os fardos de fumo que sa\u00edam das nossas vilas? Como desprezar a riqueza que brotava dos nossos engenhos? A ferrovia veio para Alagoinhas por uma necessidade log\u00edstica, \u00e9 verdade, mas ela ficou porque encontrou um povo vocacionado ao trabalho\u201d, ressalta Iraci Gama.<\/p>\n<p><strong>Trilhos do futuro<\/strong><\/p>\n<p>Neste 13 de fevereiro de 2026, a hist\u00f3ria da primeira viagem de passageiros da Bahia ganha um novo significado. O projeto do Governo do Estado, de implantar o Ve\u00edculo Leve Sobre Trilhos (VLT) no trajeto de Salvador a Alagoinhas, passando por Cama\u00e7ari e Sim\u00f5es Filho, traz \u00e0 tona o velho desejo de retorno do transporte ferrovi\u00e1rio, e as lembran\u00e7as do passado abrem espa\u00e7o para a esperan\u00e7a em um futuro no qual o trem volte a ser ve\u00edculo de desenvolvimento da regi\u00e3o.<\/p>\n<p>Para Iraci Gama e para todos os entusiastas do modal, o projeto de ligar Salvador a Alagoinhas \u00e9 uma repara\u00e7\u00e3o hist\u00f3rica. \u201cPa\u00edses civilizados usam o trem como transporte b\u00e1sico. Isso trar\u00e1 um futuro no qual o apito voltar\u00e1 a ser o rel\u00f3gio da nossa gente. Quem sabe em um pr\u00f3ximo 13 de fevereiro, n\u00e3o estaremos na plataforma para embarcar e desembarcar passageiros? Alagoinhas merece, a Bahia precisa e a nossa hist\u00f3ria exige que o trem volte a correr pelas veias da nossa terra\u201d, conclui a fundadora da Figam.<\/p>\n<div align=\"right\"><\/div>\n<div class='share-to-whatsapp-wrapper'><div class='share-on-whsp'>Share on: <\/div><a data-text='Hist\u00f3ria sobre trilhos: h\u00e1 163 anos Alagoinhas recebia a primeira viagem de trem de passageiros da Bahia' data-link='https:\/\/newsinfoco.com.br\/inicio\/historia-sobre-trilhos-ha-163-anos-alagoinhas-recebia-a-primeira-viagem-de-trem-de-passageiros-da-bahia\/' class='whatsapp-button whatsapp-share'>WhatsApp<\/a><div class='clear '><\/div><\/div>","protected":false},"excerpt":{"rendered":"<p>Em 13 de fevereiro de 1863, o solo de Alagoinhas tremeu de uma forma diferente. N\u00e3o era um fen\u00f4meno da natureza, mas o peso do progresso que chegava sobre trilhos. Naquele dia \u2013 h\u00e1 exatos 163 anos \u2013, a cidade conhecida como P\u00f3rtico de Ouro do Sert\u00e3o Baiano era o destino final da primeira viagem [&hellip;]<\/p>\n","protected":false},"author":1,"featured_media":48798,"comment_status":"closed","ping_status":"closed","sticky":false,"template":"","format":"standard","meta":{"om_disable_all_campaigns":false,"rop_custom_images_group":[],"rop_custom_messages_group":[],"rop_publish_now":"initial","rop_publish_now_accounts":[],"rop_publish_now_history":[],"rop_publish_now_status":"pending","_exactmetrics_skip_tracking":false,"footnotes":""},"categories":[38,167],"tags":[],"class_list":["post-48797","post","type-post","status-publish","format-standard","has-post-thumbnail","hentry","category-alagoinhas-e-regiao","category-exclusivas"],"aioseo_notices":[],"aioseo_head":"\n\t\t<!-- All in One SEO 4.9.10 - aioseo.com -->\n\t<meta name=\"description\" content=\"Em 13 de fevereiro de 1863, o solo de Alagoinhas tremeu de uma forma diferente. N\u00e3o era um fen\u00f4meno da natureza, mas o peso do progresso que chegava sobre trilhos. Naquele dia \u2013 h\u00e1 exatos 163 anos \u2013, a cidade conhecida como P\u00f3rtico de Ouro do Sert\u00e3o Baiano era o destino final da primeira viagem\" \/>\n\t<meta name=\"robots\" content=\"max-image-preview:large\" \/>\n\t<meta name=\"author\" content=\"administrador\"\/>\n\t<link rel=\"canonical\" href=\"https:\/\/newsinfoco.com.br\/inicio\/historia-sobre-trilhos-ha-163-anos-alagoinhas-recebia-a-primeira-viagem-de-trem-de-passageiros-da-bahia\/\" \/>\n\t<meta name=\"generator\" content=\"All in One SEO (AIOSEO) 4.9.10\" \/>\n\t\t<meta property=\"og:locale\" content=\"pt_BR\" \/>\n\t\t<meta property=\"og:site_name\" content=\"News In Foco - Editado por Caio Pimenta - O principal site de noticias de Alagoinhas e regi\u00e3o\" \/>\n\t\t<meta property=\"og:type\" content=\"article\" \/>\n\t\t<meta property=\"og:title\" content=\"Hist\u00f3ria sobre trilhos: h\u00e1 163 anos Alagoinhas recebia a primeira viagem de trem de passageiros da Bahia - News In Foco - Editado por Caio Pimenta\" \/>\n\t\t<meta property=\"og:description\" content=\"Em 13 de fevereiro de 1863, o solo de Alagoinhas tremeu de uma forma diferente. N\u00e3o era um fen\u00f4meno da natureza, mas o peso do progresso que chegava sobre trilhos. Naquele dia \u2013 h\u00e1 exatos 163 anos \u2013, a cidade conhecida como P\u00f3rtico de Ouro do Sert\u00e3o Baiano era o destino final da primeira viagem\" \/>\n\t\t<meta property=\"og:url\" content=\"https:\/\/newsinfoco.com.br\/inicio\/historia-sobre-trilhos-ha-163-anos-alagoinhas-recebia-a-primeira-viagem-de-trem-de-passageiros-da-bahia\/\" \/>\n\t\t<meta property=\"article:published_time\" content=\"2026-02-13T20:30:16+00:00\" \/>\n\t\t<meta property=\"article:modified_time\" content=\"2026-02-13T20:30:16+00:00\" \/>\n\t\t<meta name=\"twitter:card\" content=\"summary_large_image\" \/>\n\t\t<meta name=\"twitter:title\" content=\"Hist\u00f3ria sobre trilhos: h\u00e1 163 anos Alagoinhas recebia a primeira viagem de trem de passageiros da Bahia - News In Foco - Editado por Caio Pimenta\" \/>\n\t\t<meta name=\"twitter:description\" content=\"Em 13 de fevereiro de 1863, o solo de Alagoinhas tremeu de uma forma diferente. N\u00e3o era um fen\u00f4meno da natureza, mas o peso do progresso que chegava sobre trilhos. Naquele dia \u2013 h\u00e1 exatos 163 anos \u2013, a cidade conhecida como P\u00f3rtico de Ouro do Sert\u00e3o Baiano era o destino final da primeira viagem\" \/>\n\t\t<script type=\"application\/ld+json\" class=\"aioseo-schema\">\n\t\t\t{\"@context\":\"https:\\\/\\\/schema.org\",\"@graph\":[{\"@type\":\"BlogPosting\",\"@id\":\"https:\\\/\\\/newsinfoco.com.br\\\/inicio\\\/historia-sobre-trilhos-ha-163-anos-alagoinhas-recebia-a-primeira-viagem-de-trem-de-passageiros-da-bahia\\\/#blogposting\",\"name\":\"Hist\\u00f3ria sobre trilhos: h\\u00e1 163 anos Alagoinhas recebia a primeira viagem de trem de passageiros da Bahia - News In Foco - Editado por Caio Pimenta\",\"headline\":\"Hist\\u00f3ria sobre trilhos: h\\u00e1 163 anos Alagoinhas recebia a primeira viagem de trem de passageiros da Bahia\",\"author\":{\"@id\":\"https:\\\/\\\/newsinfoco.com.br\\\/inicio\\\/author\\\/administrador\\\/#author\"},\"publisher\":{\"@id\":\"https:\\\/\\\/newsinfoco.com.br\\\/inicio\\\/#organization\"},\"image\":{\"@type\":\"ImageObject\",\"url\":\"https:\\\/\\\/newsinfoco.com.br\\\/inicio\\\/wp-content\\\/uploads\\\/2026\\\/02\\\/WhatsApp-Image-2026-02-13-at-10.44.24.jpeg\",\"width\":1600,\"height\":1066},\"datePublished\":\"2026-02-13T17:30:16-03:00\",\"dateModified\":\"2026-02-13T17:30:16-03:00\",\"inLanguage\":\"pt-BR\",\"mainEntityOfPage\":{\"@id\":\"https:\\\/\\\/newsinfoco.com.br\\\/inicio\\\/historia-sobre-trilhos-ha-163-anos-alagoinhas-recebia-a-primeira-viagem-de-trem-de-passageiros-da-bahia\\\/#webpage\"},\"isPartOf\":{\"@id\":\"https:\\\/\\\/newsinfoco.com.br\\\/inicio\\\/historia-sobre-trilhos-ha-163-anos-alagoinhas-recebia-a-primeira-viagem-de-trem-de-passageiros-da-bahia\\\/#webpage\"},\"articleSection\":\"Alagoinhas e Regi\\u00e3o, Manchete\"},{\"@type\":\"BreadcrumbList\",\"@id\":\"https:\\\/\\\/newsinfoco.com.br\\\/inicio\\\/historia-sobre-trilhos-ha-163-anos-alagoinhas-recebia-a-primeira-viagem-de-trem-de-passageiros-da-bahia\\\/#breadcrumblist\",\"itemListElement\":[{\"@type\":\"ListItem\",\"@id\":\"https:\\\/\\\/newsinfoco.com.br\\\/inicio#listItem\",\"position\":1,\"name\":\"In\\u00edcio\",\"item\":\"https:\\\/\\\/newsinfoco.com.br\\\/inicio\",\"nextItem\":{\"@type\":\"ListItem\",\"@id\":\"https:\\\/\\\/newsinfoco.com.br\\\/inicio\\\/category\\\/alagoinhas-e-regiao\\\/#listItem\",\"name\":\"Alagoinhas e Regi\\u00e3o\"}},{\"@type\":\"ListItem\",\"@id\":\"https:\\\/\\\/newsinfoco.com.br\\\/inicio\\\/category\\\/alagoinhas-e-regiao\\\/#listItem\",\"position\":2,\"name\":\"Alagoinhas e Regi\\u00e3o\",\"item\":\"https:\\\/\\\/newsinfoco.com.br\\\/inicio\\\/category\\\/alagoinhas-e-regiao\\\/\",\"nextItem\":{\"@type\":\"ListItem\",\"@id\":\"https:\\\/\\\/newsinfoco.com.br\\\/inicio\\\/historia-sobre-trilhos-ha-163-anos-alagoinhas-recebia-a-primeira-viagem-de-trem-de-passageiros-da-bahia\\\/#listItem\",\"name\":\"Hist\\u00f3ria sobre trilhos: h\\u00e1 163 anos Alagoinhas recebia a primeira viagem de trem de passageiros da Bahia\"},\"previousItem\":{\"@type\":\"ListItem\",\"@id\":\"https:\\\/\\\/newsinfoco.com.br\\\/inicio#listItem\",\"name\":\"In\\u00edcio\"}},{\"@type\":\"ListItem\",\"@id\":\"https:\\\/\\\/newsinfoco.com.br\\\/inicio\\\/historia-sobre-trilhos-ha-163-anos-alagoinhas-recebia-a-primeira-viagem-de-trem-de-passageiros-da-bahia\\\/#listItem\",\"position\":3,\"name\":\"Hist\\u00f3ria sobre trilhos: h\\u00e1 163 anos Alagoinhas recebia a primeira viagem de trem de passageiros da Bahia\",\"previousItem\":{\"@type\":\"ListItem\",\"@id\":\"https:\\\/\\\/newsinfoco.com.br\\\/inicio\\\/category\\\/alagoinhas-e-regiao\\\/#listItem\",\"name\":\"Alagoinhas e Regi\\u00e3o\"}}]},{\"@type\":\"Organization\",\"@id\":\"https:\\\/\\\/newsinfoco.com.br\\\/inicio\\\/#organization\",\"name\":\"News In Foco - Editado por Caio Pimenta\",\"description\":\"O principal site de noticias de Alagoinhas e regi\\u00e3o\",\"url\":\"https:\\\/\\\/newsinfoco.com.br\\\/inicio\\\/\"},{\"@type\":\"Person\",\"@id\":\"https:\\\/\\\/newsinfoco.com.br\\\/inicio\\\/author\\\/administrador\\\/#author\",\"url\":\"https:\\\/\\\/newsinfoco.com.br\\\/inicio\\\/author\\\/administrador\\\/\",\"name\":\"administrador\",\"image\":{\"@type\":\"ImageObject\",\"@id\":\"https:\\\/\\\/newsinfoco.com.br\\\/inicio\\\/historia-sobre-trilhos-ha-163-anos-alagoinhas-recebia-a-primeira-viagem-de-trem-de-passageiros-da-bahia\\\/#authorImage\",\"url\":\"https:\\\/\\\/secure.gravatar.com\\\/avatar\\\/c17a617433de8c1dc9584bb79aab7563b46f5bb7e1728c9b17d9cc3ce6a08e49?s=96&d=mm&r=g\",\"width\":96,\"height\":96,\"caption\":\"administrador\"}},{\"@type\":\"WebPage\",\"@id\":\"https:\\\/\\\/newsinfoco.com.br\\\/inicio\\\/historia-sobre-trilhos-ha-163-anos-alagoinhas-recebia-a-primeira-viagem-de-trem-de-passageiros-da-bahia\\\/#webpage\",\"url\":\"https:\\\/\\\/newsinfoco.com.br\\\/inicio\\\/historia-sobre-trilhos-ha-163-anos-alagoinhas-recebia-a-primeira-viagem-de-trem-de-passageiros-da-bahia\\\/\",\"name\":\"Hist\\u00f3ria sobre trilhos: h\\u00e1 163 anos Alagoinhas recebia a primeira viagem de trem de passageiros da Bahia - News In Foco - Editado por Caio Pimenta\",\"description\":\"Em 13 de fevereiro de 1863, o solo de Alagoinhas tremeu de uma forma diferente. N\\u00e3o era um fen\\u00f4meno da natureza, mas o peso do progresso que chegava sobre trilhos. Naquele dia \\u2013 h\\u00e1 exatos 163 anos \\u2013, a cidade conhecida como P\\u00f3rtico de Ouro do Sert\\u00e3o Baiano era o destino final da primeira viagem\",\"inLanguage\":\"pt-BR\",\"isPartOf\":{\"@id\":\"https:\\\/\\\/newsinfoco.com.br\\\/inicio\\\/#website\"},\"breadcrumb\":{\"@id\":\"https:\\\/\\\/newsinfoco.com.br\\\/inicio\\\/historia-sobre-trilhos-ha-163-anos-alagoinhas-recebia-a-primeira-viagem-de-trem-de-passageiros-da-bahia\\\/#breadcrumblist\"},\"author\":{\"@id\":\"https:\\\/\\\/newsinfoco.com.br\\\/inicio\\\/author\\\/administrador\\\/#author\"},\"creator\":{\"@id\":\"https:\\\/\\\/newsinfoco.com.br\\\/inicio\\\/author\\\/administrador\\\/#author\"},\"image\":{\"@type\":\"ImageObject\",\"url\":\"https:\\\/\\\/newsinfoco.com.br\\\/inicio\\\/wp-content\\\/uploads\\\/2026\\\/02\\\/WhatsApp-Image-2026-02-13-at-10.44.24.jpeg\",\"@id\":\"https:\\\/\\\/newsinfoco.com.br\\\/inicio\\\/historia-sobre-trilhos-ha-163-anos-alagoinhas-recebia-a-primeira-viagem-de-trem-de-passageiros-da-bahia\\\/#mainImage\",\"width\":1600,\"height\":1066},\"primaryImageOfPage\":{\"@id\":\"https:\\\/\\\/newsinfoco.com.br\\\/inicio\\\/historia-sobre-trilhos-ha-163-anos-alagoinhas-recebia-a-primeira-viagem-de-trem-de-passageiros-da-bahia\\\/#mainImage\"},\"datePublished\":\"2026-02-13T17:30:16-03:00\",\"dateModified\":\"2026-02-13T17:30:16-03:00\"},{\"@type\":\"WebSite\",\"@id\":\"https:\\\/\\\/newsinfoco.com.br\\\/inicio\\\/#website\",\"url\":\"https:\\\/\\\/newsinfoco.com.br\\\/inicio\\\/\",\"name\":\"News In Foco - Editado por Caio Pimenta\",\"description\":\"O principal site de noticias de Alagoinhas e regi\\u00e3o\",\"inLanguage\":\"pt-BR\",\"publisher\":{\"@id\":\"https:\\\/\\\/newsinfoco.com.br\\\/inicio\\\/#organization\"}}]}\n\t\t<\/script>\n\t\t<!-- All in One SEO -->\n\n","aioseo_head_json":{"title":"Hist\u00f3ria sobre trilhos: h\u00e1 163 anos Alagoinhas recebia a primeira viagem de trem de passageiros da Bahia - News In Foco - Editado por Caio Pimenta","description":"Em 13 de fevereiro de 1863, o solo de Alagoinhas tremeu de uma forma diferente. N\u00e3o era um fen\u00f4meno da natureza, mas o peso do progresso que chegava sobre trilhos. Naquele dia \u2013 h\u00e1 exatos 163 anos \u2013, a cidade conhecida como P\u00f3rtico de Ouro do Sert\u00e3o Baiano era o destino final da primeira viagem","canonical_url":"https:\/\/newsinfoco.com.br\/inicio\/historia-sobre-trilhos-ha-163-anos-alagoinhas-recebia-a-primeira-viagem-de-trem-de-passageiros-da-bahia\/","robots":"max-image-preview:large","keywords":"","webmasterTools":{"miscellaneous":""},"schema":{"@context":"https:\/\/schema.org","@graph":[{"@type":"BlogPosting","@id":"https:\/\/newsinfoco.com.br\/inicio\/historia-sobre-trilhos-ha-163-anos-alagoinhas-recebia-a-primeira-viagem-de-trem-de-passageiros-da-bahia\/#blogposting","name":"Hist\u00f3ria sobre trilhos: h\u00e1 163 anos Alagoinhas recebia a primeira viagem de trem de passageiros da Bahia - News In Foco - Editado por Caio Pimenta","headline":"Hist\u00f3ria sobre trilhos: h\u00e1 163 anos Alagoinhas recebia a primeira viagem de trem de passageiros da Bahia","author":{"@id":"https:\/\/newsinfoco.com.br\/inicio\/author\/administrador\/#author"},"publisher":{"@id":"https:\/\/newsinfoco.com.br\/inicio\/#organization"},"image":{"@type":"ImageObject","url":"https:\/\/newsinfoco.com.br\/inicio\/wp-content\/uploads\/2026\/02\/WhatsApp-Image-2026-02-13-at-10.44.24.jpeg","width":1600,"height":1066},"datePublished":"2026-02-13T17:30:16-03:00","dateModified":"2026-02-13T17:30:16-03:00","inLanguage":"pt-BR","mainEntityOfPage":{"@id":"https:\/\/newsinfoco.com.br\/inicio\/historia-sobre-trilhos-ha-163-anos-alagoinhas-recebia-a-primeira-viagem-de-trem-de-passageiros-da-bahia\/#webpage"},"isPartOf":{"@id":"https:\/\/newsinfoco.com.br\/inicio\/historia-sobre-trilhos-ha-163-anos-alagoinhas-recebia-a-primeira-viagem-de-trem-de-passageiros-da-bahia\/#webpage"},"articleSection":"Alagoinhas e Regi\u00e3o, Manchete"},{"@type":"BreadcrumbList","@id":"https:\/\/newsinfoco.com.br\/inicio\/historia-sobre-trilhos-ha-163-anos-alagoinhas-recebia-a-primeira-viagem-de-trem-de-passageiros-da-bahia\/#breadcrumblist","itemListElement":[{"@type":"ListItem","@id":"https:\/\/newsinfoco.com.br\/inicio#listItem","position":1,"name":"In\u00edcio","item":"https:\/\/newsinfoco.com.br\/inicio","nextItem":{"@type":"ListItem","@id":"https:\/\/newsinfoco.com.br\/inicio\/category\/alagoinhas-e-regiao\/#listItem","name":"Alagoinhas e Regi\u00e3o"}},{"@type":"ListItem","@id":"https:\/\/newsinfoco.com.br\/inicio\/category\/alagoinhas-e-regiao\/#listItem","position":2,"name":"Alagoinhas e Regi\u00e3o","item":"https:\/\/newsinfoco.com.br\/inicio\/category\/alagoinhas-e-regiao\/","nextItem":{"@type":"ListItem","@id":"https:\/\/newsinfoco.com.br\/inicio\/historia-sobre-trilhos-ha-163-anos-alagoinhas-recebia-a-primeira-viagem-de-trem-de-passageiros-da-bahia\/#listItem","name":"Hist\u00f3ria sobre trilhos: h\u00e1 163 anos Alagoinhas recebia a primeira viagem de trem de passageiros da Bahia"},"previousItem":{"@type":"ListItem","@id":"https:\/\/newsinfoco.com.br\/inicio#listItem","name":"In\u00edcio"}},{"@type":"ListItem","@id":"https:\/\/newsinfoco.com.br\/inicio\/historia-sobre-trilhos-ha-163-anos-alagoinhas-recebia-a-primeira-viagem-de-trem-de-passageiros-da-bahia\/#listItem","position":3,"name":"Hist\u00f3ria sobre trilhos: h\u00e1 163 anos Alagoinhas recebia a primeira viagem de trem de passageiros da Bahia","previousItem":{"@type":"ListItem","@id":"https:\/\/newsinfoco.com.br\/inicio\/category\/alagoinhas-e-regiao\/#listItem","name":"Alagoinhas e Regi\u00e3o"}}]},{"@type":"Organization","@id":"https:\/\/newsinfoco.com.br\/inicio\/#organization","name":"News In Foco - Editado por Caio Pimenta","description":"O principal site de noticias de Alagoinhas e regi\u00e3o","url":"https:\/\/newsinfoco.com.br\/inicio\/"},{"@type":"Person","@id":"https:\/\/newsinfoco.com.br\/inicio\/author\/administrador\/#author","url":"https:\/\/newsinfoco.com.br\/inicio\/author\/administrador\/","name":"administrador","image":{"@type":"ImageObject","@id":"https:\/\/newsinfoco.com.br\/inicio\/historia-sobre-trilhos-ha-163-anos-alagoinhas-recebia-a-primeira-viagem-de-trem-de-passageiros-da-bahia\/#authorImage","url":"https:\/\/secure.gravatar.com\/avatar\/c17a617433de8c1dc9584bb79aab7563b46f5bb7e1728c9b17d9cc3ce6a08e49?s=96&d=mm&r=g","width":96,"height":96,"caption":"administrador"}},{"@type":"WebPage","@id":"https:\/\/newsinfoco.com.br\/inicio\/historia-sobre-trilhos-ha-163-anos-alagoinhas-recebia-a-primeira-viagem-de-trem-de-passageiros-da-bahia\/#webpage","url":"https:\/\/newsinfoco.com.br\/inicio\/historia-sobre-trilhos-ha-163-anos-alagoinhas-recebia-a-primeira-viagem-de-trem-de-passageiros-da-bahia\/","name":"Hist\u00f3ria sobre trilhos: h\u00e1 163 anos Alagoinhas recebia a primeira viagem de trem de passageiros da Bahia - News In Foco - Editado por Caio Pimenta","description":"Em 13 de fevereiro de 1863, o solo de Alagoinhas tremeu de uma forma diferente. N\u00e3o era um fen\u00f4meno da natureza, mas o peso do progresso que chegava sobre trilhos. Naquele dia \u2013 h\u00e1 exatos 163 anos \u2013, a cidade conhecida como P\u00f3rtico de Ouro do Sert\u00e3o Baiano era o destino final da primeira viagem","inLanguage":"pt-BR","isPartOf":{"@id":"https:\/\/newsinfoco.com.br\/inicio\/#website"},"breadcrumb":{"@id":"https:\/\/newsinfoco.com.br\/inicio\/historia-sobre-trilhos-ha-163-anos-alagoinhas-recebia-a-primeira-viagem-de-trem-de-passageiros-da-bahia\/#breadcrumblist"},"author":{"@id":"https:\/\/newsinfoco.com.br\/inicio\/author\/administrador\/#author"},"creator":{"@id":"https:\/\/newsinfoco.com.br\/inicio\/author\/administrador\/#author"},"image":{"@type":"ImageObject","url":"https:\/\/newsinfoco.com.br\/inicio\/wp-content\/uploads\/2026\/02\/WhatsApp-Image-2026-02-13-at-10.44.24.jpeg","@id":"https:\/\/newsinfoco.com.br\/inicio\/historia-sobre-trilhos-ha-163-anos-alagoinhas-recebia-a-primeira-viagem-de-trem-de-passageiros-da-bahia\/#mainImage","width":1600,"height":1066},"primaryImageOfPage":{"@id":"https:\/\/newsinfoco.com.br\/inicio\/historia-sobre-trilhos-ha-163-anos-alagoinhas-recebia-a-primeira-viagem-de-trem-de-passageiros-da-bahia\/#mainImage"},"datePublished":"2026-02-13T17:30:16-03:00","dateModified":"2026-02-13T17:30:16-03:00"},{"@type":"WebSite","@id":"https:\/\/newsinfoco.com.br\/inicio\/#website","url":"https:\/\/newsinfoco.com.br\/inicio\/","name":"News In Foco - Editado por Caio Pimenta","description":"O principal site de noticias de Alagoinhas e regi\u00e3o","inLanguage":"pt-BR","publisher":{"@id":"https:\/\/newsinfoco.com.br\/inicio\/#organization"}}]},"og:locale":"pt_BR","og:site_name":"News In Foco - Editado por Caio Pimenta - O principal site de noticias de Alagoinhas e regi\u00e3o","og:type":"article","og:title":"Hist\u00f3ria sobre trilhos: h\u00e1 163 anos Alagoinhas recebia a primeira viagem de trem de passageiros da Bahia - News In Foco - Editado por Caio Pimenta","og:description":"Em 13 de fevereiro de 1863, o solo de Alagoinhas tremeu de uma forma diferente. N\u00e3o era um fen\u00f4meno da natureza, mas o peso do progresso que chegava sobre trilhos. Naquele dia \u2013 h\u00e1 exatos 163 anos \u2013, a cidade conhecida como P\u00f3rtico de Ouro do Sert\u00e3o Baiano era o destino final da primeira viagem","og:url":"https:\/\/newsinfoco.com.br\/inicio\/historia-sobre-trilhos-ha-163-anos-alagoinhas-recebia-a-primeira-viagem-de-trem-de-passageiros-da-bahia\/","article:published_time":"2026-02-13T20:30:16+00:00","article:modified_time":"2026-02-13T20:30:16+00:00","twitter:card":"summary_large_image","twitter:title":"Hist\u00f3ria sobre trilhos: h\u00e1 163 anos Alagoinhas recebia a primeira viagem de trem de passageiros da Bahia - News In Foco - Editado por Caio Pimenta","twitter:description":"Em 13 de fevereiro de 1863, o solo de Alagoinhas tremeu de uma forma diferente. N\u00e3o era um fen\u00f4meno da natureza, mas o peso do progresso que chegava sobre trilhos. Naquele dia \u2013 h\u00e1 exatos 163 anos \u2013, a cidade conhecida como P\u00f3rtico de Ouro do Sert\u00e3o Baiano era o destino final da primeira viagem"},"aioseo_meta_data":{"post_id":"48797","title":null,"description":null,"keywords":null,"keyphrases":{"focus":{"keyphrase":"","score":0,"analysis":{"keyphraseInTitle":{"score":0,"maxScore":9,"error":1}}},"additional":[]},"primary_term":null,"canonical_url":null,"og_title":null,"og_description":null,"og_object_type":"default","og_image_type":"default","og_image_url":null,"og_image_width":null,"og_image_height":null,"og_image_custom_url":null,"og_image_custom_fields":null,"og_video":"","og_custom_url":null,"og_article_section":null,"og_article_tags":null,"twitter_use_og":false,"twitter_card":"default","twitter_image_type":"default","twitter_image_url":null,"twitter_image_custom_url":null,"twitter_image_custom_fields":null,"twitter_title":null,"twitter_description":null,"schema":{"blockGraphs":[],"customGraphs":[],"default":{"data":{"Article":[],"Course":[],"Dataset":[],"FAQPage":[],"Movie":[],"Person":[],"Product":[],"ProductReview":[],"Car":[],"Recipe":[],"Service":[],"SoftwareApplication":[],"WebPage":[]},"graphName":"BlogPosting","isEnabled":true},"graphs":[]},"schema_type":"default","schema_type_options":null,"pillar_content":false,"robots_default":true,"robots_noindex":false,"robots_noarchive":false,"robots_nosnippet":false,"robots_nofollow":false,"robots_noimageindex":false,"robots_noodp":false,"robots_notranslate":false,"robots_max_snippet":"-1","robots_max_videopreview":"-1","robots_max_imagepreview":"large","priority":null,"frequency":"default","local_seo":null,"breadcrumb_settings":null,"limit_modified_date":false,"ai":{"faqs":[],"keyPoints":[],"titles":[],"descriptions":[],"socialPosts":{"email":[],"linkedin":[],"twitter":[],"facebook":[],"instagram":[]}},"created":"2026-02-13 20:30:17","updated":"2026-02-13 20:35:47","seo_analyzer_scan_date":null},"aioseo_breadcrumb":"<div class=\"aioseo-breadcrumbs\"><span class=\"aioseo-breadcrumb\">\n\t\t\t<a href=\"https:\/\/newsinfoco.com.br\/inicio\" title=\"In\u00edcio\">In\u00edcio<\/a>\n\t\t<\/span><span class=\"aioseo-breadcrumb-separator\">&raquo;<\/span><span class=\"aioseo-breadcrumb\">\n\t\t\t<a href=\"https:\/\/newsinfoco.com.br\/inicio\/category\/alagoinhas-e-regiao\/\" title=\"Alagoinhas e Regi\u00e3o\">Alagoinhas e Regi\u00e3o<\/a>\n\t\t<\/span><span class=\"aioseo-breadcrumb-separator\">&raquo;<\/span><span class=\"aioseo-breadcrumb\">\n\t\t\tHist\u00f3ria sobre trilhos: h\u00e1 163 anos Alagoinhas recebia a primeira viagem de trem de passageiros da Bahia\n\t\t<\/span><\/div>","aioseo_breadcrumb_json":[{"label":"In\u00edcio","link":"https:\/\/newsinfoco.com.br\/inicio"},{"label":"Alagoinhas e Regi\u00e3o","link":"https:\/\/newsinfoco.com.br\/inicio\/category\/alagoinhas-e-regiao\/"},{"label":"Hist\u00f3ria sobre trilhos: h\u00e1 163 anos Alagoinhas recebia a primeira viagem de trem de passageiros da Bahia","link":"https:\/\/newsinfoco.com.br\/inicio\/historia-sobre-trilhos-ha-163-anos-alagoinhas-recebia-a-primeira-viagem-de-trem-de-passageiros-da-bahia\/"}],"_links":{"self":[{"href":"https:\/\/newsinfoco.com.br\/inicio\/wp-json\/wp\/v2\/posts\/48797","targetHints":{"allow":["GET"]}}],"collection":[{"href":"https:\/\/newsinfoco.com.br\/inicio\/wp-json\/wp\/v2\/posts"}],"about":[{"href":"https:\/\/newsinfoco.com.br\/inicio\/wp-json\/wp\/v2\/types\/post"}],"author":[{"embeddable":true,"href":"https:\/\/newsinfoco.com.br\/inicio\/wp-json\/wp\/v2\/users\/1"}],"replies":[{"embeddable":true,"href":"https:\/\/newsinfoco.com.br\/inicio\/wp-json\/wp\/v2\/comments?post=48797"}],"version-history":[{"count":1,"href":"https:\/\/newsinfoco.com.br\/inicio\/wp-json\/wp\/v2\/posts\/48797\/revisions"}],"predecessor-version":[{"id":48799,"href":"https:\/\/newsinfoco.com.br\/inicio\/wp-json\/wp\/v2\/posts\/48797\/revisions\/48799"}],"wp:featuredmedia":[{"embeddable":true,"href":"https:\/\/newsinfoco.com.br\/inicio\/wp-json\/wp\/v2\/media\/48798"}],"wp:attachment":[{"href":"https:\/\/newsinfoco.com.br\/inicio\/wp-json\/wp\/v2\/media?parent=48797"}],"wp:term":[{"taxonomy":"category","embeddable":true,"href":"https:\/\/newsinfoco.com.br\/inicio\/wp-json\/wp\/v2\/categories?post=48797"},{"taxonomy":"post_tag","embeddable":true,"href":"https:\/\/newsinfoco.com.br\/inicio\/wp-json\/wp\/v2\/tags?post=48797"}],"curies":[{"name":"wp","href":"https:\/\/api.w.org\/{rel}","templated":true}]}}