{"id":48806,"date":"2026-02-13T18:02:00","date_gmt":"2026-02-13T21:02:00","guid":{"rendered":"https:\/\/newsinfoco.com.br\/inicio\/?p=48806"},"modified":"2026-02-13T18:02:00","modified_gmt":"2026-02-13T21:02:00","slug":"prefeitura-organiza-desfile-de-bloco-para-pessoas-com-deficiencia-no-campo-grande","status":"publish","type":"post","link":"https:\/\/newsinfoco.com.br\/inicio\/prefeitura-organiza-desfile-de-bloco-para-pessoas-com-deficiencia-no-campo-grande\/","title":{"rendered":"Prefeitura organiza desfile de bloco para pessoas com defici\u00eancia no Campo Grande"},"content":{"rendered":"<div class=\"conteudo_post\">\n<p>Em 2026, cerca de 80 pessoas ir\u00e3o vestir a camisa da inclus\u00e3o e participar do primeiro bloco para pessoas com defici\u00eancia (PCDs) no Carnaval de Salvador. Trata-se do Furduncinho, que ir\u00e1 desfilar neste s\u00e1bado (14), pela manh\u00e3, na Avenida Sete de Setembro, Centro da cidade.<\/p>\n<p>A concentra\u00e7\u00e3o ser\u00e1 \u00e0s 9h30, em frente ao Camarote Acess\u00edvel da Prefeitura, exclusivo para PCDs, situado na Piedade. O bloco sair\u00e1 por volta das 10h em dire\u00e7\u00e3o \u00e0 Pra\u00e7a Castro Alves, sendo animado por um grupo de fanfarra.<\/p>\n<p>Amanda Matos, de 18 anos, ir\u00e1 desfilar em um triciclo assistido todo enfeitado de carruagem da Cinderela. O pai dela, Fred Matos, \u00e9 tamb\u00e9m idealizador do projeto Meu Sorriso, que disponibiliza bicicletas e ve\u00edculos adaptados para que pessoas com algum tipo de defici\u00eancia possam praticar esporte e ter momentos de intera\u00e7\u00e3o com os amigos e com a fam\u00edlia. Para ele, momentos como esse t\u00eam um significado especial.<\/p>\n<p>\u201cToda a a\u00e7\u00e3o para tirar algu\u00e9m de dentro de casa \u00e9 positiva. Quanto mais limitada for a mobilidade da pessoa com defici\u00eancia, mas ela tende a ficar em casa com os familiares e o cuidador. A nossa miss\u00e3o \u00e9 viver a vida da melhor forma poss\u00edvel. Quando a minha filha vai para algum lugar, inclusive o Carnaval, eu tamb\u00e9m estou indo com ela, ent\u00e3o \u00e9 uma divers\u00e3o em fam\u00edlia. Tem um significado diferente. A gente se diverte junto. Mesmo com mobilidade reduzida, ela se diverte no triciclo assistido, interage com outras crian\u00e7as e, nisso, a gente tem vida\u201d, afirma Fred.<\/p>\n<p>O projeto Meu Sorriso est\u00e1 disponibilizando, gratuitamente, equipamentos adaptados para que outras pessoas possam utilizar durante o desfile. Basta entrar em contato por meio do perfil do Instagram (@projeto.meusorriso) e fazer a solicita\u00e7\u00e3o.<\/p>\n<p>\u201cEsse vai ser o primeiro bloco de pessoas com defici\u00eancia da Prefeitura de Salvador. Teremos cadeira de rodas em formato de carruagem. A ideia \u00e9 fazer com que as PCDs que n\u00e3o t\u00eam acesso a um bloco de Carnaval possam se divertir, passear e curtir o Carnaval com suas fam\u00edlias\u201d, conta Daiane Pina, diretora da Secretaria Municipal de Promo\u00e7\u00e3o Social, Combate \u00e0 Pobreza, Esportes e Lazer (Sempre).<\/p>\n<p>A iniciativa est\u00e1 sendo organizada pela Diretoria de Pol\u00edticas P\u00fablicas para Pessoas com Defici\u00eancia (DPCD), com o apoio da Guarda Civil Municipal, da Funda\u00e7\u00e3o Greg\u00f3rio de Mattos (FGM) e da Prefeitura-Bairro Centro\/Brotas.<\/p>\n<div>\n<div>\n<div class=\"trv-player-container\">\n<div class=\"trv-wrapper\">\n<div id=\"br_video_player_75e60926de32f1d7a2c663d8f319ef9dc3c659f9\" class=\"trvd_video_player trvdinstream\">\u201cFazer parte desse momento e poder contribuir com essa iniciativa \u00e9 superimportante. A a\u00e7\u00e3o traz para participar tamb\u00e9m do nosso Carnaval, no circuito Osmar, pessoas que antes n\u00e3o tinham espa\u00e7o. O nosso Carnaval \u00e9 de inclus\u00e3o. Desde a log\u00edstica do percurso, organiza\u00e7\u00e3o do hor\u00e1rio e da dispers\u00e3o, atuamos para que possamos trazer essas pessoas com defici\u00eancia para dentro da festa, para que possam se divertir e levar alegria tanto para n\u00f3s como para as suas fam\u00edlias\u201d, diz Alan Muniz, gestor da Prefeitura-Bairro Centro\/Brotas.<\/div>\n<\/div>\n<\/div>\n<\/div>\n<\/div>\n<p>\u201cPensamos em um local mais pr\u00f3ximo da acessibilidade de transporte para a chegada e sa\u00edda, no hor\u00e1rio mais adequado e na alimenta\u00e7\u00e3o dessas pessoas. Eu fico muito feliz, como representante da Prefeitura-Bairro desse territ\u00f3rio, em poder contribuir\u201d, acrescenta.<\/p>\n<\/div>\n<div id=\"div-share\">Bahia.Ba<\/div>\n<div class='share-to-whatsapp-wrapper'><div class='share-on-whsp'>Share on: <\/div><a data-text='Prefeitura organiza desfile de bloco para pessoas com defici\u00eancia no Campo Grande' data-link='https:\/\/newsinfoco.com.br\/inicio\/prefeitura-organiza-desfile-de-bloco-para-pessoas-com-deficiencia-no-campo-grande\/' class='whatsapp-button whatsapp-share'>WhatsApp<\/a><div class='clear '><\/div><\/div>","protected":false},"excerpt":{"rendered":"<p>Em 2026, cerca de 80 pessoas ir\u00e3o vestir a camisa da inclus\u00e3o e participar do primeiro bloco para pessoas com defici\u00eancia (PCDs) no Carnaval de Salvador. Trata-se do Furduncinho, que ir\u00e1 desfilar neste s\u00e1bado (14), pela manh\u00e3, na Avenida Sete de Setembro, Centro da cidade. A concentra\u00e7\u00e3o ser\u00e1 \u00e0s 9h30, em frente ao Camarote Acess\u00edvel [&hellip;]<\/p>\n","protected":false},"author":1,"featured_media":48807,"comment_status":"closed","ping_status":"closed","sticky":false,"template":"","format":"standard","meta":{"om_disable_all_campaigns":false,"rop_custom_images_group":[],"rop_custom_messages_group":[],"rop_publish_now":"initial","rop_publish_now_accounts":[],"rop_publish_now_history":[],"rop_publish_now_status":"pending","_exactmetrics_skip_tracking":false,"footnotes":""},"categories":[19],"tags":[],"class_list":["post-48806","post","type-post","status-publish","format-standard","has-post-thumbnail","hentry","category-bahia"],"aioseo_notices":[],"aioseo_head":"\n\t\t<!-- All in One SEO 4.9.10 - aioseo.com -->\n\t<meta name=\"description\" content=\"Em 2026, cerca de 80 pessoas ir\u00e3o vestir a camisa da inclus\u00e3o e participar do primeiro bloco para pessoas com defici\u00eancia (PCDs) no Carnaval de Salvador. Trata-se do Furduncinho, que ir\u00e1 desfilar neste s\u00e1bado (14), pela manh\u00e3, na Avenida Sete de Setembro, Centro da cidade. A concentra\u00e7\u00e3o ser\u00e1 \u00e0s 9h30, em frente ao Camarote Acess\u00edvel\" \/>\n\t<meta name=\"robots\" content=\"max-image-preview:large\" \/>\n\t<meta name=\"author\" content=\"administrador\"\/>\n\t<link rel=\"canonical\" href=\"https:\/\/newsinfoco.com.br\/inicio\/prefeitura-organiza-desfile-de-bloco-para-pessoas-com-deficiencia-no-campo-grande\/\" \/>\n\t<meta name=\"generator\" content=\"All in One SEO (AIOSEO) 4.9.10\" \/>\n\t\t<meta property=\"og:locale\" content=\"pt_BR\" \/>\n\t\t<meta property=\"og:site_name\" content=\"News In Foco - Editado por Caio Pimenta - O principal site de noticias de Alagoinhas e regi\u00e3o\" \/>\n\t\t<meta property=\"og:type\" content=\"article\" \/>\n\t\t<meta property=\"og:title\" content=\"Prefeitura organiza desfile de bloco para pessoas com defici\u00eancia no Campo Grande - News In Foco - Editado por Caio Pimenta\" \/>\n\t\t<meta property=\"og:description\" content=\"Em 2026, cerca de 80 pessoas ir\u00e3o vestir a camisa da inclus\u00e3o e participar do primeiro bloco para pessoas com defici\u00eancia (PCDs) no Carnaval de Salvador. Trata-se do Furduncinho, que ir\u00e1 desfilar neste s\u00e1bado (14), pela manh\u00e3, na Avenida Sete de Setembro, Centro da cidade. A concentra\u00e7\u00e3o ser\u00e1 \u00e0s 9h30, em frente ao Camarote Acess\u00edvel\" \/>\n\t\t<meta property=\"og:url\" content=\"https:\/\/newsinfoco.com.br\/inicio\/prefeitura-organiza-desfile-de-bloco-para-pessoas-com-deficiencia-no-campo-grande\/\" \/>\n\t\t<meta property=\"article:published_time\" content=\"2026-02-13T21:02:00+00:00\" \/>\n\t\t<meta property=\"article:modified_time\" content=\"2026-02-13T21:02:00+00:00\" \/>\n\t\t<meta name=\"twitter:card\" content=\"summary_large_image\" \/>\n\t\t<meta name=\"twitter:title\" content=\"Prefeitura organiza desfile de bloco para pessoas com defici\u00eancia no Campo Grande - News In Foco - Editado por Caio Pimenta\" \/>\n\t\t<meta name=\"twitter:description\" content=\"Em 2026, cerca de 80 pessoas ir\u00e3o vestir a camisa da inclus\u00e3o e participar do primeiro bloco para pessoas com defici\u00eancia (PCDs) no Carnaval de Salvador. Trata-se do Furduncinho, que ir\u00e1 desfilar neste s\u00e1bado (14), pela manh\u00e3, na Avenida Sete de Setembro, Centro da cidade. A concentra\u00e7\u00e3o ser\u00e1 \u00e0s 9h30, em frente ao Camarote Acess\u00edvel\" \/>\n\t\t<script type=\"application\/ld+json\" class=\"aioseo-schema\">\n\t\t\t{\"@context\":\"https:\\\/\\\/schema.org\",\"@graph\":[{\"@type\":\"BlogPosting\",\"@id\":\"https:\\\/\\\/newsinfoco.com.br\\\/inicio\\\/prefeitura-organiza-desfile-de-bloco-para-pessoas-com-deficiencia-no-campo-grande\\\/#blogposting\",\"name\":\"Prefeitura organiza desfile de bloco para pessoas com defici\\u00eancia no Campo Grande - News In Foco - Editado por Caio Pimenta\",\"headline\":\"Prefeitura organiza desfile de bloco para pessoas com defici\\u00eancia no Campo Grande\",\"author\":{\"@id\":\"https:\\\/\\\/newsinfoco.com.br\\\/inicio\\\/author\\\/administrador\\\/#author\"},\"publisher\":{\"@id\":\"https:\\\/\\\/newsinfoco.com.br\\\/inicio\\\/#organization\"},\"image\":{\"@type\":\"ImageObject\",\"url\":\"https:\\\/\\\/newsinfoco.com.br\\\/inicio\\\/wp-content\\\/uploads\\\/2026\\\/02\\\/Camarote-PCD-no-Carnaval-de-Salvador-2024-Foto-Joja-OGueiros-Secom-PMS6-1024x683-1-1.jpg\",\"width\":1024,\"height\":683},\"datePublished\":\"2026-02-13T18:02:00-03:00\",\"dateModified\":\"2026-02-13T18:02:00-03:00\",\"inLanguage\":\"pt-BR\",\"mainEntityOfPage\":{\"@id\":\"https:\\\/\\\/newsinfoco.com.br\\\/inicio\\\/prefeitura-organiza-desfile-de-bloco-para-pessoas-com-deficiencia-no-campo-grande\\\/#webpage\"},\"isPartOf\":{\"@id\":\"https:\\\/\\\/newsinfoco.com.br\\\/inicio\\\/prefeitura-organiza-desfile-de-bloco-para-pessoas-com-deficiencia-no-campo-grande\\\/#webpage\"},\"articleSection\":\"Bahia\"},{\"@type\":\"BreadcrumbList\",\"@id\":\"https:\\\/\\\/newsinfoco.com.br\\\/inicio\\\/prefeitura-organiza-desfile-de-bloco-para-pessoas-com-deficiencia-no-campo-grande\\\/#breadcrumblist\",\"itemListElement\":[{\"@type\":\"ListItem\",\"@id\":\"https:\\\/\\\/newsinfoco.com.br\\\/inicio#listItem\",\"position\":1,\"name\":\"In\\u00edcio\",\"item\":\"https:\\\/\\\/newsinfoco.com.br\\\/inicio\",\"nextItem\":{\"@type\":\"ListItem\",\"@id\":\"https:\\\/\\\/newsinfoco.com.br\\\/inicio\\\/category\\\/bahia\\\/#listItem\",\"name\":\"Bahia\"}},{\"@type\":\"ListItem\",\"@id\":\"https:\\\/\\\/newsinfoco.com.br\\\/inicio\\\/category\\\/bahia\\\/#listItem\",\"position\":2,\"name\":\"Bahia\",\"item\":\"https:\\\/\\\/newsinfoco.com.br\\\/inicio\\\/category\\\/bahia\\\/\",\"nextItem\":{\"@type\":\"ListItem\",\"@id\":\"https:\\\/\\\/newsinfoco.com.br\\\/inicio\\\/prefeitura-organiza-desfile-de-bloco-para-pessoas-com-deficiencia-no-campo-grande\\\/#listItem\",\"name\":\"Prefeitura organiza desfile de bloco para pessoas com defici\\u00eancia no Campo Grande\"},\"previousItem\":{\"@type\":\"ListItem\",\"@id\":\"https:\\\/\\\/newsinfoco.com.br\\\/inicio#listItem\",\"name\":\"In\\u00edcio\"}},{\"@type\":\"ListItem\",\"@id\":\"https:\\\/\\\/newsinfoco.com.br\\\/inicio\\\/prefeitura-organiza-desfile-de-bloco-para-pessoas-com-deficiencia-no-campo-grande\\\/#listItem\",\"position\":3,\"name\":\"Prefeitura organiza desfile de bloco para pessoas com defici\\u00eancia no Campo Grande\",\"previousItem\":{\"@type\":\"ListItem\",\"@id\":\"https:\\\/\\\/newsinfoco.com.br\\\/inicio\\\/category\\\/bahia\\\/#listItem\",\"name\":\"Bahia\"}}]},{\"@type\":\"Organization\",\"@id\":\"https:\\\/\\\/newsinfoco.com.br\\\/inicio\\\/#organization\",\"name\":\"News In Foco - Editado por Caio Pimenta\",\"description\":\"O principal site de noticias de Alagoinhas e regi\\u00e3o\",\"url\":\"https:\\\/\\\/newsinfoco.com.br\\\/inicio\\\/\"},{\"@type\":\"Person\",\"@id\":\"https:\\\/\\\/newsinfoco.com.br\\\/inicio\\\/author\\\/administrador\\\/#author\",\"url\":\"https:\\\/\\\/newsinfoco.com.br\\\/inicio\\\/author\\\/administrador\\\/\",\"name\":\"administrador\",\"image\":{\"@type\":\"ImageObject\",\"@id\":\"https:\\\/\\\/newsinfoco.com.br\\\/inicio\\\/prefeitura-organiza-desfile-de-bloco-para-pessoas-com-deficiencia-no-campo-grande\\\/#authorImage\",\"url\":\"https:\\\/\\\/secure.gravatar.com\\\/avatar\\\/c17a617433de8c1dc9584bb79aab7563b46f5bb7e1728c9b17d9cc3ce6a08e49?s=96&d=mm&r=g\",\"width\":96,\"height\":96,\"caption\":\"administrador\"}},{\"@type\":\"WebPage\",\"@id\":\"https:\\\/\\\/newsinfoco.com.br\\\/inicio\\\/prefeitura-organiza-desfile-de-bloco-para-pessoas-com-deficiencia-no-campo-grande\\\/#webpage\",\"url\":\"https:\\\/\\\/newsinfoco.com.br\\\/inicio\\\/prefeitura-organiza-desfile-de-bloco-para-pessoas-com-deficiencia-no-campo-grande\\\/\",\"name\":\"Prefeitura organiza desfile de bloco para pessoas com defici\\u00eancia no Campo Grande - News In Foco - Editado por Caio Pimenta\",\"description\":\"Em 2026, cerca de 80 pessoas ir\\u00e3o vestir a camisa da inclus\\u00e3o e participar do primeiro bloco para pessoas com defici\\u00eancia (PCDs) no Carnaval de Salvador. Trata-se do Furduncinho, que ir\\u00e1 desfilar neste s\\u00e1bado (14), pela manh\\u00e3, na Avenida Sete de Setembro, Centro da cidade. A concentra\\u00e7\\u00e3o ser\\u00e1 \\u00e0s 9h30, em frente ao Camarote Acess\\u00edvel\",\"inLanguage\":\"pt-BR\",\"isPartOf\":{\"@id\":\"https:\\\/\\\/newsinfoco.com.br\\\/inicio\\\/#website\"},\"breadcrumb\":{\"@id\":\"https:\\\/\\\/newsinfoco.com.br\\\/inicio\\\/prefeitura-organiza-desfile-de-bloco-para-pessoas-com-deficiencia-no-campo-grande\\\/#breadcrumblist\"},\"author\":{\"@id\":\"https:\\\/\\\/newsinfoco.com.br\\\/inicio\\\/author\\\/administrador\\\/#author\"},\"creator\":{\"@id\":\"https:\\\/\\\/newsinfoco.com.br\\\/inicio\\\/author\\\/administrador\\\/#author\"},\"image\":{\"@type\":\"ImageObject\",\"url\":\"https:\\\/\\\/newsinfoco.com.br\\\/inicio\\\/wp-content\\\/uploads\\\/2026\\\/02\\\/Camarote-PCD-no-Carnaval-de-Salvador-2024-Foto-Joja-OGueiros-Secom-PMS6-1024x683-1-1.jpg\",\"@id\":\"https:\\\/\\\/newsinfoco.com.br\\\/inicio\\\/prefeitura-organiza-desfile-de-bloco-para-pessoas-com-deficiencia-no-campo-grande\\\/#mainImage\",\"width\":1024,\"height\":683},\"primaryImageOfPage\":{\"@id\":\"https:\\\/\\\/newsinfoco.com.br\\\/inicio\\\/prefeitura-organiza-desfile-de-bloco-para-pessoas-com-deficiencia-no-campo-grande\\\/#mainImage\"},\"datePublished\":\"2026-02-13T18:02:00-03:00\",\"dateModified\":\"2026-02-13T18:02:00-03:00\"},{\"@type\":\"WebSite\",\"@id\":\"https:\\\/\\\/newsinfoco.com.br\\\/inicio\\\/#website\",\"url\":\"https:\\\/\\\/newsinfoco.com.br\\\/inicio\\\/\",\"name\":\"News In Foco - Editado por Caio Pimenta\",\"description\":\"O principal site de noticias de Alagoinhas e regi\\u00e3o\",\"inLanguage\":\"pt-BR\",\"publisher\":{\"@id\":\"https:\\\/\\\/newsinfoco.com.br\\\/inicio\\\/#organization\"}}]}\n\t\t<\/script>\n\t\t<!-- All in One SEO -->\n\n","aioseo_head_json":{"title":"Prefeitura organiza desfile de bloco para pessoas com defici\u00eancia no Campo Grande - News In Foco - Editado por Caio Pimenta","description":"Em 2026, cerca de 80 pessoas ir\u00e3o vestir a camisa da inclus\u00e3o e participar do primeiro bloco para pessoas com defici\u00eancia (PCDs) no Carnaval de Salvador. Trata-se do Furduncinho, que ir\u00e1 desfilar neste s\u00e1bado (14), pela manh\u00e3, na Avenida Sete de Setembro, Centro da cidade. A concentra\u00e7\u00e3o ser\u00e1 \u00e0s 9h30, em frente ao Camarote Acess\u00edvel","canonical_url":"https:\/\/newsinfoco.com.br\/inicio\/prefeitura-organiza-desfile-de-bloco-para-pessoas-com-deficiencia-no-campo-grande\/","robots":"max-image-preview:large","keywords":"","webmasterTools":{"miscellaneous":""},"schema":{"@context":"https:\/\/schema.org","@graph":[{"@type":"BlogPosting","@id":"https:\/\/newsinfoco.com.br\/inicio\/prefeitura-organiza-desfile-de-bloco-para-pessoas-com-deficiencia-no-campo-grande\/#blogposting","name":"Prefeitura organiza desfile de bloco para pessoas com defici\u00eancia no Campo Grande - News In Foco - Editado por Caio Pimenta","headline":"Prefeitura organiza desfile de bloco para pessoas com defici\u00eancia no Campo Grande","author":{"@id":"https:\/\/newsinfoco.com.br\/inicio\/author\/administrador\/#author"},"publisher":{"@id":"https:\/\/newsinfoco.com.br\/inicio\/#organization"},"image":{"@type":"ImageObject","url":"https:\/\/newsinfoco.com.br\/inicio\/wp-content\/uploads\/2026\/02\/Camarote-PCD-no-Carnaval-de-Salvador-2024-Foto-Joja-OGueiros-Secom-PMS6-1024x683-1-1.jpg","width":1024,"height":683},"datePublished":"2026-02-13T18:02:00-03:00","dateModified":"2026-02-13T18:02:00-03:00","inLanguage":"pt-BR","mainEntityOfPage":{"@id":"https:\/\/newsinfoco.com.br\/inicio\/prefeitura-organiza-desfile-de-bloco-para-pessoas-com-deficiencia-no-campo-grande\/#webpage"},"isPartOf":{"@id":"https:\/\/newsinfoco.com.br\/inicio\/prefeitura-organiza-desfile-de-bloco-para-pessoas-com-deficiencia-no-campo-grande\/#webpage"},"articleSection":"Bahia"},{"@type":"BreadcrumbList","@id":"https:\/\/newsinfoco.com.br\/inicio\/prefeitura-organiza-desfile-de-bloco-para-pessoas-com-deficiencia-no-campo-grande\/#breadcrumblist","itemListElement":[{"@type":"ListItem","@id":"https:\/\/newsinfoco.com.br\/inicio#listItem","position":1,"name":"In\u00edcio","item":"https:\/\/newsinfoco.com.br\/inicio","nextItem":{"@type":"ListItem","@id":"https:\/\/newsinfoco.com.br\/inicio\/category\/bahia\/#listItem","name":"Bahia"}},{"@type":"ListItem","@id":"https:\/\/newsinfoco.com.br\/inicio\/category\/bahia\/#listItem","position":2,"name":"Bahia","item":"https:\/\/newsinfoco.com.br\/inicio\/category\/bahia\/","nextItem":{"@type":"ListItem","@id":"https:\/\/newsinfoco.com.br\/inicio\/prefeitura-organiza-desfile-de-bloco-para-pessoas-com-deficiencia-no-campo-grande\/#listItem","name":"Prefeitura organiza desfile de bloco para pessoas com defici\u00eancia no Campo Grande"},"previousItem":{"@type":"ListItem","@id":"https:\/\/newsinfoco.com.br\/inicio#listItem","name":"In\u00edcio"}},{"@type":"ListItem","@id":"https:\/\/newsinfoco.com.br\/inicio\/prefeitura-organiza-desfile-de-bloco-para-pessoas-com-deficiencia-no-campo-grande\/#listItem","position":3,"name":"Prefeitura organiza desfile de bloco para pessoas com defici\u00eancia no Campo Grande","previousItem":{"@type":"ListItem","@id":"https:\/\/newsinfoco.com.br\/inicio\/category\/bahia\/#listItem","name":"Bahia"}}]},{"@type":"Organization","@id":"https:\/\/newsinfoco.com.br\/inicio\/#organization","name":"News In Foco - Editado por Caio Pimenta","description":"O principal site de noticias de Alagoinhas e regi\u00e3o","url":"https:\/\/newsinfoco.com.br\/inicio\/"},{"@type":"Person","@id":"https:\/\/newsinfoco.com.br\/inicio\/author\/administrador\/#author","url":"https:\/\/newsinfoco.com.br\/inicio\/author\/administrador\/","name":"administrador","image":{"@type":"ImageObject","@id":"https:\/\/newsinfoco.com.br\/inicio\/prefeitura-organiza-desfile-de-bloco-para-pessoas-com-deficiencia-no-campo-grande\/#authorImage","url":"https:\/\/secure.gravatar.com\/avatar\/c17a617433de8c1dc9584bb79aab7563b46f5bb7e1728c9b17d9cc3ce6a08e49?s=96&d=mm&r=g","width":96,"height":96,"caption":"administrador"}},{"@type":"WebPage","@id":"https:\/\/newsinfoco.com.br\/inicio\/prefeitura-organiza-desfile-de-bloco-para-pessoas-com-deficiencia-no-campo-grande\/#webpage","url":"https:\/\/newsinfoco.com.br\/inicio\/prefeitura-organiza-desfile-de-bloco-para-pessoas-com-deficiencia-no-campo-grande\/","name":"Prefeitura organiza desfile de bloco para pessoas com defici\u00eancia no Campo Grande - News In Foco - Editado por Caio Pimenta","description":"Em 2026, cerca de 80 pessoas ir\u00e3o vestir a camisa da inclus\u00e3o e participar do primeiro bloco para pessoas com defici\u00eancia (PCDs) no Carnaval de Salvador. Trata-se do Furduncinho, que ir\u00e1 desfilar neste s\u00e1bado (14), pela manh\u00e3, na Avenida Sete de Setembro, Centro da cidade. A concentra\u00e7\u00e3o ser\u00e1 \u00e0s 9h30, em frente ao Camarote Acess\u00edvel","inLanguage":"pt-BR","isPartOf":{"@id":"https:\/\/newsinfoco.com.br\/inicio\/#website"},"breadcrumb":{"@id":"https:\/\/newsinfoco.com.br\/inicio\/prefeitura-organiza-desfile-de-bloco-para-pessoas-com-deficiencia-no-campo-grande\/#breadcrumblist"},"author":{"@id":"https:\/\/newsinfoco.com.br\/inicio\/author\/administrador\/#author"},"creator":{"@id":"https:\/\/newsinfoco.com.br\/inicio\/author\/administrador\/#author"},"image":{"@type":"ImageObject","url":"https:\/\/newsinfoco.com.br\/inicio\/wp-content\/uploads\/2026\/02\/Camarote-PCD-no-Carnaval-de-Salvador-2024-Foto-Joja-OGueiros-Secom-PMS6-1024x683-1-1.jpg","@id":"https:\/\/newsinfoco.com.br\/inicio\/prefeitura-organiza-desfile-de-bloco-para-pessoas-com-deficiencia-no-campo-grande\/#mainImage","width":1024,"height":683},"primaryImageOfPage":{"@id":"https:\/\/newsinfoco.com.br\/inicio\/prefeitura-organiza-desfile-de-bloco-para-pessoas-com-deficiencia-no-campo-grande\/#mainImage"},"datePublished":"2026-02-13T18:02:00-03:00","dateModified":"2026-02-13T18:02:00-03:00"},{"@type":"WebSite","@id":"https:\/\/newsinfoco.com.br\/inicio\/#website","url":"https:\/\/newsinfoco.com.br\/inicio\/","name":"News In Foco - Editado por Caio Pimenta","description":"O principal site de noticias de Alagoinhas e regi\u00e3o","inLanguage":"pt-BR","publisher":{"@id":"https:\/\/newsinfoco.com.br\/inicio\/#organization"}}]},"og:locale":"pt_BR","og:site_name":"News In Foco - Editado por Caio Pimenta - O principal site de noticias de Alagoinhas e regi\u00e3o","og:type":"article","og:title":"Prefeitura organiza desfile de bloco para pessoas com defici\u00eancia no Campo Grande - News In Foco - Editado por Caio Pimenta","og:description":"Em 2026, cerca de 80 pessoas ir\u00e3o vestir a camisa da inclus\u00e3o e participar do primeiro bloco para pessoas com defici\u00eancia (PCDs) no Carnaval de Salvador. Trata-se do Furduncinho, que ir\u00e1 desfilar neste s\u00e1bado (14), pela manh\u00e3, na Avenida Sete de Setembro, Centro da cidade. A concentra\u00e7\u00e3o ser\u00e1 \u00e0s 9h30, em frente ao Camarote Acess\u00edvel","og:url":"https:\/\/newsinfoco.com.br\/inicio\/prefeitura-organiza-desfile-de-bloco-para-pessoas-com-deficiencia-no-campo-grande\/","article:published_time":"2026-02-13T21:02:00+00:00","article:modified_time":"2026-02-13T21:02:00+00:00","twitter:card":"summary_large_image","twitter:title":"Prefeitura organiza desfile de bloco para pessoas com defici\u00eancia no Campo Grande - News In Foco - Editado por Caio Pimenta","twitter:description":"Em 2026, cerca de 80 pessoas ir\u00e3o vestir a camisa da inclus\u00e3o e participar do primeiro bloco para pessoas com defici\u00eancia (PCDs) no Carnaval de Salvador. Trata-se do Furduncinho, que ir\u00e1 desfilar neste s\u00e1bado (14), pela manh\u00e3, na Avenida Sete de Setembro, Centro da cidade. A concentra\u00e7\u00e3o ser\u00e1 \u00e0s 9h30, em frente ao Camarote Acess\u00edvel"},"aioseo_meta_data":{"post_id":"48806","title":null,"description":null,"keywords":null,"keyphrases":{"focus":{"keyphrase":"","score":0,"analysis":{"keyphraseInTitle":{"score":0,"maxScore":9,"error":1}}},"additional":[]},"primary_term":null,"canonical_url":null,"og_title":null,"og_description":null,"og_object_type":"default","og_image_type":"default","og_image_url":null,"og_image_width":null,"og_image_height":null,"og_image_custom_url":null,"og_image_custom_fields":null,"og_video":"","og_custom_url":null,"og_article_section":null,"og_article_tags":null,"twitter_use_og":false,"twitter_card":"default","twitter_image_type":"default","twitter_image_url":null,"twitter_image_custom_url":null,"twitter_image_custom_fields":null,"twitter_title":null,"twitter_description":null,"schema":{"blockGraphs":[],"customGraphs":[],"default":{"data":{"Article":[],"Course":[],"Dataset":[],"FAQPage":[],"Movie":[],"Person":[],"Product":[],"ProductReview":[],"Car":[],"Recipe":[],"Service":[],"SoftwareApplication":[],"WebPage":[]},"graphName":"BlogPosting","isEnabled":true},"graphs":[]},"schema_type":"default","schema_type_options":null,"pillar_content":false,"robots_default":true,"robots_noindex":false,"robots_noarchive":false,"robots_nosnippet":false,"robots_nofollow":false,"robots_noimageindex":false,"robots_noodp":false,"robots_notranslate":false,"robots_max_snippet":"-1","robots_max_videopreview":"-1","robots_max_imagepreview":"large","priority":null,"frequency":"default","local_seo":null,"breadcrumb_settings":null,"limit_modified_date":false,"ai":{"faqs":[],"keyPoints":[],"titles":[],"descriptions":[],"socialPosts":{"email":[],"linkedin":[],"twitter":[],"facebook":[],"instagram":[]}},"created":"2026-02-13 21:02:00","updated":"2026-02-13 21:08:25","seo_analyzer_scan_date":null},"aioseo_breadcrumb":"<div class=\"aioseo-breadcrumbs\"><span class=\"aioseo-breadcrumb\">\n\t\t\t<a href=\"https:\/\/newsinfoco.com.br\/inicio\" title=\"In\u00edcio\">In\u00edcio<\/a>\n\t\t<\/span><span class=\"aioseo-breadcrumb-separator\">&raquo;<\/span><span class=\"aioseo-breadcrumb\">\n\t\t\t<a href=\"https:\/\/newsinfoco.com.br\/inicio\/category\/bahia\/\" title=\"Bahia\">Bahia<\/a>\n\t\t<\/span><span class=\"aioseo-breadcrumb-separator\">&raquo;<\/span><span class=\"aioseo-breadcrumb\">\n\t\t\tPrefeitura organiza desfile de bloco para pessoas com defici\u00eancia no Campo Grande\n\t\t<\/span><\/div>","aioseo_breadcrumb_json":[{"label":"In\u00edcio","link":"https:\/\/newsinfoco.com.br\/inicio"},{"label":"Bahia","link":"https:\/\/newsinfoco.com.br\/inicio\/category\/bahia\/"},{"label":"Prefeitura organiza desfile de bloco para pessoas com defici\u00eancia no Campo Grande","link":"https:\/\/newsinfoco.com.br\/inicio\/prefeitura-organiza-desfile-de-bloco-para-pessoas-com-deficiencia-no-campo-grande\/"}],"_links":{"self":[{"href":"https:\/\/newsinfoco.com.br\/inicio\/wp-json\/wp\/v2\/posts\/48806","targetHints":{"allow":["GET"]}}],"collection":[{"href":"https:\/\/newsinfoco.com.br\/inicio\/wp-json\/wp\/v2\/posts"}],"about":[{"href":"https:\/\/newsinfoco.com.br\/inicio\/wp-json\/wp\/v2\/types\/post"}],"author":[{"embeddable":true,"href":"https:\/\/newsinfoco.com.br\/inicio\/wp-json\/wp\/v2\/users\/1"}],"replies":[{"embeddable":true,"href":"https:\/\/newsinfoco.com.br\/inicio\/wp-json\/wp\/v2\/comments?post=48806"}],"version-history":[{"count":1,"href":"https:\/\/newsinfoco.com.br\/inicio\/wp-json\/wp\/v2\/posts\/48806\/revisions"}],"predecessor-version":[{"id":48808,"href":"https:\/\/newsinfoco.com.br\/inicio\/wp-json\/wp\/v2\/posts\/48806\/revisions\/48808"}],"wp:featuredmedia":[{"embeddable":true,"href":"https:\/\/newsinfoco.com.br\/inicio\/wp-json\/wp\/v2\/media\/48807"}],"wp:attachment":[{"href":"https:\/\/newsinfoco.com.br\/inicio\/wp-json\/wp\/v2\/media?parent=48806"}],"wp:term":[{"taxonomy":"category","embeddable":true,"href":"https:\/\/newsinfoco.com.br\/inicio\/wp-json\/wp\/v2\/categories?post=48806"},{"taxonomy":"post_tag","embeddable":true,"href":"https:\/\/newsinfoco.com.br\/inicio\/wp-json\/wp\/v2\/tags?post=48806"}],"curies":[{"name":"wp","href":"https:\/\/api.w.org\/{rel}","templated":true}]}}