{"id":4881,"date":"2018-06-06T17:23:29","date_gmt":"2018-06-06T20:23:29","guid":{"rendered":"http:\/\/newsinfoco.com.br\/?p=4881"},"modified":"2018-06-06T17:23:29","modified_gmt":"2018-06-06T20:23:29","slug":"comeca-neste-sabado-9-a-i-feira-agropecuaria-de-alagoinhas","status":"publish","type":"post","link":"https:\/\/newsinfoco.com.br\/inicio\/comeca-neste-sabado-9-a-i-feira-agropecuaria-de-alagoinhas\/","title":{"rendered":"Come\u00e7a neste s\u00e1bado (9) a I Feira Agropecu\u00e1ria de Alagoinhas"},"content":{"rendered":"<p style=\"text-align: justify;\"><span style=\"color: #000000;\">Com uma programa\u00e7\u00e3o diversificada que se inicia na manh\u00e3 deste s\u00e1bado (9), a I Feira Agropecu\u00e1ria de Alagoinhas deve movimentar o final de semana na cidade. Organizada pela Prefeitura Municipal, por meio da Secretaria de Agricultura (SEMAG), a Feira contar\u00e1 com 2 dias de evento e uma grade com exposi\u00e7\u00e3o de animais multira\u00e7as, corrida de cavalos, Rally Off Road de ve\u00edculos 4\u00d74 e torneio de Copa de Marcha Campolina v\u00e1lido para o ranking estadual.<\/span><\/p>\n<p style=\"text-align: justify;\"><span style=\"color: #000000;\">No Parque de Exposi\u00e7\u00f5es Miguel Fontes, onde o evento ser\u00e1 realizado, o visitante deve encontrar animais de todas as ra\u00e7as. De tourinhos Nelores e matrizes Girolando, passando por Gir leiteiro e Manga Larga Marchador, quem passar pela Feira poder\u00e1 encontrar exemplares de Campolina e acompanhar a exibi\u00e7\u00e3o de cavalos com suas belas pisadas em um torneio disputado.<\/span><\/p><div class=\"newsi-conteudo_19\" id=\"newsi-909032623\"><a href=\"https:\/\/www.instagram.com\/prefeituraalagoinhas?igsh=YzgzdDJ1bWR3aWI4\" aria-label=\"SAVE_20251006_221555\"><img loading=\"lazy\" decoding=\"async\" src=\"https:\/\/newsinfoco.com.br\/inicio\/wp-content\/uploads\/2025\/10\/SAVE_20251006_221555-rotated.jpg\" alt=\"\"  srcset=\"https:\/\/newsinfoco.com.br\/inicio\/wp-content\/uploads\/2025\/10\/SAVE_20251006_221555-rotated.jpg 1140w, https:\/\/newsinfoco.com.br\/inicio\/wp-content\/uploads\/2025\/10\/SAVE_20251006_221555-300x52.jpg 300w, https:\/\/newsinfoco.com.br\/inicio\/wp-content\/uploads\/2025\/10\/SAVE_20251006_221555-1024x177.jpg 1024w, https:\/\/newsinfoco.com.br\/inicio\/wp-content\/uploads\/2025\/10\/SAVE_20251006_221555-768x133.jpg 768w, https:\/\/newsinfoco.com.br\/inicio\/wp-content\/uploads\/2025\/10\/SAVE_20251006_221555-600x104.jpg 600w, https:\/\/newsinfoco.com.br\/inicio\/wp-content\/uploads\/2025\/10\/SAVE_20251006_221555-696x120.jpg 696w, https:\/\/newsinfoco.com.br\/inicio\/wp-content\/uploads\/2025\/10\/SAVE_20251006_221555-1068x185.jpg 1068w\" sizes=\"(max-width: 1140px) 100vw, 1140px\" width=\"1140\" height=\"197\"   \/><\/a><\/div>\n<p style=\"text-align: justify;\"><span style=\"color: #000000;\">\u201cTemos uma programa\u00e7\u00e3o completa tanto no s\u00e1bado quanto no domingo. O parque de exposi\u00e7\u00f5es fervilhar\u00e1 de aficionados por corridas de cavalos para assistirem a disputa em dois p\u00e1reos. \u00c9 a Prefeitura cumprindo a promessa de transformar o parque de exposi\u00e7\u00f5es em um centro din\u00e2mico de neg\u00f3cios agropecu\u00e1rios, esportes e lazer para a popula\u00e7\u00e3o durante o ano todo\u201d, afirmou o secret\u00e1rio municipal de agricultura, Geraldo Almeida.<\/span><\/p>\n<p style=\"text-align: justify;\"><span style=\"color: #000000;\">De acordo com a SEMAG, uma estrutura com sanit\u00e1rios, restaurante, barracas de alimentos e stands de lojas variadas ser\u00e1 montada no local para receber o p\u00fablico.<\/span><\/p>\n<p style=\"text-align: justify;\"><span style=\"color: #000000;\">A Feira \u00e9 resultado de uma parceria entre a gest\u00e3o municipal, a Associa\u00e7\u00e3o de Criadores de Campolina da Bahia, o Grupo Girolando de Alagoinhas, a Associa\u00e7\u00e3o de Criadores de Manga Larga Marchador da Bahia e o Grupo de Criadores de caprinos e ovinos da Bahia. A previs\u00e3o \u00e9 de que o parque de exposi\u00e7\u00f5es receba um p\u00fablico estimado de 5 mil pessoas nos dois dias de evento.<\/span><\/p>\n<p style=\"text-align: justify;\"><span style=\"color: #000000;\">Confira a programa\u00e7\u00e3o completa atrav\u00e9s do link:\u00a0<a style=\"color: #000000;\" href=\"https:\/\/www.alagoinhas.ba.gov.br\/index.php\/parque-de-exposicoes-sedia-a-i-feira-agropecuaria-de-alagoinhas\/\">https:\/\/www.alagoinhas.ba.gov.br\/index.php\/parque-de-exposicoes-sedia-a-i-feira-agropecuaria-de-alagoinhas\/<\/a>.<\/span><\/p>\n<h6 style=\"text-align: right;\"><span style=\"color: #999999;\">Fonte: SECOM SEMAG Prefeitura<\/span><\/h6>\n<div style=\"text-align: justify;\" align=\"right\"><\/div>\n<div class='share-to-whatsapp-wrapper'><div class='share-on-whsp'>Share on: <\/div><a data-text='Come\u00e7a neste s\u00e1bado (9) a I Feira Agropecu\u00e1ria de Alagoinhas' data-link='https:\/\/newsinfoco.com.br\/inicio\/comeca-neste-sabado-9-a-i-feira-agropecuaria-de-alagoinhas\/' class='whatsapp-button whatsapp-share'>WhatsApp<\/a><div class='clear '><\/div><\/div>","protected":false},"excerpt":{"rendered":"<p>Com uma programa\u00e7\u00e3o diversificada que se inicia na manh\u00e3 deste s\u00e1bado (9), a I Feira Agropecu\u00e1ria de Alagoinhas deve movimentar o final de semana na cidade. Organizada pela Prefeitura Municipal, por meio da Secretaria de Agricultura (SEMAG), a Feira contar\u00e1 com 2 dias de evento e uma grade com exposi\u00e7\u00e3o de animais multira\u00e7as, corrida de [&hellip;]<\/p>\n","protected":false},"author":1,"featured_media":4860,"comment_status":"open","ping_status":"open","sticky":false,"template":"","format":"standard","meta":{"om_disable_all_campaigns":false,"_exactmetrics_skip_tracking":false,"_exactmetrics_sitenote_active":false,"_exactmetrics_sitenote_note":"","_exactmetrics_sitenote_category":0,"footnotes":""},"categories":[38,30],"tags":[53,54,122],"class_list":["post-4881","post","type-post","status-publish","format-standard","has-post-thumbnail","hentry","category-alagoinhas-e-regiao","category-destaque","tag-alagoinhas","tag-prefeitura","tag-semag-secom"],"aioseo_notices":[],"_links":{"self":[{"href":"https:\/\/newsinfoco.com.br\/inicio\/wp-json\/wp\/v2\/posts\/4881","targetHints":{"allow":["GET"]}}],"collection":[{"href":"https:\/\/newsinfoco.com.br\/inicio\/wp-json\/wp\/v2\/posts"}],"about":[{"href":"https:\/\/newsinfoco.com.br\/inicio\/wp-json\/wp\/v2\/types\/post"}],"author":[{"embeddable":true,"href":"https:\/\/newsinfoco.com.br\/inicio\/wp-json\/wp\/v2\/users\/1"}],"replies":[{"embeddable":true,"href":"https:\/\/newsinfoco.com.br\/inicio\/wp-json\/wp\/v2\/comments?post=4881"}],"version-history":[{"count":0,"href":"https:\/\/newsinfoco.com.br\/inicio\/wp-json\/wp\/v2\/posts\/4881\/revisions"}],"wp:featuredmedia":[{"embeddable":true,"href":"https:\/\/newsinfoco.com.br\/inicio\/wp-json\/wp\/v2\/media\/4860"}],"wp:attachment":[{"href":"https:\/\/newsinfoco.com.br\/inicio\/wp-json\/wp\/v2\/media?parent=4881"}],"wp:term":[{"taxonomy":"category","embeddable":true,"href":"https:\/\/newsinfoco.com.br\/inicio\/wp-json\/wp\/v2\/categories?post=4881"},{"taxonomy":"post_tag","embeddable":true,"href":"https:\/\/newsinfoco.com.br\/inicio\/wp-json\/wp\/v2\/tags?post=4881"}],"curies":[{"name":"wp","href":"https:\/\/api.w.org\/{rel}","templated":true}]}}