{"id":48818,"date":"2026-02-13T18:34:00","date_gmt":"2026-02-13T21:34:00","guid":{"rendered":"https:\/\/newsinfoco.com.br\/inicio\/?p=48818"},"modified":"2026-02-13T18:34:00","modified_gmt":"2026-02-13T21:34:00","slug":"inmet-coloca-salvador-e-varios-municipios-em-alerta-para-chuvas-intensas-no-inicio-do-carnaval","status":"publish","type":"post","link":"https:\/\/newsinfoco.com.br\/inicio\/inmet-coloca-salvador-e-varios-municipios-em-alerta-para-chuvas-intensas-no-inicio-do-carnaval\/","title":{"rendered":"Inmet coloca Salvador e v\u00e1rios munic\u00edpios em alerta para chuvas intensas no in\u00edcio do Carnaval"},"content":{"rendered":"<p>O Instituto Nacional de Meteorologia (Inmet) emitiu um alerta amarelo de \u201cperigo potencial\u201d para Salvador e outras 162 cidades baianas. O aviso, v\u00e1lido at\u00e9 as 23h59 desta sexta-feira (13), aponta para a ocorr\u00eancia de chuvas intensas e ventos fortes logo no in\u00edcio oficial da folia. A previs\u00e3o indica acumulados que podem chegar a 50 mm por dia, acompanhados de rajadas de vento entre 40 e 60 km\/h.<\/p>\n<p>Embora o risco de grandes transtornos seja considerado baixo, a combina\u00e7\u00e3o de solo \u00famido e ventos intensos pode provocar quedas de galhos de \u00e1rvores, alagamentos pontuais e interrup\u00e7\u00f5es no fornecimento de energia. O alerta abrange principalmente a Regi\u00e3o Metropolitana de Salvador (RMS), o Rec\u00f4ncavo, o Litoral e \u00e1reas do Centro-Norte e Nordeste do estado.<\/p>\n<p>O Inmet orienta que, durante rajadas de vento, as pessoas evitem se abrigar debaixo de \u00e1rvores, j\u00e1 que h\u00e1 risco de queda de galhos e tamb\u00e9m de descargas el\u00e9tricas. Outra recomenda\u00e7\u00e3o \u00e9 n\u00e3o estacionar ve\u00edculos pr\u00f3ximos a torres de transmiss\u00e3o e placas de propaganda, que podem ser derrubadas pelo vento. Tamb\u00e9m \u00e9 aconselhado evitar o uso de aparelhos eletr\u00f4nicos ligados \u00e0 tomada durante tempestades, reduzindo riscos em caso de descargas el\u00e9tricas.<\/p>\n<p><strong>Veja as 163 cidades baianas com alerta:<\/strong><\/p>\n<p>\u00c1gua Fria<\/p>\n<p>Aiquara<\/p>\n<p>Alagoinhas<\/p>\n<p>Alcoba\u00e7a<\/p>\n<p>Almadina<\/p>\n<p>Amargosa<\/p>\n<p>Am\u00e9lia Rodrigues<\/p>\n<p>Anguera<\/p>\n<p>Ant\u00f4nio Cardoso<\/p>\n<p>Apor\u00e1<\/p>\n<p>Apuarema<\/p>\n<p>Ara\u00e7\u00e1s<\/p>\n<p>Aramari<\/p>\n<p>Arataca<\/p>\n<p>Aratu\u00edpe<\/p>\n<p>Aurelino Leal<\/p>\n<p>Barra do Rocha<\/p>\n<p>Barro Preto<\/p>\n<p>Belmonte<\/p>\n<p>Biritinga<\/p>\n<p>Buerarema<\/p>\n<p>Cabaceiras do Paragua\u00e7u<\/p>\n<p>Cachoeira<\/p>\n<p>Cairu<\/p>\n<p>Camacan<\/p>\n<p>Cama\u00e7ari<\/p>\n<p>Camamu<\/p>\n<p>Canavieiras<\/p>\n<p>Candeias<\/p>\n<p>Caravelas<\/p>\n<p>Cardeal da Silva<\/p>\n<p>Castro Alves<\/p>\n<p>Catu<\/p>\n<p>Cip\u00f3<\/p>\n<p>Coaraci<\/p>\n<p>Concei\u00e7\u00e3o da Feira<\/p>\n<p>Concei\u00e7\u00e3o do Almeida<\/p>\n<p>Concei\u00e7\u00e3o do Jacu\u00edpe<\/p>\n<p>Conde<\/p>\n<p>Cora\u00e7\u00e3o de Maria<\/p>\n<p>Cris\u00f3polis<\/p>\n<p>Cruz das Almas<\/p>\n<p>D\u00e1rio Meira<\/p>\n<p>Dias d\u2019\u00c1vila<\/p>\n<p>Dom Macedo Costa<\/p>\n<p>El\u00edsio Medrado<\/p>\n<p>Entre Rios<\/p>\n<p>Esplanada<\/p>\n<p>Eun\u00e1polis<\/p>\n<p>Feira de Santana<\/p>\n<p>Firmino Alves<\/p>\n<p>Floresta Azul<\/p>\n<p>Gandu<\/p>\n<p>Gongogi<\/p>\n<p>Governador Mangabeira<\/p>\n<p>Guaratinga<\/p>\n<p>Ibicara\u00ed<\/p>\n<p>Ibicu\u00ed<\/p>\n<p>Ibirapitanga<\/p>\n<p>Ibirapu\u00e3<\/p>\n<p>Ibirataia<\/p>\n<p>Igrapi\u00fana<\/p>\n<p>Igua\u00ed<\/p>\n<p>Ilh\u00e9us<\/p>\n<p>Inhambupe<\/p>\n<p>Ipia\u00fa<\/p>\n<p>Irar\u00e1<\/p>\n<p>Itabela<\/p>\n<p>Itabuna<\/p>\n<p>Itacar\u00e9<\/p>\n<p>Itagib\u00e1<\/p>\n<p>Itagimirim<\/p>\n<p>Itaju do Col\u00f4nia<\/p>\n<p>Itaju\u00edpe<\/p>\n<p>Itamaraju<\/p>\n<p>Itamari<\/p>\n<p>Itanagra<\/p>\n<p>Itaparica<\/p>\n<p>Itap\u00e9<\/p>\n<p>Itapebi<\/p>\n<p>Itapetinga<\/p>\n<p>Itapicuru<\/p>\n<p>Itapitanga<\/p>\n<p>Itarantim<\/p>\n<p>Itoror\u00f3<\/p>\n<p>Ituber\u00e1<\/p>\n<p>Jaguaquara<\/p>\n<p>Jaguaripe<\/p>\n<p>Janda\u00edra<\/p>\n<p>Jequi\u00e9<\/p>\n<p>Jiquiri\u00e7\u00e1<\/p>\n<p>Jita\u00fana<\/p>\n<p>Jucuru\u00e7u<\/p>\n<p>Jussari<\/p>\n<p>Laje<\/p>\n<p>Lamar\u00e3o<\/p>\n<p>Lauro de Freitas<\/p>\n<p>Madre de Deus<\/p>\n<p>Maragogipe<\/p>\n<p>Mara\u00fa<\/p>\n<p>Mascote<\/p>\n<p>Mata de S\u00e3o Jo\u00e3o<\/p>\n<p>Medeiros Neto<\/p>\n<p>Mucuri<\/p>\n<p>Muniz Ferreira<\/p>\n<p>Muritiba<\/p>\n<p>Mutu\u00edpe<\/p>\n<p>Nazar\u00e9<\/p>\n<p>Nilo Pe\u00e7anha<\/p>\n<p>Nova Cana\u00e3<\/p>\n<p>Nova Ibi\u00e1<\/p>\n<p>Nova Soure<\/p>\n<p>Nova Vi\u00e7osa<\/p>\n<p>Olindina<\/p>\n<p>Ouri\u00e7angas<\/p>\n<p>Pau Brasil<\/p>\n<p>Pedr\u00e3o<\/p>\n<p>Pira\u00ed do Norte<\/p>\n<p>Pojuca<\/p>\n<p>Porto Seguro<\/p>\n<p>Potiragu\u00e1<\/p>\n<p>Prado<\/p>\n<p>Presidente Tancredo Neves<\/p>\n<p>Ribeira do Amparo<\/p>\n<p>Rio Real<\/p>\n<p>Salinas da Margarida<\/p>\n<p>Salvador<\/p>\n<p>Santa B\u00e1rbara<\/p>\n<p>Santa Cruz Cabr\u00e1lia<\/p>\n<p>Santa Cruz da Vit\u00f3ria<\/p>\n<p>Santa Luzia<\/p>\n<p>Santan\u00f3polis<\/p>\n<p>Santo Amaro<\/p>\n<p>Santo Ant\u00f4nio de Jesus<\/p>\n<p>Santo Est\u00eav\u00e3o<\/p>\n<p>S\u00e3o Felipe<\/p>\n<p>S\u00e3o F\u00e9lix<\/p>\n<p>S\u00e3o Francisco do Conde<\/p>\n<p>S\u00e3o Gon\u00e7alo dos Campos<\/p>\n<p>S\u00e3o Jos\u00e9 da Vit\u00f3ria<\/p>\n<p>S\u00e3o Miguel das Matas<\/p>\n<p>S\u00e3o Sebasti\u00e3o do Pass\u00e9<\/p>\n<p>Sapea\u00e7u<\/p>\n<p>S\u00e1tiro Dias<\/p>\n<p>Saubara<\/p>\n<p>Serrinha<\/p>\n<p>Sim\u00f5es Filho<\/p>\n<p>Tanquinho<\/p>\n<p>Tapero\u00e1<\/p>\n<p>Teixeira de Freitas<\/p>\n<p>Teodoro Sampaio<\/p>\n<p>Teol\u00e2ndia<\/p>\n<p>Terra Nova<\/p>\n<p>Uba\u00edra<\/p>\n<p>Ubaitaba<\/p>\n<p>Ubat\u00e3<\/p>\n<p>Una<\/p>\n<p>Uru\u00e7uca<\/p>\n<p>Valen\u00e7a<\/p>\n<p>Varzedo<\/p>\n<p>Vera Cruz<\/p>\n<div>\n<div>\n<div class=\"trv-player-container\">\n<div class=\"trv-wrapper\">\n<div id=\"br_video_player_219bd461f04f21f61eb263d8f319ef9dc3c659f9\" class=\"trvd_video_player trvdinstream\">Bahia.Ba<\/div>\n<\/div>\n<\/div>\n<\/div>\n<\/div>\n<div class='share-to-whatsapp-wrapper'><div class='share-on-whsp'>Share on: <\/div><a data-text='Inmet coloca Salvador e v\u00e1rios munic\u00edpios em alerta para chuvas intensas no in\u00edcio do Carnaval' data-link='https:\/\/newsinfoco.com.br\/inicio\/inmet-coloca-salvador-e-varios-municipios-em-alerta-para-chuvas-intensas-no-inicio-do-carnaval\/' class='whatsapp-button whatsapp-share'>WhatsApp<\/a><div class='clear '><\/div><\/div>","protected":false},"excerpt":{"rendered":"<p>O Instituto Nacional de Meteorologia (Inmet) emitiu um alerta amarelo de \u201cperigo potencial\u201d para Salvador e outras 162 cidades baianas. O aviso, v\u00e1lido at\u00e9 as 23h59 desta sexta-feira (13), aponta para a ocorr\u00eancia de chuvas intensas e ventos fortes logo no in\u00edcio oficial da folia. A previs\u00e3o indica acumulados que podem chegar a 50 mm [&hellip;]<\/p>\n","protected":false},"author":1,"featured_media":48819,"comment_status":"closed","ping_status":"closed","sticky":false,"template":"","format":"standard","meta":{"om_disable_all_campaigns":false,"rop_custom_images_group":[],"rop_custom_messages_group":[],"rop_publish_now":"initial","rop_publish_now_accounts":[],"rop_publish_now_history":[],"rop_publish_now_status":"pending","_exactmetrics_skip_tracking":false,"footnotes":""},"categories":[19],"tags":[],"class_list":["post-48818","post","type-post","status-publish","format-standard","has-post-thumbnail","hentry","category-bahia"],"aioseo_notices":[],"aioseo_head":"\n\t\t<!-- All in One SEO 4.9.10 - aioseo.com -->\n\t<meta name=\"description\" content=\"O Instituto Nacional de Meteorologia (Inmet) emitiu um alerta amarelo de \u201cperigo potencial\u201d para Salvador e outras 162 cidades baianas. O aviso, v\u00e1lido at\u00e9 as 23h59 desta sexta-feira (13), aponta para a ocorr\u00eancia de chuvas intensas e ventos fortes logo no in\u00edcio oficial da folia. A previs\u00e3o indica acumulados que podem chegar a 50 mm\" \/>\n\t<meta name=\"robots\" content=\"max-image-preview:large\" \/>\n\t<meta name=\"author\" content=\"administrador\"\/>\n\t<link rel=\"canonical\" href=\"https:\/\/newsinfoco.com.br\/inicio\/inmet-coloca-salvador-e-varios-municipios-em-alerta-para-chuvas-intensas-no-inicio-do-carnaval\/\" \/>\n\t<meta name=\"generator\" content=\"All in One SEO (AIOSEO) 4.9.10\" \/>\n\t\t<meta property=\"og:locale\" content=\"pt_BR\" \/>\n\t\t<meta property=\"og:site_name\" content=\"News In Foco - Editado por Caio Pimenta - O principal site de noticias de Alagoinhas e regi\u00e3o\" \/>\n\t\t<meta property=\"og:type\" content=\"article\" \/>\n\t\t<meta property=\"og:title\" content=\"Inmet coloca Salvador e v\u00e1rios munic\u00edpios em alerta para chuvas intensas no in\u00edcio do Carnaval - News In Foco - Editado por Caio Pimenta\" \/>\n\t\t<meta property=\"og:description\" content=\"O Instituto Nacional de Meteorologia (Inmet) emitiu um alerta amarelo de \u201cperigo potencial\u201d para Salvador e outras 162 cidades baianas. O aviso, v\u00e1lido at\u00e9 as 23h59 desta sexta-feira (13), aponta para a ocorr\u00eancia de chuvas intensas e ventos fortes logo no in\u00edcio oficial da folia. A previs\u00e3o indica acumulados que podem chegar a 50 mm\" \/>\n\t\t<meta property=\"og:url\" content=\"https:\/\/newsinfoco.com.br\/inicio\/inmet-coloca-salvador-e-varios-municipios-em-alerta-para-chuvas-intensas-no-inicio-do-carnaval\/\" \/>\n\t\t<meta property=\"article:published_time\" content=\"2026-02-13T21:34:00+00:00\" \/>\n\t\t<meta property=\"article:modified_time\" content=\"2026-02-13T21:34:00+00:00\" \/>\n\t\t<meta name=\"twitter:card\" content=\"summary_large_image\" \/>\n\t\t<meta name=\"twitter:title\" content=\"Inmet coloca Salvador e v\u00e1rios munic\u00edpios em alerta para chuvas intensas no in\u00edcio do Carnaval - News In Foco - Editado por Caio Pimenta\" \/>\n\t\t<meta name=\"twitter:description\" content=\"O Instituto Nacional de Meteorologia (Inmet) emitiu um alerta amarelo de \u201cperigo potencial\u201d para Salvador e outras 162 cidades baianas. O aviso, v\u00e1lido at\u00e9 as 23h59 desta sexta-feira (13), aponta para a ocorr\u00eancia de chuvas intensas e ventos fortes logo no in\u00edcio oficial da folia. A previs\u00e3o indica acumulados que podem chegar a 50 mm\" \/>\n\t\t<script type=\"application\/ld+json\" class=\"aioseo-schema\">\n\t\t\t{\"@context\":\"https:\\\/\\\/schema.org\",\"@graph\":[{\"@type\":\"BlogPosting\",\"@id\":\"https:\\\/\\\/newsinfoco.com.br\\\/inicio\\\/inmet-coloca-salvador-e-varios-municipios-em-alerta-para-chuvas-intensas-no-inicio-do-carnaval\\\/#blogposting\",\"name\":\"Inmet coloca Salvador e v\\u00e1rios munic\\u00edpios em alerta para chuvas intensas no in\\u00edcio do Carnaval - News In Foco - Editado por Caio Pimenta\",\"headline\":\"Inmet coloca Salvador e v\\u00e1rios munic\\u00edpios em alerta para chuvas intensas no in\\u00edcio do Carnaval\",\"author\":{\"@id\":\"https:\\\/\\\/newsinfoco.com.br\\\/inicio\\\/author\\\/administrador\\\/#author\"},\"publisher\":{\"@id\":\"https:\\\/\\\/newsinfoco.com.br\\\/inicio\\\/#organization\"},\"image\":{\"@type\":\"ImageObject\",\"url\":\"https:\\\/\\\/newsinfoco.com.br\\\/inicio\\\/wp-content\\\/uploads\\\/2026\\\/02\\\/chuva-600x420-1-1.jpg\",\"width\":600,\"height\":420},\"datePublished\":\"2026-02-13T18:34:00-03:00\",\"dateModified\":\"2026-02-13T18:34:00-03:00\",\"inLanguage\":\"pt-BR\",\"mainEntityOfPage\":{\"@id\":\"https:\\\/\\\/newsinfoco.com.br\\\/inicio\\\/inmet-coloca-salvador-e-varios-municipios-em-alerta-para-chuvas-intensas-no-inicio-do-carnaval\\\/#webpage\"},\"isPartOf\":{\"@id\":\"https:\\\/\\\/newsinfoco.com.br\\\/inicio\\\/inmet-coloca-salvador-e-varios-municipios-em-alerta-para-chuvas-intensas-no-inicio-do-carnaval\\\/#webpage\"},\"articleSection\":\"Bahia\"},{\"@type\":\"BreadcrumbList\",\"@id\":\"https:\\\/\\\/newsinfoco.com.br\\\/inicio\\\/inmet-coloca-salvador-e-varios-municipios-em-alerta-para-chuvas-intensas-no-inicio-do-carnaval\\\/#breadcrumblist\",\"itemListElement\":[{\"@type\":\"ListItem\",\"@id\":\"https:\\\/\\\/newsinfoco.com.br\\\/inicio#listItem\",\"position\":1,\"name\":\"In\\u00edcio\",\"item\":\"https:\\\/\\\/newsinfoco.com.br\\\/inicio\",\"nextItem\":{\"@type\":\"ListItem\",\"@id\":\"https:\\\/\\\/newsinfoco.com.br\\\/inicio\\\/category\\\/bahia\\\/#listItem\",\"name\":\"Bahia\"}},{\"@type\":\"ListItem\",\"@id\":\"https:\\\/\\\/newsinfoco.com.br\\\/inicio\\\/category\\\/bahia\\\/#listItem\",\"position\":2,\"name\":\"Bahia\",\"item\":\"https:\\\/\\\/newsinfoco.com.br\\\/inicio\\\/category\\\/bahia\\\/\",\"nextItem\":{\"@type\":\"ListItem\",\"@id\":\"https:\\\/\\\/newsinfoco.com.br\\\/inicio\\\/inmet-coloca-salvador-e-varios-municipios-em-alerta-para-chuvas-intensas-no-inicio-do-carnaval\\\/#listItem\",\"name\":\"Inmet coloca Salvador e v\\u00e1rios munic\\u00edpios em alerta para chuvas intensas no in\\u00edcio do Carnaval\"},\"previousItem\":{\"@type\":\"ListItem\",\"@id\":\"https:\\\/\\\/newsinfoco.com.br\\\/inicio#listItem\",\"name\":\"In\\u00edcio\"}},{\"@type\":\"ListItem\",\"@id\":\"https:\\\/\\\/newsinfoco.com.br\\\/inicio\\\/inmet-coloca-salvador-e-varios-municipios-em-alerta-para-chuvas-intensas-no-inicio-do-carnaval\\\/#listItem\",\"position\":3,\"name\":\"Inmet coloca Salvador e v\\u00e1rios munic\\u00edpios em alerta para chuvas intensas no in\\u00edcio do Carnaval\",\"previousItem\":{\"@type\":\"ListItem\",\"@id\":\"https:\\\/\\\/newsinfoco.com.br\\\/inicio\\\/category\\\/bahia\\\/#listItem\",\"name\":\"Bahia\"}}]},{\"@type\":\"Organization\",\"@id\":\"https:\\\/\\\/newsinfoco.com.br\\\/inicio\\\/#organization\",\"name\":\"News In Foco - Editado por Caio Pimenta\",\"description\":\"O principal site de noticias de Alagoinhas e regi\\u00e3o\",\"url\":\"https:\\\/\\\/newsinfoco.com.br\\\/inicio\\\/\"},{\"@type\":\"Person\",\"@id\":\"https:\\\/\\\/newsinfoco.com.br\\\/inicio\\\/author\\\/administrador\\\/#author\",\"url\":\"https:\\\/\\\/newsinfoco.com.br\\\/inicio\\\/author\\\/administrador\\\/\",\"name\":\"administrador\",\"image\":{\"@type\":\"ImageObject\",\"@id\":\"https:\\\/\\\/newsinfoco.com.br\\\/inicio\\\/inmet-coloca-salvador-e-varios-municipios-em-alerta-para-chuvas-intensas-no-inicio-do-carnaval\\\/#authorImage\",\"url\":\"https:\\\/\\\/secure.gravatar.com\\\/avatar\\\/c17a617433de8c1dc9584bb79aab7563b46f5bb7e1728c9b17d9cc3ce6a08e49?s=96&d=mm&r=g\",\"width\":96,\"height\":96,\"caption\":\"administrador\"}},{\"@type\":\"WebPage\",\"@id\":\"https:\\\/\\\/newsinfoco.com.br\\\/inicio\\\/inmet-coloca-salvador-e-varios-municipios-em-alerta-para-chuvas-intensas-no-inicio-do-carnaval\\\/#webpage\",\"url\":\"https:\\\/\\\/newsinfoco.com.br\\\/inicio\\\/inmet-coloca-salvador-e-varios-municipios-em-alerta-para-chuvas-intensas-no-inicio-do-carnaval\\\/\",\"name\":\"Inmet coloca Salvador e v\\u00e1rios munic\\u00edpios em alerta para chuvas intensas no in\\u00edcio do Carnaval - News In Foco - Editado por Caio Pimenta\",\"description\":\"O Instituto Nacional de Meteorologia (Inmet) emitiu um alerta amarelo de \\u201cperigo potencial\\u201d para Salvador e outras 162 cidades baianas. O aviso, v\\u00e1lido at\\u00e9 as 23h59 desta sexta-feira (13), aponta para a ocorr\\u00eancia de chuvas intensas e ventos fortes logo no in\\u00edcio oficial da folia. A previs\\u00e3o indica acumulados que podem chegar a 50 mm\",\"inLanguage\":\"pt-BR\",\"isPartOf\":{\"@id\":\"https:\\\/\\\/newsinfoco.com.br\\\/inicio\\\/#website\"},\"breadcrumb\":{\"@id\":\"https:\\\/\\\/newsinfoco.com.br\\\/inicio\\\/inmet-coloca-salvador-e-varios-municipios-em-alerta-para-chuvas-intensas-no-inicio-do-carnaval\\\/#breadcrumblist\"},\"author\":{\"@id\":\"https:\\\/\\\/newsinfoco.com.br\\\/inicio\\\/author\\\/administrador\\\/#author\"},\"creator\":{\"@id\":\"https:\\\/\\\/newsinfoco.com.br\\\/inicio\\\/author\\\/administrador\\\/#author\"},\"image\":{\"@type\":\"ImageObject\",\"url\":\"https:\\\/\\\/newsinfoco.com.br\\\/inicio\\\/wp-content\\\/uploads\\\/2026\\\/02\\\/chuva-600x420-1-1.jpg\",\"@id\":\"https:\\\/\\\/newsinfoco.com.br\\\/inicio\\\/inmet-coloca-salvador-e-varios-municipios-em-alerta-para-chuvas-intensas-no-inicio-do-carnaval\\\/#mainImage\",\"width\":600,\"height\":420},\"primaryImageOfPage\":{\"@id\":\"https:\\\/\\\/newsinfoco.com.br\\\/inicio\\\/inmet-coloca-salvador-e-varios-municipios-em-alerta-para-chuvas-intensas-no-inicio-do-carnaval\\\/#mainImage\"},\"datePublished\":\"2026-02-13T18:34:00-03:00\",\"dateModified\":\"2026-02-13T18:34:00-03:00\"},{\"@type\":\"WebSite\",\"@id\":\"https:\\\/\\\/newsinfoco.com.br\\\/inicio\\\/#website\",\"url\":\"https:\\\/\\\/newsinfoco.com.br\\\/inicio\\\/\",\"name\":\"News In Foco - Editado por Caio Pimenta\",\"description\":\"O principal site de noticias de Alagoinhas e regi\\u00e3o\",\"inLanguage\":\"pt-BR\",\"publisher\":{\"@id\":\"https:\\\/\\\/newsinfoco.com.br\\\/inicio\\\/#organization\"}}]}\n\t\t<\/script>\n\t\t<!-- All in One SEO -->\n\n","aioseo_head_json":{"title":"Inmet coloca Salvador e v\u00e1rios munic\u00edpios em alerta para chuvas intensas no in\u00edcio do Carnaval - News In Foco - Editado por Caio Pimenta","description":"O Instituto Nacional de Meteorologia (Inmet) emitiu um alerta amarelo de \u201cperigo potencial\u201d para Salvador e outras 162 cidades baianas. O aviso, v\u00e1lido at\u00e9 as 23h59 desta sexta-feira (13), aponta para a ocorr\u00eancia de chuvas intensas e ventos fortes logo no in\u00edcio oficial da folia. A previs\u00e3o indica acumulados que podem chegar a 50 mm","canonical_url":"https:\/\/newsinfoco.com.br\/inicio\/inmet-coloca-salvador-e-varios-municipios-em-alerta-para-chuvas-intensas-no-inicio-do-carnaval\/","robots":"max-image-preview:large","keywords":"","webmasterTools":{"miscellaneous":""},"schema":{"@context":"https:\/\/schema.org","@graph":[{"@type":"BlogPosting","@id":"https:\/\/newsinfoco.com.br\/inicio\/inmet-coloca-salvador-e-varios-municipios-em-alerta-para-chuvas-intensas-no-inicio-do-carnaval\/#blogposting","name":"Inmet coloca Salvador e v\u00e1rios munic\u00edpios em alerta para chuvas intensas no in\u00edcio do Carnaval - News In Foco - Editado por Caio Pimenta","headline":"Inmet coloca Salvador e v\u00e1rios munic\u00edpios em alerta para chuvas intensas no in\u00edcio do Carnaval","author":{"@id":"https:\/\/newsinfoco.com.br\/inicio\/author\/administrador\/#author"},"publisher":{"@id":"https:\/\/newsinfoco.com.br\/inicio\/#organization"},"image":{"@type":"ImageObject","url":"https:\/\/newsinfoco.com.br\/inicio\/wp-content\/uploads\/2026\/02\/chuva-600x420-1-1.jpg","width":600,"height":420},"datePublished":"2026-02-13T18:34:00-03:00","dateModified":"2026-02-13T18:34:00-03:00","inLanguage":"pt-BR","mainEntityOfPage":{"@id":"https:\/\/newsinfoco.com.br\/inicio\/inmet-coloca-salvador-e-varios-municipios-em-alerta-para-chuvas-intensas-no-inicio-do-carnaval\/#webpage"},"isPartOf":{"@id":"https:\/\/newsinfoco.com.br\/inicio\/inmet-coloca-salvador-e-varios-municipios-em-alerta-para-chuvas-intensas-no-inicio-do-carnaval\/#webpage"},"articleSection":"Bahia"},{"@type":"BreadcrumbList","@id":"https:\/\/newsinfoco.com.br\/inicio\/inmet-coloca-salvador-e-varios-municipios-em-alerta-para-chuvas-intensas-no-inicio-do-carnaval\/#breadcrumblist","itemListElement":[{"@type":"ListItem","@id":"https:\/\/newsinfoco.com.br\/inicio#listItem","position":1,"name":"In\u00edcio","item":"https:\/\/newsinfoco.com.br\/inicio","nextItem":{"@type":"ListItem","@id":"https:\/\/newsinfoco.com.br\/inicio\/category\/bahia\/#listItem","name":"Bahia"}},{"@type":"ListItem","@id":"https:\/\/newsinfoco.com.br\/inicio\/category\/bahia\/#listItem","position":2,"name":"Bahia","item":"https:\/\/newsinfoco.com.br\/inicio\/category\/bahia\/","nextItem":{"@type":"ListItem","@id":"https:\/\/newsinfoco.com.br\/inicio\/inmet-coloca-salvador-e-varios-municipios-em-alerta-para-chuvas-intensas-no-inicio-do-carnaval\/#listItem","name":"Inmet coloca Salvador e v\u00e1rios munic\u00edpios em alerta para chuvas intensas no in\u00edcio do Carnaval"},"previousItem":{"@type":"ListItem","@id":"https:\/\/newsinfoco.com.br\/inicio#listItem","name":"In\u00edcio"}},{"@type":"ListItem","@id":"https:\/\/newsinfoco.com.br\/inicio\/inmet-coloca-salvador-e-varios-municipios-em-alerta-para-chuvas-intensas-no-inicio-do-carnaval\/#listItem","position":3,"name":"Inmet coloca Salvador e v\u00e1rios munic\u00edpios em alerta para chuvas intensas no in\u00edcio do Carnaval","previousItem":{"@type":"ListItem","@id":"https:\/\/newsinfoco.com.br\/inicio\/category\/bahia\/#listItem","name":"Bahia"}}]},{"@type":"Organization","@id":"https:\/\/newsinfoco.com.br\/inicio\/#organization","name":"News In Foco - Editado por Caio Pimenta","description":"O principal site de noticias de Alagoinhas e regi\u00e3o","url":"https:\/\/newsinfoco.com.br\/inicio\/"},{"@type":"Person","@id":"https:\/\/newsinfoco.com.br\/inicio\/author\/administrador\/#author","url":"https:\/\/newsinfoco.com.br\/inicio\/author\/administrador\/","name":"administrador","image":{"@type":"ImageObject","@id":"https:\/\/newsinfoco.com.br\/inicio\/inmet-coloca-salvador-e-varios-municipios-em-alerta-para-chuvas-intensas-no-inicio-do-carnaval\/#authorImage","url":"https:\/\/secure.gravatar.com\/avatar\/c17a617433de8c1dc9584bb79aab7563b46f5bb7e1728c9b17d9cc3ce6a08e49?s=96&d=mm&r=g","width":96,"height":96,"caption":"administrador"}},{"@type":"WebPage","@id":"https:\/\/newsinfoco.com.br\/inicio\/inmet-coloca-salvador-e-varios-municipios-em-alerta-para-chuvas-intensas-no-inicio-do-carnaval\/#webpage","url":"https:\/\/newsinfoco.com.br\/inicio\/inmet-coloca-salvador-e-varios-municipios-em-alerta-para-chuvas-intensas-no-inicio-do-carnaval\/","name":"Inmet coloca Salvador e v\u00e1rios munic\u00edpios em alerta para chuvas intensas no in\u00edcio do Carnaval - News In Foco - Editado por Caio Pimenta","description":"O Instituto Nacional de Meteorologia (Inmet) emitiu um alerta amarelo de \u201cperigo potencial\u201d para Salvador e outras 162 cidades baianas. O aviso, v\u00e1lido at\u00e9 as 23h59 desta sexta-feira (13), aponta para a ocorr\u00eancia de chuvas intensas e ventos fortes logo no in\u00edcio oficial da folia. A previs\u00e3o indica acumulados que podem chegar a 50 mm","inLanguage":"pt-BR","isPartOf":{"@id":"https:\/\/newsinfoco.com.br\/inicio\/#website"},"breadcrumb":{"@id":"https:\/\/newsinfoco.com.br\/inicio\/inmet-coloca-salvador-e-varios-municipios-em-alerta-para-chuvas-intensas-no-inicio-do-carnaval\/#breadcrumblist"},"author":{"@id":"https:\/\/newsinfoco.com.br\/inicio\/author\/administrador\/#author"},"creator":{"@id":"https:\/\/newsinfoco.com.br\/inicio\/author\/administrador\/#author"},"image":{"@type":"ImageObject","url":"https:\/\/newsinfoco.com.br\/inicio\/wp-content\/uploads\/2026\/02\/chuva-600x420-1-1.jpg","@id":"https:\/\/newsinfoco.com.br\/inicio\/inmet-coloca-salvador-e-varios-municipios-em-alerta-para-chuvas-intensas-no-inicio-do-carnaval\/#mainImage","width":600,"height":420},"primaryImageOfPage":{"@id":"https:\/\/newsinfoco.com.br\/inicio\/inmet-coloca-salvador-e-varios-municipios-em-alerta-para-chuvas-intensas-no-inicio-do-carnaval\/#mainImage"},"datePublished":"2026-02-13T18:34:00-03:00","dateModified":"2026-02-13T18:34:00-03:00"},{"@type":"WebSite","@id":"https:\/\/newsinfoco.com.br\/inicio\/#website","url":"https:\/\/newsinfoco.com.br\/inicio\/","name":"News In Foco - Editado por Caio Pimenta","description":"O principal site de noticias de Alagoinhas e regi\u00e3o","inLanguage":"pt-BR","publisher":{"@id":"https:\/\/newsinfoco.com.br\/inicio\/#organization"}}]},"og:locale":"pt_BR","og:site_name":"News In Foco - Editado por Caio Pimenta - O principal site de noticias de Alagoinhas e regi\u00e3o","og:type":"article","og:title":"Inmet coloca Salvador e v\u00e1rios munic\u00edpios em alerta para chuvas intensas no in\u00edcio do Carnaval - News In Foco - Editado por Caio Pimenta","og:description":"O Instituto Nacional de Meteorologia (Inmet) emitiu um alerta amarelo de \u201cperigo potencial\u201d para Salvador e outras 162 cidades baianas. O aviso, v\u00e1lido at\u00e9 as 23h59 desta sexta-feira (13), aponta para a ocorr\u00eancia de chuvas intensas e ventos fortes logo no in\u00edcio oficial da folia. A previs\u00e3o indica acumulados que podem chegar a 50 mm","og:url":"https:\/\/newsinfoco.com.br\/inicio\/inmet-coloca-salvador-e-varios-municipios-em-alerta-para-chuvas-intensas-no-inicio-do-carnaval\/","article:published_time":"2026-02-13T21:34:00+00:00","article:modified_time":"2026-02-13T21:34:00+00:00","twitter:card":"summary_large_image","twitter:title":"Inmet coloca Salvador e v\u00e1rios munic\u00edpios em alerta para chuvas intensas no in\u00edcio do Carnaval - News In Foco - Editado por Caio Pimenta","twitter:description":"O Instituto Nacional de Meteorologia (Inmet) emitiu um alerta amarelo de \u201cperigo potencial\u201d para Salvador e outras 162 cidades baianas. O aviso, v\u00e1lido at\u00e9 as 23h59 desta sexta-feira (13), aponta para a ocorr\u00eancia de chuvas intensas e ventos fortes logo no in\u00edcio oficial da folia. A previs\u00e3o indica acumulados que podem chegar a 50 mm"},"aioseo_meta_data":{"post_id":"48818","title":null,"description":null,"keywords":null,"keyphrases":{"focus":{"keyphrase":"","score":0,"analysis":{"keyphraseInTitle":{"score":0,"maxScore":9,"error":1}}},"additional":[]},"primary_term":null,"canonical_url":null,"og_title":null,"og_description":null,"og_object_type":"default","og_image_type":"default","og_image_url":null,"og_image_width":null,"og_image_height":null,"og_image_custom_url":null,"og_image_custom_fields":null,"og_video":"","og_custom_url":null,"og_article_section":null,"og_article_tags":null,"twitter_use_og":false,"twitter_card":"default","twitter_image_type":"default","twitter_image_url":null,"twitter_image_custom_url":null,"twitter_image_custom_fields":null,"twitter_title":null,"twitter_description":null,"schema":{"blockGraphs":[],"customGraphs":[],"default":{"data":{"Article":[],"Course":[],"Dataset":[],"FAQPage":[],"Movie":[],"Person":[],"Product":[],"ProductReview":[],"Car":[],"Recipe":[],"Service":[],"SoftwareApplication":[],"WebPage":[]},"graphName":"BlogPosting","isEnabled":true},"graphs":[]},"schema_type":"default","schema_type_options":null,"pillar_content":false,"robots_default":true,"robots_noindex":false,"robots_noarchive":false,"robots_nosnippet":false,"robots_nofollow":false,"robots_noimageindex":false,"robots_noodp":false,"robots_notranslate":false,"robots_max_snippet":"-1","robots_max_videopreview":"-1","robots_max_imagepreview":"large","priority":null,"frequency":"default","local_seo":null,"breadcrumb_settings":null,"limit_modified_date":false,"ai":{"faqs":[],"keyPoints":[],"titles":[],"descriptions":[],"socialPosts":{"email":[],"linkedin":[],"twitter":[],"facebook":[],"instagram":[]}},"created":"2026-02-13 21:34:00","updated":"2026-02-13 21:40:53","seo_analyzer_scan_date":null},"aioseo_breadcrumb":"<div class=\"aioseo-breadcrumbs\"><span class=\"aioseo-breadcrumb\">\n\t\t\t<a href=\"https:\/\/newsinfoco.com.br\/inicio\" title=\"In\u00edcio\">In\u00edcio<\/a>\n\t\t<\/span><span class=\"aioseo-breadcrumb-separator\">&raquo;<\/span><span class=\"aioseo-breadcrumb\">\n\t\t\t<a href=\"https:\/\/newsinfoco.com.br\/inicio\/category\/bahia\/\" title=\"Bahia\">Bahia<\/a>\n\t\t<\/span><span class=\"aioseo-breadcrumb-separator\">&raquo;<\/span><span class=\"aioseo-breadcrumb\">\n\t\t\tInmet coloca Salvador e v\u00e1rios munic\u00edpios em alerta para chuvas intensas no in\u00edcio do Carnaval\n\t\t<\/span><\/div>","aioseo_breadcrumb_json":[{"label":"In\u00edcio","link":"https:\/\/newsinfoco.com.br\/inicio"},{"label":"Bahia","link":"https:\/\/newsinfoco.com.br\/inicio\/category\/bahia\/"},{"label":"Inmet coloca Salvador e v\u00e1rios munic\u00edpios em alerta para chuvas intensas no in\u00edcio do Carnaval","link":"https:\/\/newsinfoco.com.br\/inicio\/inmet-coloca-salvador-e-varios-municipios-em-alerta-para-chuvas-intensas-no-inicio-do-carnaval\/"}],"_links":{"self":[{"href":"https:\/\/newsinfoco.com.br\/inicio\/wp-json\/wp\/v2\/posts\/48818","targetHints":{"allow":["GET"]}}],"collection":[{"href":"https:\/\/newsinfoco.com.br\/inicio\/wp-json\/wp\/v2\/posts"}],"about":[{"href":"https:\/\/newsinfoco.com.br\/inicio\/wp-json\/wp\/v2\/types\/post"}],"author":[{"embeddable":true,"href":"https:\/\/newsinfoco.com.br\/inicio\/wp-json\/wp\/v2\/users\/1"}],"replies":[{"embeddable":true,"href":"https:\/\/newsinfoco.com.br\/inicio\/wp-json\/wp\/v2\/comments?post=48818"}],"version-history":[{"count":1,"href":"https:\/\/newsinfoco.com.br\/inicio\/wp-json\/wp\/v2\/posts\/48818\/revisions"}],"predecessor-version":[{"id":48820,"href":"https:\/\/newsinfoco.com.br\/inicio\/wp-json\/wp\/v2\/posts\/48818\/revisions\/48820"}],"wp:featuredmedia":[{"embeddable":true,"href":"https:\/\/newsinfoco.com.br\/inicio\/wp-json\/wp\/v2\/media\/48819"}],"wp:attachment":[{"href":"https:\/\/newsinfoco.com.br\/inicio\/wp-json\/wp\/v2\/media?parent=48818"}],"wp:term":[{"taxonomy":"category","embeddable":true,"href":"https:\/\/newsinfoco.com.br\/inicio\/wp-json\/wp\/v2\/categories?post=48818"},{"taxonomy":"post_tag","embeddable":true,"href":"https:\/\/newsinfoco.com.br\/inicio\/wp-json\/wp\/v2\/tags?post=48818"}],"curies":[{"name":"wp","href":"https:\/\/api.w.org\/{rel}","templated":true}]}}