{"id":4883,"date":"2018-06-06T17:29:05","date_gmt":"2018-06-06T20:29:05","guid":{"rendered":"http:\/\/newsinfoco.com.br\/?p=4883"},"modified":"2018-06-06T17:29:05","modified_gmt":"2018-06-06T20:29:05","slug":"qualidade-da-agua-coloracao-esbranquicada-nao-se-deve-a-excesso-de-cloro-e-nao-faz-mal","status":"publish","type":"post","link":"https:\/\/newsinfoco.com.br\/inicio\/qualidade-da-agua-coloracao-esbranquicada-nao-se-deve-a-excesso-de-cloro-e-nao-faz-mal\/","title":{"rendered":"QUALIDADE DA \u00c1GUA: Colora\u00e7\u00e3o esbranqui\u00e7ada n\u00e3o se deve a excesso de cloro e n\u00e3o faz mal"},"content":{"rendered":"<p style=\"text-align: justify;\"><span style=\"color: #000000;\">\u00c0s vezes, ao abrir a torneira e encher um copo ou uma garrafa pode ocorrer de a \u00e1gua ter uma colora\u00e7\u00e3o \u201cesbranqui\u00e7ada\u201d. De acordo com levantamento do Servi\u00e7o Aut\u00f4nomo de \u00c1gua e Esgoto (SAAE) Alagoinhas, h\u00e1 usu\u00e1rios que pensam tratar-se de excesso de cloro no tratamento. No entanto, a suposi\u00e7\u00e3o \u00e9 equivocada.<\/span><\/p>\n<p style=\"text-align: justify;\"><span style=\"color: #000000;\">De acordo com Adriano Almeida, laboratorista da autarquia, o que ocorre nestes casos \u00e9 que \u201ca partir da entrada de ar na rede de distribui\u00e7\u00e3o, suas part\u00edculas ficam em grande agita\u00e7\u00e3o; isso e a press\u00e3o exercida na pr\u00f3pria rede d\u00e1 o car\u00e1ter esbranqui\u00e7ado quando chegam nas torneiras\u201d.<\/span><\/p><div class=\"newsi-conteudo_19\" id=\"newsi-3592999872\"><a href=\"https:\/\/www.instagram.com\/prefeituraalagoinhas?igsh=YzgzdDJ1bWR3aWI4\" aria-label=\"SAVE_20251006_221555\"><img loading=\"lazy\" decoding=\"async\" src=\"https:\/\/newsinfoco.com.br\/inicio\/wp-content\/uploads\/2025\/10\/SAVE_20251006_221555-rotated.jpg\" alt=\"\"  srcset=\"https:\/\/newsinfoco.com.br\/inicio\/wp-content\/uploads\/2025\/10\/SAVE_20251006_221555-rotated.jpg 1140w, https:\/\/newsinfoco.com.br\/inicio\/wp-content\/uploads\/2025\/10\/SAVE_20251006_221555-300x52.jpg 300w, https:\/\/newsinfoco.com.br\/inicio\/wp-content\/uploads\/2025\/10\/SAVE_20251006_221555-1024x177.jpg 1024w, https:\/\/newsinfoco.com.br\/inicio\/wp-content\/uploads\/2025\/10\/SAVE_20251006_221555-768x133.jpg 768w, https:\/\/newsinfoco.com.br\/inicio\/wp-content\/uploads\/2025\/10\/SAVE_20251006_221555-600x104.jpg 600w, https:\/\/newsinfoco.com.br\/inicio\/wp-content\/uploads\/2025\/10\/SAVE_20251006_221555-696x120.jpg 696w, https:\/\/newsinfoco.com.br\/inicio\/wp-content\/uploads\/2025\/10\/SAVE_20251006_221555-1068x185.jpg 1068w\" sizes=\"(max-width: 1140px) 100vw, 1140px\" width=\"1140\" height=\"197\"   \/><\/a><\/div>\n<p style=\"text-align: justify;\"><span style=\"color: #000000;\">Assim, n\u00e3o s\u00f3 jamais se trata de cloro \u2013 a rigor, o elemento qu\u00edmico em quest\u00e3o n\u00e3o tem a propriedade de causar a suposta rea\u00e7\u00e3o \u2013, como o consumo da \u00e1gua em tais circunst\u00e2ncias n\u00e3o \u00e9 minimamente nocivo.<\/span><\/p>\n<p style=\"text-align: justify;\"><span style=\"color: #000000;\">De todo modo, caso algumas pessoas fiquem receosas de beber a \u201c\u00e1gua esbranqui\u00e7ada\u201d mesmo ap\u00f3s as explica\u00e7\u00f5es, basta deixar o recipiente im\u00f3vel e observ\u00e1-lo por alguns instantes. Invariavelmente, o observador constatar\u00e1 que t\u00e3o logo o ar \u00e9 liberado, o que prevalece \u00e9 a transpar\u00eancia habitual.<\/span><\/p>\n<p style=\"text-align: justify;\"><span style=\"color: #000000;\">No mais, os moradores podem ficar tranquilos, pois o SAAE realiza, diariamente, an\u00e1lises criteriosas das condi\u00e7\u00f5es de qualidade da \u00e1gua \u2013 tanto na etapa de sa\u00edda quanto na etapa de distribui\u00e7\u00e3o.<\/span><\/p>\n<p style=\"text-align: justify;\"><span style=\"color: #000000;\">Com base na import\u00e2ncia do di\u00e1logo direto, sempre que houver qualquer d\u00favida ou reclama\u00e7\u00e3o, os usu\u00e1rios devem procurar a autarquia atrav\u00e9s de seus canais oficiais de comunica\u00e7\u00e3o, criados justamente para atender \u00e0 popula\u00e7\u00e3o da melhor maneira poss\u00edvel, seja prestando esclarecimentos, seja realizando algum servi\u00e7o de ordem pr\u00e1tica.<\/span><\/p>\n<p style=\"text-align: justify;\"><span style=\"color: #000000;\">Al\u00e9m do atendimento presencial no Posto de Atendimento (Rua Moreira Rego,9977, Centro), h\u00e1 o WhatsApp e o Call Center. Pelo aplicativo, basta enviar uma mensagem (75) 981804500; o retorno sempre \u00e9 instant\u00e2neo. Pelo Call Center, \u00e9 s\u00f3 ligar gratuitamente para 0800 702 7065.<\/span><\/p>\n<p style=\"text-align: justify;\"><span style=\"color: #000000;\"><strong>ASCOM<\/strong><\/span><br \/>\n<span style=\"color: #000000;\">Servi\u00e7o Aut\u00f4nomo de \u00c1gua e Esgoto \u2013 SAAE Alagoinhas<\/span><br \/>\n<span style=\"color: #000000;\">E-mail: ascom.saae@alagoinhas.ba.gov.br<\/span><br \/>\n<span style=\"color: #000000;\">Telefone: (75) 31826031<\/span><\/p>\n<p style=\"text-align: justify;\"><span style=\"color: #000000;\"><strong>Redes Sociais<\/strong><\/span><br \/>\n<span style=\"color: #000000;\">Facebook:\u00a0www.facebook.com\/saaedealagoinhas<\/span><br \/>\n<span style=\"color: #000000;\">Instagram:\u00a0www.instagram.com\/saaealagoinhas<\/span><br \/>\n<span style=\"color: #000000;\">Site:\u00a0www.saae.alagoinhas.ba.gov.br<\/span><\/p>\n<h6 style=\"text-align: right;\"><span style=\"color: #999999;\">Fonte: SAAE SECOM\u00a0<\/span><\/h6>\n<div style=\"text-align: justify;\" align=\"right\"><\/div>\n<div class='share-to-whatsapp-wrapper'><div class='share-on-whsp'>Share on: <\/div><a data-text='QUALIDADE DA \u00c1GUA: Colora\u00e7\u00e3o esbranqui\u00e7ada n\u00e3o se deve a excesso de cloro e n\u00e3o faz mal' data-link='https:\/\/newsinfoco.com.br\/inicio\/qualidade-da-agua-coloracao-esbranquicada-nao-se-deve-a-excesso-de-cloro-e-nao-faz-mal\/' class='whatsapp-button whatsapp-share'>WhatsApp<\/a><div class='clear '><\/div><\/div>","protected":false},"excerpt":{"rendered":"<p>\u00c0s vezes, ao abrir a torneira e encher um copo ou uma garrafa pode ocorrer de a \u00e1gua ter uma colora\u00e7\u00e3o \u201cesbranqui\u00e7ada\u201d. De acordo com levantamento do Servi\u00e7o Aut\u00f4nomo de \u00c1gua e Esgoto (SAAE) Alagoinhas, h\u00e1 usu\u00e1rios que pensam tratar-se de excesso de cloro no tratamento. No entanto, a suposi\u00e7\u00e3o \u00e9 equivocada. De acordo com [&hellip;]<\/p>\n","protected":false},"author":1,"featured_media":4884,"comment_status":"open","ping_status":"open","sticky":false,"template":"","format":"standard","meta":{"om_disable_all_campaigns":false,"_exactmetrics_skip_tracking":false,"_exactmetrics_sitenote_active":false,"_exactmetrics_sitenote_note":"","_exactmetrics_sitenote_category":0,"footnotes":""},"categories":[38,30],"tags":[53,54,108],"class_list":["post-4883","post","type-post","status-publish","format-standard","has-post-thumbnail","hentry","category-alagoinhas-e-regiao","category-destaque","tag-alagoinhas","tag-prefeitura","tag-saae-secom"],"aioseo_notices":[],"_links":{"self":[{"href":"https:\/\/newsinfoco.com.br\/inicio\/wp-json\/wp\/v2\/posts\/4883","targetHints":{"allow":["GET"]}}],"collection":[{"href":"https:\/\/newsinfoco.com.br\/inicio\/wp-json\/wp\/v2\/posts"}],"about":[{"href":"https:\/\/newsinfoco.com.br\/inicio\/wp-json\/wp\/v2\/types\/post"}],"author":[{"embeddable":true,"href":"https:\/\/newsinfoco.com.br\/inicio\/wp-json\/wp\/v2\/users\/1"}],"replies":[{"embeddable":true,"href":"https:\/\/newsinfoco.com.br\/inicio\/wp-json\/wp\/v2\/comments?post=4883"}],"version-history":[{"count":0,"href":"https:\/\/newsinfoco.com.br\/inicio\/wp-json\/wp\/v2\/posts\/4883\/revisions"}],"wp:featuredmedia":[{"embeddable":true,"href":"https:\/\/newsinfoco.com.br\/inicio\/wp-json\/wp\/v2\/media\/4884"}],"wp:attachment":[{"href":"https:\/\/newsinfoco.com.br\/inicio\/wp-json\/wp\/v2\/media?parent=4883"}],"wp:term":[{"taxonomy":"category","embeddable":true,"href":"https:\/\/newsinfoco.com.br\/inicio\/wp-json\/wp\/v2\/categories?post=4883"},{"taxonomy":"post_tag","embeddable":true,"href":"https:\/\/newsinfoco.com.br\/inicio\/wp-json\/wp\/v2\/tags?post=4883"}],"curies":[{"name":"wp","href":"https:\/\/api.w.org\/{rel}","templated":true}]}}