{"id":48830,"date":"2026-02-13T19:09:25","date_gmt":"2026-02-13T22:09:25","guid":{"rendered":"https:\/\/newsinfoco.com.br\/inicio\/?p=48830"},"modified":"2026-02-13T19:09:25","modified_gmt":"2026-02-13T22:09:25","slug":"ministros-do-stf-acreditam-que-foram-gravados-clandestinamente-por-toffoli-em-sessao-secreta","status":"publish","type":"post","link":"https:\/\/newsinfoco.com.br\/inicio\/ministros-do-stf-acreditam-que-foram-gravados-clandestinamente-por-toffoli-em-sessao-secreta\/","title":{"rendered":"Ministros do STF acreditam que foram gravados clandestinamente por Toffoli em sess\u00e3o secreta"},"content":{"rendered":"<p>Os di\u00e1logos vieram \u00e0 tona\u00a0<a href=\"https:\/\/www.poder360.com.br\/poder-justica\/pressao-politica-empurrou-stf-para-tirar-toffoli-do-caso-master\/\" target=\"_blank\" rel=\"noopener\">em reportagem do site Poder360.\u00a0<\/a>O texto reproduz as palavras dos ministros de forma literal e precisa.<\/p>\n<p>Magistrados j\u00e1 enviaram inclusive a reportagem a Toffoli mostrando que a grava\u00e7\u00e3o ocorreu.<\/p>\n<div class=\"c-advertising c-advertising--300x250 u-hidden-xs rs_skip\">\n<div id=\"banner-300x250-area-materia\" class=\"c-advertising__banner-area\">\n<div id=\"google_ads_iframe_\/27954005\/folha\/colunaseblogs_1__container__\"><\/div>\n<\/div>\n<\/div>\n<p>O ministro negou \u00e0 coluna ter feito qualquer registro. &#8220;N\u00e3o gravei e n\u00e3o relatei nada para ningu\u00e9m&#8221;, afirma ele. Em seguida, levantou a suspeita de que algum funcion\u00e1rio do setor de inform\u00e1tica pode ter feito a grava\u00e7\u00e3o (leia a manifesta\u00e7\u00e3o completa de Toffoli\u00a0<a href=\"https:\/\/www1.folha.uol.com.br\/colunas\/monicabergamo\/2026\/02\/toffoli-diz-que-nunca-gravou-conversas-de-ministros-absolutamente-inveridico.shtml\" target=\"\" rel=\"\">aqui<\/a>).<\/p>\n<p>Magistrados afirmaram \u00e0 coluna que a situa\u00e7\u00e3o \u00e9 sem precedentes, de perplexidade e desconforto, gerando uma quebra de confian\u00e7a in\u00e9dita. Disseram ainda que os di\u00e1logos selecionados por quem fez a grava\u00e7\u00e3o trazem apenas trechos favor\u00e1veis a Toffoli e n\u00e3o mostram a complexidade do que foi discutido na sess\u00e3o.<\/p>\n<p><a href=\"https:\/\/www1.folha.uol.com.br\/folha-topicos\/gilmar-mendes\/\">Gilmar Mendes<\/a>, por exemplo, disse na reuni\u00e3o, segundo a reportagem: &#8220;Eu acho que o que est\u00e1 por tr\u00e1s disso \u00e9 que o ministro Toffoli tomou algumas decis\u00f5es ao longo do seu tempo nesse caso Master aqui no STF que contrariaram a Pol\u00edcia Federal. E a Pol\u00edcia Federal quis revidar&#8221;.<\/p>\n<div class=\"c-advertising c-advertising--300x250 u-hidden-xs rs_skip\">\n<div id=\"banner-bottom-materia\" class=\"c-advertising__banner-area\"><\/div>\n<\/div>\n<p>Em seguida, coloca uma fala de\u00a0<a href=\"https:\/\/www1.folha.uol.com.br\/folha-topicos\/carmen-lucia\/\">C\u00e1rmen L\u00facia<\/a>\u00a0que mostraria que ela estava na reuni\u00e3o com a inten\u00e7\u00e3o de sacrificar Toffoli para recuperar a imagem do STF. A fala \u00e9 a seguinte: &#8220;Todo taxista que eu pego fala mal do Supremo. A popula\u00e7\u00e3o est\u00e1 contra o Supremo&#8221;. Disse ainda que, apesar de ter &#8220;confian\u00e7a&#8221; em Toffoli, era necess\u00e1rio &#8220;pensar na institucionalidade&#8221;.<\/p>\n<p><a href=\"https:\/\/www1.folha.uol.com.br\/folha-topicos\/luiz-fux\/\">Luiz Fux<\/a>, de acordo com a reportagem, disse: &#8220;O ministro Toffoli para mim tem f\u00e9 p\u00fablica. Meu voto \u00e9 a favor dele. Acabou. Eu n\u00e3o sei o que voc\u00eas est\u00e3o discutindo&#8221;.<\/p>\n<p>Moraes n\u00e3o teve falas literais publicadas, mas aparece como um duro cr\u00edtico da Pol\u00edcia Federal, que entregou ao presidente da Corte, Edson Fachin, o relat\u00f3rio que culminou na sa\u00edda de Toffoli do cargo.<\/p>\n<p>Nunes Marques aparece dizendo: &#8220;Para mim, isso \u00e9 um nada jur\u00eddico&#8221;. Em seguida, critica Fachin por querer votar a suspei\u00e7\u00e3o de Toffoli. Sua frase, publicada de forma literal, \u00e9 a seguinte: &#8220;Isso \u00e9 um absurdo: o juiz l\u00e1 da comarca do interior passar\u00e1 a ser comandado pelo delegado local se aceitarmos esse tipo de situa\u00e7\u00e3o. Acabou o Poder Judici\u00e1rio do Brasil. O sr. [Fachin] n\u00e3o pode colocar em vota\u00e7\u00e3o a argui\u00e7\u00e3o. Minha sugest\u00e3o \u00e9 que o ministro relator do processo fa\u00e7a uma proposi\u00e7\u00e3o dizendo que n\u00e3o \u00e9 impedido nem suspeito e coloque os argumentos dele diante do que foi apresentado e a gente vota. E pelo que vi aqui, ele vai ter maioria. O ideal seria unanimidade, presidente. Mas estou falando mais sobre encaminhamento, pois do m\u00e9rito eu n\u00e3o tenho d\u00favida&#8221;.<\/p>\n<div>\n<div class=\"js-gallery-widget rs_skip\">\n<div id=\"gallery-widget-undefined\" class=\"gallery-widget rs_preserve gallery-widget-keydown\" data-channel=\"monicabergamo\">\n<div class=\"gallery-widget__header\"><\/div>\n<\/div>\n<\/div>\n<\/div>\n<div class=\"player_dynad_tv rs_skip\"><\/div>\n<p>A reuni\u00e3o foi restrita aos ministros da Corte. Ningu\u00e9m al\u00e9m deles tinha autoriza\u00e7\u00e3o para entrar no local _o que d\u00e1 aos integrantes do STF a certeza de que o registro da conversa foi feito por um deles.<\/p>\n<p>A reportagem come\u00e7a dizendo que a reuni\u00e3o &#8220;teve um forte tom pol\u00edtico e uma busca de autopreserva\u00e7\u00e3o por parte de todos os ministros&#8221;.<\/p>\n<p>Diz ainda que muitos magistrados apoiavam Toffoli.<\/p>\n<p>E publica falas literais dos ministros.<\/p>\n<div>\n<p><a href=\"https:\/\/www1.folha.uol.com.br\/folha-topicos\/andre-mendonca\/\">Andr\u00e9 Mendon\u00e7a<\/a>\u00a0aparece afirmando: &#8220;Tem uma quest\u00e3o sobre o que \u00e9 descrito como rela\u00e7\u00e3o \u00edntima do ministro Toffoli&#8221;. Em seguida: &#8220;Isso n\u00e3o existe. Est\u00e1 aqui claro que n\u00e3o existe: rela\u00e7\u00e3o \u00edntima em 6 anos s\u00f3 com 6 minutos de conversa? Como disse o ministro Fux, a palavra do ministro Toffoli tem f\u00e9 p\u00fablica. Ent\u00e3o, isso est\u00e1 descartado&#8221;.<\/p>\n<p>O ministro\u00a0<a href=\"https:\/\/www1.folha.uol.com.br\/folha-topicos\/cristiano-zanin\/\">Cristiano Zanin<\/a>\u00a0afirma: &#8220;&#8221;Sou h\u00e1 1 ano e meio relator de um caso que envolve 3 ministros do STJ (Superior Tribunal de Justi\u00e7a) e a Pol\u00edcia Federal at\u00e9 hoje mandou para mim muito menos informa\u00e7\u00e3o do que essas 200 p\u00e1ginas, com fotos de sat\u00e9lite, cruzamento de celulares? Isso aqui tudo \u00e9 nulo&#8221;.<\/p>\n<p><a href=\"https:\/\/www1.folha.uol.com.br\/folha-topicos\/flavio-dino\/\">Fl\u00e1vio Dino<\/a>\u00a0tamb\u00e9m critica a PF: &#8220;Essas 200 p\u00e1ginas [de relat\u00f3rio da PF] para mim s\u00e3o um lixo jur\u00eddico. N\u00e3o adianta discutir esse lixo jur\u00eddico. A crise hoje \u00e9 pol\u00edtica, presidente [Fachin]. Em 2035, se Deus me der sa\u00fade, eu quero estar nesta cadeira. E esta cadeira tem b\u00f4nus e \u00f4nus. Eu acho que n\u00e3o adianta pensar nesta cadeira s\u00f3 nos b\u00f4nus. Eu acho, sr. presidente, que o sr. deveria ter resolvido isso dentro da institucionalidade da presid\u00eancia&#8221;.<\/p>\n<p>Apesar de todas essas falas, os magistrados conclu\u00edram que o melhor para o STF era o afastamento de Toffoli.<\/p>\n<p>A suspeita de que ele gravou os pr\u00f3prios colegas tem o cond\u00e3o de isolar o magistrado na Corte, segundo um de seus integrantes, j\u00e1 que houve uma quebra de confian\u00e7a.<\/p>\n<div class=\"c-advertising c-advertising--300x250 u-hidden-xs rs_skip\">\n<div id=\"banner-bottom-materia-2\" class=\"c-advertising__banner-area\"><\/div>\n<\/div>\n<div>Folha de S\u00e3o Paulo<\/div>\n<div>M\u00f4nica Bergamo<\/div>\n<\/div>\n<div class='share-to-whatsapp-wrapper'><div class='share-on-whsp'>Share on: <\/div><a data-text='Ministros do STF acreditam que foram gravados clandestinamente por Toffoli em sess\u00e3o secreta' data-link='https:\/\/newsinfoco.com.br\/inicio\/ministros-do-stf-acreditam-que-foram-gravados-clandestinamente-por-toffoli-em-sessao-secreta\/' class='whatsapp-button whatsapp-share'>WhatsApp<\/a><div class='clear '><\/div><\/div>","protected":false},"excerpt":{"rendered":"<p>Os di\u00e1logos vieram \u00e0 tona\u00a0em reportagem do site Poder360.\u00a0O texto reproduz as palavras dos ministros de forma literal e precisa. Magistrados j\u00e1 enviaram inclusive a reportagem a Toffoli mostrando que a grava\u00e7\u00e3o ocorreu. O ministro negou \u00e0 coluna ter feito qualquer registro. &#8220;N\u00e3o gravei e n\u00e3o relatei nada para ningu\u00e9m&#8221;, afirma ele. Em seguida, levantou [&hellip;]<\/p>\n","protected":false},"author":1,"featured_media":48831,"comment_status":"closed","ping_status":"closed","sticky":false,"template":"","format":"standard","meta":{"om_disable_all_campaigns":false,"rop_custom_images_group":[],"rop_custom_messages_group":[],"rop_publish_now":"initial","rop_publish_now_accounts":[],"rop_publish_now_history":[],"rop_publish_now_status":"pending","_exactmetrics_skip_tracking":false,"footnotes":""},"categories":[21],"tags":[],"class_list":["post-48830","post","type-post","status-publish","format-standard","has-post-thumbnail","hentry","category-brasil"],"aioseo_notices":[],"aioseo_head":"\n\t\t<!-- All in One SEO 4.9.10 - aioseo.com -->\n\t<meta name=\"description\" content=\"Os di\u00e1logos vieram \u00e0 tona em reportagem do site Poder360. O texto reproduz as palavras dos ministros de forma literal e precisa. Magistrados j\u00e1 enviaram inclusive a reportagem a Toffoli mostrando que a grava\u00e7\u00e3o ocorreu. O ministro negou \u00e0 coluna ter feito qualquer registro. &quot;N\u00e3o gravei e n\u00e3o relatei nada para ningu\u00e9m&quot;, afirma ele. Em seguida, levantou\" \/>\n\t<meta name=\"robots\" content=\"max-image-preview:large\" \/>\n\t<meta name=\"author\" content=\"administrador\"\/>\n\t<link rel=\"canonical\" href=\"https:\/\/newsinfoco.com.br\/inicio\/ministros-do-stf-acreditam-que-foram-gravados-clandestinamente-por-toffoli-em-sessao-secreta\/\" \/>\n\t<meta name=\"generator\" content=\"All in One SEO (AIOSEO) 4.9.10\" \/>\n\t\t<meta property=\"og:locale\" content=\"pt_BR\" \/>\n\t\t<meta property=\"og:site_name\" content=\"News In Foco - Editado por Caio Pimenta - O principal site de noticias de Alagoinhas e regi\u00e3o\" \/>\n\t\t<meta property=\"og:type\" content=\"article\" \/>\n\t\t<meta property=\"og:title\" content=\"Ministros do STF acreditam que foram gravados clandestinamente por Toffoli em sess\u00e3o secreta - News In Foco - Editado por Caio Pimenta\" \/>\n\t\t<meta property=\"og:description\" content=\"Os di\u00e1logos vieram \u00e0 tona em reportagem do site Poder360. O texto reproduz as palavras dos ministros de forma literal e precisa. Magistrados j\u00e1 enviaram inclusive a reportagem a Toffoli mostrando que a grava\u00e7\u00e3o ocorreu. O ministro negou \u00e0 coluna ter feito qualquer registro. &quot;N\u00e3o gravei e n\u00e3o relatei nada para ningu\u00e9m&quot;, afirma ele. Em seguida, levantou\" \/>\n\t\t<meta property=\"og:url\" content=\"https:\/\/newsinfoco.com.br\/inicio\/ministros-do-stf-acreditam-que-foram-gravados-clandestinamente-por-toffoli-em-sessao-secreta\/\" \/>\n\t\t<meta property=\"article:published_time\" content=\"2026-02-13T22:09:25+00:00\" \/>\n\t\t<meta property=\"article:modified_time\" content=\"2026-02-13T22:09:25+00:00\" \/>\n\t\t<meta name=\"twitter:card\" content=\"summary_large_image\" \/>\n\t\t<meta name=\"twitter:title\" content=\"Ministros do STF acreditam que foram gravados clandestinamente por Toffoli em sess\u00e3o secreta - News In Foco - Editado por Caio Pimenta\" \/>\n\t\t<meta name=\"twitter:description\" content=\"Os di\u00e1logos vieram \u00e0 tona em reportagem do site Poder360. O texto reproduz as palavras dos ministros de forma literal e precisa. Magistrados j\u00e1 enviaram inclusive a reportagem a Toffoli mostrando que a grava\u00e7\u00e3o ocorreu. O ministro negou \u00e0 coluna ter feito qualquer registro. &quot;N\u00e3o gravei e n\u00e3o relatei nada para ningu\u00e9m&quot;, afirma ele. Em seguida, levantou\" \/>\n\t\t<script type=\"application\/ld+json\" class=\"aioseo-schema\">\n\t\t\t{\"@context\":\"https:\\\/\\\/schema.org\",\"@graph\":[{\"@type\":\"BlogPosting\",\"@id\":\"https:\\\/\\\/newsinfoco.com.br\\\/inicio\\\/ministros-do-stf-acreditam-que-foram-gravados-clandestinamente-por-toffoli-em-sessao-secreta\\\/#blogposting\",\"name\":\"Ministros do STF acreditam que foram gravados clandestinamente por Toffoli em sess\\u00e3o secreta - News In Foco - Editado por Caio Pimenta\",\"headline\":\"Ministros do STF acreditam que foram gravados clandestinamente por Toffoli em sess\\u00e3o secreta\",\"author\":{\"@id\":\"https:\\\/\\\/newsinfoco.com.br\\\/inicio\\\/author\\\/administrador\\\/#author\"},\"publisher\":{\"@id\":\"https:\\\/\\\/newsinfoco.com.br\\\/inicio\\\/#organization\"},\"image\":{\"@type\":\"ImageObject\",\"url\":\"https:\\\/\\\/newsinfoco.com.br\\\/inicio\\\/wp-content\\\/uploads\\\/2026\\\/02\\\/1770925053698e2bfda9151_1770925053_3x2_rt.jpg\",\"width\":2400,\"height\":1600},\"datePublished\":\"2026-02-13T19:09:25-03:00\",\"dateModified\":\"2026-02-13T19:09:25-03:00\",\"inLanguage\":\"pt-BR\",\"mainEntityOfPage\":{\"@id\":\"https:\\\/\\\/newsinfoco.com.br\\\/inicio\\\/ministros-do-stf-acreditam-que-foram-gravados-clandestinamente-por-toffoli-em-sessao-secreta\\\/#webpage\"},\"isPartOf\":{\"@id\":\"https:\\\/\\\/newsinfoco.com.br\\\/inicio\\\/ministros-do-stf-acreditam-que-foram-gravados-clandestinamente-por-toffoli-em-sessao-secreta\\\/#webpage\"},\"articleSection\":\"Brasil\"},{\"@type\":\"BreadcrumbList\",\"@id\":\"https:\\\/\\\/newsinfoco.com.br\\\/inicio\\\/ministros-do-stf-acreditam-que-foram-gravados-clandestinamente-por-toffoli-em-sessao-secreta\\\/#breadcrumblist\",\"itemListElement\":[{\"@type\":\"ListItem\",\"@id\":\"https:\\\/\\\/newsinfoco.com.br\\\/inicio#listItem\",\"position\":1,\"name\":\"In\\u00edcio\",\"item\":\"https:\\\/\\\/newsinfoco.com.br\\\/inicio\",\"nextItem\":{\"@type\":\"ListItem\",\"@id\":\"https:\\\/\\\/newsinfoco.com.br\\\/inicio\\\/category\\\/brasil\\\/#listItem\",\"name\":\"Brasil\"}},{\"@type\":\"ListItem\",\"@id\":\"https:\\\/\\\/newsinfoco.com.br\\\/inicio\\\/category\\\/brasil\\\/#listItem\",\"position\":2,\"name\":\"Brasil\",\"item\":\"https:\\\/\\\/newsinfoco.com.br\\\/inicio\\\/category\\\/brasil\\\/\",\"nextItem\":{\"@type\":\"ListItem\",\"@id\":\"https:\\\/\\\/newsinfoco.com.br\\\/inicio\\\/ministros-do-stf-acreditam-que-foram-gravados-clandestinamente-por-toffoli-em-sessao-secreta\\\/#listItem\",\"name\":\"Ministros do STF acreditam que foram gravados clandestinamente por Toffoli em sess\\u00e3o secreta\"},\"previousItem\":{\"@type\":\"ListItem\",\"@id\":\"https:\\\/\\\/newsinfoco.com.br\\\/inicio#listItem\",\"name\":\"In\\u00edcio\"}},{\"@type\":\"ListItem\",\"@id\":\"https:\\\/\\\/newsinfoco.com.br\\\/inicio\\\/ministros-do-stf-acreditam-que-foram-gravados-clandestinamente-por-toffoli-em-sessao-secreta\\\/#listItem\",\"position\":3,\"name\":\"Ministros do STF acreditam que foram gravados clandestinamente por Toffoli em sess\\u00e3o secreta\",\"previousItem\":{\"@type\":\"ListItem\",\"@id\":\"https:\\\/\\\/newsinfoco.com.br\\\/inicio\\\/category\\\/brasil\\\/#listItem\",\"name\":\"Brasil\"}}]},{\"@type\":\"Organization\",\"@id\":\"https:\\\/\\\/newsinfoco.com.br\\\/inicio\\\/#organization\",\"name\":\"News In Foco - Editado por Caio Pimenta\",\"description\":\"O principal site de noticias de Alagoinhas e regi\\u00e3o\",\"url\":\"https:\\\/\\\/newsinfoco.com.br\\\/inicio\\\/\"},{\"@type\":\"Person\",\"@id\":\"https:\\\/\\\/newsinfoco.com.br\\\/inicio\\\/author\\\/administrador\\\/#author\",\"url\":\"https:\\\/\\\/newsinfoco.com.br\\\/inicio\\\/author\\\/administrador\\\/\",\"name\":\"administrador\",\"image\":{\"@type\":\"ImageObject\",\"@id\":\"https:\\\/\\\/newsinfoco.com.br\\\/inicio\\\/ministros-do-stf-acreditam-que-foram-gravados-clandestinamente-por-toffoli-em-sessao-secreta\\\/#authorImage\",\"url\":\"https:\\\/\\\/secure.gravatar.com\\\/avatar\\\/c17a617433de8c1dc9584bb79aab7563b46f5bb7e1728c9b17d9cc3ce6a08e49?s=96&d=mm&r=g\",\"width\":96,\"height\":96,\"caption\":\"administrador\"}},{\"@type\":\"WebPage\",\"@id\":\"https:\\\/\\\/newsinfoco.com.br\\\/inicio\\\/ministros-do-stf-acreditam-que-foram-gravados-clandestinamente-por-toffoli-em-sessao-secreta\\\/#webpage\",\"url\":\"https:\\\/\\\/newsinfoco.com.br\\\/inicio\\\/ministros-do-stf-acreditam-que-foram-gravados-clandestinamente-por-toffoli-em-sessao-secreta\\\/\",\"name\":\"Ministros do STF acreditam que foram gravados clandestinamente por Toffoli em sess\\u00e3o secreta - News In Foco - Editado por Caio Pimenta\",\"description\":\"Os di\\u00e1logos vieram \\u00e0 tona em reportagem do site Poder360. O texto reproduz as palavras dos ministros de forma literal e precisa. Magistrados j\\u00e1 enviaram inclusive a reportagem a Toffoli mostrando que a grava\\u00e7\\u00e3o ocorreu. O ministro negou \\u00e0 coluna ter feito qualquer registro. \\\"N\\u00e3o gravei e n\\u00e3o relatei nada para ningu\\u00e9m\\\", afirma ele. Em seguida, levantou\",\"inLanguage\":\"pt-BR\",\"isPartOf\":{\"@id\":\"https:\\\/\\\/newsinfoco.com.br\\\/inicio\\\/#website\"},\"breadcrumb\":{\"@id\":\"https:\\\/\\\/newsinfoco.com.br\\\/inicio\\\/ministros-do-stf-acreditam-que-foram-gravados-clandestinamente-por-toffoli-em-sessao-secreta\\\/#breadcrumblist\"},\"author\":{\"@id\":\"https:\\\/\\\/newsinfoco.com.br\\\/inicio\\\/author\\\/administrador\\\/#author\"},\"creator\":{\"@id\":\"https:\\\/\\\/newsinfoco.com.br\\\/inicio\\\/author\\\/administrador\\\/#author\"},\"image\":{\"@type\":\"ImageObject\",\"url\":\"https:\\\/\\\/newsinfoco.com.br\\\/inicio\\\/wp-content\\\/uploads\\\/2026\\\/02\\\/1770925053698e2bfda9151_1770925053_3x2_rt.jpg\",\"@id\":\"https:\\\/\\\/newsinfoco.com.br\\\/inicio\\\/ministros-do-stf-acreditam-que-foram-gravados-clandestinamente-por-toffoli-em-sessao-secreta\\\/#mainImage\",\"width\":2400,\"height\":1600},\"primaryImageOfPage\":{\"@id\":\"https:\\\/\\\/newsinfoco.com.br\\\/inicio\\\/ministros-do-stf-acreditam-que-foram-gravados-clandestinamente-por-toffoli-em-sessao-secreta\\\/#mainImage\"},\"datePublished\":\"2026-02-13T19:09:25-03:00\",\"dateModified\":\"2026-02-13T19:09:25-03:00\"},{\"@type\":\"WebSite\",\"@id\":\"https:\\\/\\\/newsinfoco.com.br\\\/inicio\\\/#website\",\"url\":\"https:\\\/\\\/newsinfoco.com.br\\\/inicio\\\/\",\"name\":\"News In Foco - Editado por Caio Pimenta\",\"description\":\"O principal site de noticias de Alagoinhas e regi\\u00e3o\",\"inLanguage\":\"pt-BR\",\"publisher\":{\"@id\":\"https:\\\/\\\/newsinfoco.com.br\\\/inicio\\\/#organization\"}}]}\n\t\t<\/script>\n\t\t<!-- All in One SEO -->\n\n","aioseo_head_json":{"title":"Ministros do STF acreditam que foram gravados clandestinamente por Toffoli em sess\u00e3o secreta - News In Foco - Editado por Caio Pimenta","description":"Os di\u00e1logos vieram \u00e0 tona em reportagem do site Poder360. O texto reproduz as palavras dos ministros de forma literal e precisa. Magistrados j\u00e1 enviaram inclusive a reportagem a Toffoli mostrando que a grava\u00e7\u00e3o ocorreu. O ministro negou \u00e0 coluna ter feito qualquer registro. \"N\u00e3o gravei e n\u00e3o relatei nada para ningu\u00e9m\", afirma ele. Em seguida, levantou","canonical_url":"https:\/\/newsinfoco.com.br\/inicio\/ministros-do-stf-acreditam-que-foram-gravados-clandestinamente-por-toffoli-em-sessao-secreta\/","robots":"max-image-preview:large","keywords":"","webmasterTools":{"miscellaneous":""},"schema":{"@context":"https:\/\/schema.org","@graph":[{"@type":"BlogPosting","@id":"https:\/\/newsinfoco.com.br\/inicio\/ministros-do-stf-acreditam-que-foram-gravados-clandestinamente-por-toffoli-em-sessao-secreta\/#blogposting","name":"Ministros do STF acreditam que foram gravados clandestinamente por Toffoli em sess\u00e3o secreta - News In Foco - Editado por Caio Pimenta","headline":"Ministros do STF acreditam que foram gravados clandestinamente por Toffoli em sess\u00e3o secreta","author":{"@id":"https:\/\/newsinfoco.com.br\/inicio\/author\/administrador\/#author"},"publisher":{"@id":"https:\/\/newsinfoco.com.br\/inicio\/#organization"},"image":{"@type":"ImageObject","url":"https:\/\/newsinfoco.com.br\/inicio\/wp-content\/uploads\/2026\/02\/1770925053698e2bfda9151_1770925053_3x2_rt.jpg","width":2400,"height":1600},"datePublished":"2026-02-13T19:09:25-03:00","dateModified":"2026-02-13T19:09:25-03:00","inLanguage":"pt-BR","mainEntityOfPage":{"@id":"https:\/\/newsinfoco.com.br\/inicio\/ministros-do-stf-acreditam-que-foram-gravados-clandestinamente-por-toffoli-em-sessao-secreta\/#webpage"},"isPartOf":{"@id":"https:\/\/newsinfoco.com.br\/inicio\/ministros-do-stf-acreditam-que-foram-gravados-clandestinamente-por-toffoli-em-sessao-secreta\/#webpage"},"articleSection":"Brasil"},{"@type":"BreadcrumbList","@id":"https:\/\/newsinfoco.com.br\/inicio\/ministros-do-stf-acreditam-que-foram-gravados-clandestinamente-por-toffoli-em-sessao-secreta\/#breadcrumblist","itemListElement":[{"@type":"ListItem","@id":"https:\/\/newsinfoco.com.br\/inicio#listItem","position":1,"name":"In\u00edcio","item":"https:\/\/newsinfoco.com.br\/inicio","nextItem":{"@type":"ListItem","@id":"https:\/\/newsinfoco.com.br\/inicio\/category\/brasil\/#listItem","name":"Brasil"}},{"@type":"ListItem","@id":"https:\/\/newsinfoco.com.br\/inicio\/category\/brasil\/#listItem","position":2,"name":"Brasil","item":"https:\/\/newsinfoco.com.br\/inicio\/category\/brasil\/","nextItem":{"@type":"ListItem","@id":"https:\/\/newsinfoco.com.br\/inicio\/ministros-do-stf-acreditam-que-foram-gravados-clandestinamente-por-toffoli-em-sessao-secreta\/#listItem","name":"Ministros do STF acreditam que foram gravados clandestinamente por Toffoli em sess\u00e3o secreta"},"previousItem":{"@type":"ListItem","@id":"https:\/\/newsinfoco.com.br\/inicio#listItem","name":"In\u00edcio"}},{"@type":"ListItem","@id":"https:\/\/newsinfoco.com.br\/inicio\/ministros-do-stf-acreditam-que-foram-gravados-clandestinamente-por-toffoli-em-sessao-secreta\/#listItem","position":3,"name":"Ministros do STF acreditam que foram gravados clandestinamente por Toffoli em sess\u00e3o secreta","previousItem":{"@type":"ListItem","@id":"https:\/\/newsinfoco.com.br\/inicio\/category\/brasil\/#listItem","name":"Brasil"}}]},{"@type":"Organization","@id":"https:\/\/newsinfoco.com.br\/inicio\/#organization","name":"News In Foco - Editado por Caio Pimenta","description":"O principal site de noticias de Alagoinhas e regi\u00e3o","url":"https:\/\/newsinfoco.com.br\/inicio\/"},{"@type":"Person","@id":"https:\/\/newsinfoco.com.br\/inicio\/author\/administrador\/#author","url":"https:\/\/newsinfoco.com.br\/inicio\/author\/administrador\/","name":"administrador","image":{"@type":"ImageObject","@id":"https:\/\/newsinfoco.com.br\/inicio\/ministros-do-stf-acreditam-que-foram-gravados-clandestinamente-por-toffoli-em-sessao-secreta\/#authorImage","url":"https:\/\/secure.gravatar.com\/avatar\/c17a617433de8c1dc9584bb79aab7563b46f5bb7e1728c9b17d9cc3ce6a08e49?s=96&d=mm&r=g","width":96,"height":96,"caption":"administrador"}},{"@type":"WebPage","@id":"https:\/\/newsinfoco.com.br\/inicio\/ministros-do-stf-acreditam-que-foram-gravados-clandestinamente-por-toffoli-em-sessao-secreta\/#webpage","url":"https:\/\/newsinfoco.com.br\/inicio\/ministros-do-stf-acreditam-que-foram-gravados-clandestinamente-por-toffoli-em-sessao-secreta\/","name":"Ministros do STF acreditam que foram gravados clandestinamente por Toffoli em sess\u00e3o secreta - News In Foco - Editado por Caio Pimenta","description":"Os di\u00e1logos vieram \u00e0 tona em reportagem do site Poder360. O texto reproduz as palavras dos ministros de forma literal e precisa. Magistrados j\u00e1 enviaram inclusive a reportagem a Toffoli mostrando que a grava\u00e7\u00e3o ocorreu. O ministro negou \u00e0 coluna ter feito qualquer registro. \"N\u00e3o gravei e n\u00e3o relatei nada para ningu\u00e9m\", afirma ele. Em seguida, levantou","inLanguage":"pt-BR","isPartOf":{"@id":"https:\/\/newsinfoco.com.br\/inicio\/#website"},"breadcrumb":{"@id":"https:\/\/newsinfoco.com.br\/inicio\/ministros-do-stf-acreditam-que-foram-gravados-clandestinamente-por-toffoli-em-sessao-secreta\/#breadcrumblist"},"author":{"@id":"https:\/\/newsinfoco.com.br\/inicio\/author\/administrador\/#author"},"creator":{"@id":"https:\/\/newsinfoco.com.br\/inicio\/author\/administrador\/#author"},"image":{"@type":"ImageObject","url":"https:\/\/newsinfoco.com.br\/inicio\/wp-content\/uploads\/2026\/02\/1770925053698e2bfda9151_1770925053_3x2_rt.jpg","@id":"https:\/\/newsinfoco.com.br\/inicio\/ministros-do-stf-acreditam-que-foram-gravados-clandestinamente-por-toffoli-em-sessao-secreta\/#mainImage","width":2400,"height":1600},"primaryImageOfPage":{"@id":"https:\/\/newsinfoco.com.br\/inicio\/ministros-do-stf-acreditam-que-foram-gravados-clandestinamente-por-toffoli-em-sessao-secreta\/#mainImage"},"datePublished":"2026-02-13T19:09:25-03:00","dateModified":"2026-02-13T19:09:25-03:00"},{"@type":"WebSite","@id":"https:\/\/newsinfoco.com.br\/inicio\/#website","url":"https:\/\/newsinfoco.com.br\/inicio\/","name":"News In Foco - Editado por Caio Pimenta","description":"O principal site de noticias de Alagoinhas e regi\u00e3o","inLanguage":"pt-BR","publisher":{"@id":"https:\/\/newsinfoco.com.br\/inicio\/#organization"}}]},"og:locale":"pt_BR","og:site_name":"News In Foco - Editado por Caio Pimenta - O principal site de noticias de Alagoinhas e regi\u00e3o","og:type":"article","og:title":"Ministros do STF acreditam que foram gravados clandestinamente por Toffoli em sess\u00e3o secreta - News In Foco - Editado por Caio Pimenta","og:description":"Os di\u00e1logos vieram \u00e0 tona em reportagem do site Poder360. O texto reproduz as palavras dos ministros de forma literal e precisa. Magistrados j\u00e1 enviaram inclusive a reportagem a Toffoli mostrando que a grava\u00e7\u00e3o ocorreu. O ministro negou \u00e0 coluna ter feito qualquer registro. &quot;N\u00e3o gravei e n\u00e3o relatei nada para ningu\u00e9m&quot;, afirma ele. Em seguida, levantou","og:url":"https:\/\/newsinfoco.com.br\/inicio\/ministros-do-stf-acreditam-que-foram-gravados-clandestinamente-por-toffoli-em-sessao-secreta\/","article:published_time":"2026-02-13T22:09:25+00:00","article:modified_time":"2026-02-13T22:09:25+00:00","twitter:card":"summary_large_image","twitter:title":"Ministros do STF acreditam que foram gravados clandestinamente por Toffoli em sess\u00e3o secreta - News In Foco - Editado por Caio Pimenta","twitter:description":"Os di\u00e1logos vieram \u00e0 tona em reportagem do site Poder360. O texto reproduz as palavras dos ministros de forma literal e precisa. Magistrados j\u00e1 enviaram inclusive a reportagem a Toffoli mostrando que a grava\u00e7\u00e3o ocorreu. O ministro negou \u00e0 coluna ter feito qualquer registro. &quot;N\u00e3o gravei e n\u00e3o relatei nada para ningu\u00e9m&quot;, afirma ele. Em seguida, levantou"},"aioseo_meta_data":{"post_id":"48830","title":null,"description":null,"keywords":null,"keyphrases":{"focus":{"keyphrase":"","score":0,"analysis":{"keyphraseInTitle":{"score":0,"maxScore":9,"error":1}}},"additional":[]},"primary_term":null,"canonical_url":null,"og_title":null,"og_description":null,"og_object_type":"default","og_image_type":"default","og_image_url":null,"og_image_width":null,"og_image_height":null,"og_image_custom_url":null,"og_image_custom_fields":null,"og_video":"","og_custom_url":null,"og_article_section":null,"og_article_tags":null,"twitter_use_og":false,"twitter_card":"default","twitter_image_type":"default","twitter_image_url":null,"twitter_image_custom_url":null,"twitter_image_custom_fields":null,"twitter_title":null,"twitter_description":null,"schema":{"blockGraphs":[],"customGraphs":[],"default":{"data":{"Article":[],"Course":[],"Dataset":[],"FAQPage":[],"Movie":[],"Person":[],"Product":[],"ProductReview":[],"Car":[],"Recipe":[],"Service":[],"SoftwareApplication":[],"WebPage":[]},"graphName":"BlogPosting","isEnabled":true},"graphs":[]},"schema_type":"default","schema_type_options":null,"pillar_content":false,"robots_default":true,"robots_noindex":false,"robots_noarchive":false,"robots_nosnippet":false,"robots_nofollow":false,"robots_noimageindex":false,"robots_noodp":false,"robots_notranslate":false,"robots_max_snippet":"-1","robots_max_videopreview":"-1","robots_max_imagepreview":"large","priority":null,"frequency":"default","local_seo":null,"breadcrumb_settings":null,"limit_modified_date":false,"ai":{"faqs":[],"keyPoints":[],"titles":[],"descriptions":[],"socialPosts":{"email":[],"linkedin":[],"twitter":[],"facebook":[],"instagram":[]}},"created":"2026-02-13 22:09:25","updated":"2026-02-13 22:13:09","seo_analyzer_scan_date":null},"aioseo_breadcrumb":"<div class=\"aioseo-breadcrumbs\"><span class=\"aioseo-breadcrumb\">\n\t\t\t<a href=\"https:\/\/newsinfoco.com.br\/inicio\" title=\"In\u00edcio\">In\u00edcio<\/a>\n\t\t<\/span><span class=\"aioseo-breadcrumb-separator\">&raquo;<\/span><span class=\"aioseo-breadcrumb\">\n\t\t\t<a href=\"https:\/\/newsinfoco.com.br\/inicio\/category\/brasil\/\" title=\"Brasil\">Brasil<\/a>\n\t\t<\/span><span class=\"aioseo-breadcrumb-separator\">&raquo;<\/span><span class=\"aioseo-breadcrumb\">\n\t\t\tMinistros do STF acreditam que foram gravados clandestinamente por Toffoli em sess\u00e3o secreta\n\t\t<\/span><\/div>","aioseo_breadcrumb_json":[{"label":"In\u00edcio","link":"https:\/\/newsinfoco.com.br\/inicio"},{"label":"Brasil","link":"https:\/\/newsinfoco.com.br\/inicio\/category\/brasil\/"},{"label":"Ministros do STF acreditam que foram gravados clandestinamente por Toffoli em sess\u00e3o secreta","link":"https:\/\/newsinfoco.com.br\/inicio\/ministros-do-stf-acreditam-que-foram-gravados-clandestinamente-por-toffoli-em-sessao-secreta\/"}],"_links":{"self":[{"href":"https:\/\/newsinfoco.com.br\/inicio\/wp-json\/wp\/v2\/posts\/48830","targetHints":{"allow":["GET"]}}],"collection":[{"href":"https:\/\/newsinfoco.com.br\/inicio\/wp-json\/wp\/v2\/posts"}],"about":[{"href":"https:\/\/newsinfoco.com.br\/inicio\/wp-json\/wp\/v2\/types\/post"}],"author":[{"embeddable":true,"href":"https:\/\/newsinfoco.com.br\/inicio\/wp-json\/wp\/v2\/users\/1"}],"replies":[{"embeddable":true,"href":"https:\/\/newsinfoco.com.br\/inicio\/wp-json\/wp\/v2\/comments?post=48830"}],"version-history":[{"count":1,"href":"https:\/\/newsinfoco.com.br\/inicio\/wp-json\/wp\/v2\/posts\/48830\/revisions"}],"predecessor-version":[{"id":48832,"href":"https:\/\/newsinfoco.com.br\/inicio\/wp-json\/wp\/v2\/posts\/48830\/revisions\/48832"}],"wp:featuredmedia":[{"embeddable":true,"href":"https:\/\/newsinfoco.com.br\/inicio\/wp-json\/wp\/v2\/media\/48831"}],"wp:attachment":[{"href":"https:\/\/newsinfoco.com.br\/inicio\/wp-json\/wp\/v2\/media?parent=48830"}],"wp:term":[{"taxonomy":"category","embeddable":true,"href":"https:\/\/newsinfoco.com.br\/inicio\/wp-json\/wp\/v2\/categories?post=48830"},{"taxonomy":"post_tag","embeddable":true,"href":"https:\/\/newsinfoco.com.br\/inicio\/wp-json\/wp\/v2\/tags?post=48830"}],"curies":[{"name":"wp","href":"https:\/\/api.w.org\/{rel}","templated":true}]}}