{"id":48833,"date":"2026-02-14T17:47:27","date_gmt":"2026-02-14T20:47:27","guid":{"rendered":"https:\/\/newsinfoco.com.br\/inicio\/?p=48833"},"modified":"2026-02-14T17:47:27","modified_gmt":"2026-02-14T20:47:27","slug":"carnaval-2026-detran-ba-cria-espacos-de-descanso-para-motoristas-de-trios","status":"publish","type":"post","link":"https:\/\/newsinfoco.com.br\/inicio\/carnaval-2026-detran-ba-cria-espacos-de-descanso-para-motoristas-de-trios\/","title":{"rendered":"Carnaval 2026: Detran-BA cria espa\u00e7os de descanso para motoristas de trios"},"content":{"rendered":"<div class=\"conteudo_post\">\n<p>Mais uma a\u00e7\u00e3o voltada ao cuidado com trabalhadores do Carnaval da Bahia 2026 est\u00e1 dispon\u00edvel em pontos estrat\u00e9gicos de Salvador: o Espa\u00e7o de Descompress\u00e3o destinado a condutores de trios el\u00e9tricos e carros de apoio. Implantadas pelo Governo da Bahia, as estruturas funcionam na Barra, ao lado do Hospital 2 de Julho, e no Passeio P\u00fablico, no Campo Grande.<\/p>\n<p>A proposta \u00e9 garantir melhores condi\u00e7\u00f5es de descanso e recupera\u00e7\u00e3o f\u00edsica, contribuindo para que os condutores retornem aos circuitos com mais aten\u00e7\u00e3o e capacidade de rea\u00e7\u00e3o.<\/p>\n<p>Segundo o diretor-geral do Detran-BA, Max Passos, a iniciativa foi estruturada para garantir acolhimento, suporte e mais seguran\u00e7a aos profissionais que enfrentam longas jornadas ao volante. \u201cO espa\u00e7o oferece ambiente confort\u00e1vel para descanso, estrutura para higiene pessoal e alimenta\u00e7\u00e3o, al\u00e9m de orienta\u00e7\u00f5es de sa\u00fade com conte\u00fados de fisioterapia e psicologia voltados ao bem-estar e \u00e0 preven\u00e7\u00e3o de riscos durante a condu\u00e7\u00e3o dos ve\u00edculos\u201d, explicou.<\/p>\n<p>Para quem vive a rotina intensa do per\u00edodo carnavalesco, a estrutura representa melhores condi\u00e7\u00f5es de trabalho e mais dignidade. O motorista Cl\u00e1udio Fontes, que conduz trio el\u00e9trico h\u00e1 mais de sete anos, destacou a import\u00e2ncia da iniciativa. \u201cAjuda bastante. Antes desse espa\u00e7o, n\u00e3o havia kit alimenta\u00e7\u00e3o e, muitas vezes, precis\u00e1vamos tomar banho em carros de apoio ou na parte traseira do trio\u201d, relatou.<\/p>\n<p>O espa\u00e7o funciona das 10h \u00e0s 22h, com tempo m\u00e9dio de perman\u00eancia de 1h30 por condutor. A expectativa \u00e9 atender 80 motoristas em cada posto, totalizando cerca de 160 profissionais por dia.<\/p>\n<p>A presidente da Comiss\u00e3o do Carnaval do Detran-BA, Benildes Melo, ressaltou que a iniciativa contribui diretamente para a seguran\u00e7a dos profissionais e do p\u00fablico. \u201cA relev\u00e2ncia do projeto est\u00e1 ligada \u00e0 prepara\u00e7\u00e3o dos condutores para jornadas prolongadas, em um contexto que exige aten\u00e7\u00e3o constante e boas condi\u00e7\u00f5es f\u00edsicas e emocionais para conduzir ve\u00edculos em meio a grandes concentra\u00e7\u00f5es de pessoas\u201d, afirmou.<\/p>\n<p>Bahia.Ba<\/p>\n<\/div>\n<div class='share-to-whatsapp-wrapper'><div class='share-on-whsp'>Share on: <\/div><a data-text='Carnaval 2026: Detran-BA cria espa\u00e7os de descanso para motoristas de trios' data-link='https:\/\/newsinfoco.com.br\/inicio\/carnaval-2026-detran-ba-cria-espacos-de-descanso-para-motoristas-de-trios\/' class='whatsapp-button whatsapp-share'>WhatsApp<\/a><div class='clear '><\/div><\/div>","protected":false},"excerpt":{"rendered":"<p>Mais uma a\u00e7\u00e3o voltada ao cuidado com trabalhadores do Carnaval da Bahia 2026 est\u00e1 dispon\u00edvel em pontos estrat\u00e9gicos de Salvador: o Espa\u00e7o de Descompress\u00e3o destinado a condutores de trios el\u00e9tricos e carros de apoio. Implantadas pelo Governo da Bahia, as estruturas funcionam na Barra, ao lado do Hospital 2 de Julho, e no Passeio P\u00fablico, [&hellip;]<\/p>\n","protected":false},"author":1,"featured_media":48834,"comment_status":"closed","ping_status":"closed","sticky":false,"template":"","format":"standard","meta":{"om_disable_all_campaigns":false,"rop_custom_images_group":[],"rop_custom_messages_group":[],"rop_publish_now":"initial","rop_publish_now_accounts":[],"rop_publish_now_history":[],"rop_publish_now_status":"pending","_exactmetrics_skip_tracking":false,"footnotes":""},"categories":[19],"tags":[],"class_list":["post-48833","post","type-post","status-publish","format-standard","has-post-thumbnail","hentry","category-bahia"],"aioseo_notices":[],"aioseo_head":"\n\t\t<!-- All in One SEO 4.9.10 - aioseo.com -->\n\t<meta name=\"description\" content=\"Mais uma a\u00e7\u00e3o voltada ao cuidado com trabalhadores do Carnaval da Bahia 2026 est\u00e1 dispon\u00edvel em pontos estrat\u00e9gicos de Salvador: o Espa\u00e7o de Descompress\u00e3o destinado a condutores de trios el\u00e9tricos e carros de apoio. Implantadas pelo Governo da Bahia, as estruturas funcionam na Barra, ao lado do Hospital 2 de Julho, e no Passeio P\u00fablico,\" \/>\n\t<meta name=\"robots\" content=\"max-image-preview:large\" \/>\n\t<meta name=\"author\" content=\"administrador\"\/>\n\t<link rel=\"canonical\" href=\"https:\/\/newsinfoco.com.br\/inicio\/carnaval-2026-detran-ba-cria-espacos-de-descanso-para-motoristas-de-trios\/\" \/>\n\t<meta name=\"generator\" content=\"All in One SEO (AIOSEO) 4.9.10\" \/>\n\t\t<meta property=\"og:locale\" content=\"pt_BR\" \/>\n\t\t<meta property=\"og:site_name\" content=\"News In Foco - Editado por Caio Pimenta - O principal site de noticias de Alagoinhas e regi\u00e3o\" \/>\n\t\t<meta property=\"og:type\" content=\"article\" \/>\n\t\t<meta property=\"og:title\" content=\"Carnaval 2026: Detran-BA cria espa\u00e7os de descanso para motoristas de trios - News In Foco - Editado por Caio Pimenta\" \/>\n\t\t<meta property=\"og:description\" content=\"Mais uma a\u00e7\u00e3o voltada ao cuidado com trabalhadores do Carnaval da Bahia 2026 est\u00e1 dispon\u00edvel em pontos estrat\u00e9gicos de Salvador: o Espa\u00e7o de Descompress\u00e3o destinado a condutores de trios el\u00e9tricos e carros de apoio. Implantadas pelo Governo da Bahia, as estruturas funcionam na Barra, ao lado do Hospital 2 de Julho, e no Passeio P\u00fablico,\" \/>\n\t\t<meta property=\"og:url\" content=\"https:\/\/newsinfoco.com.br\/inicio\/carnaval-2026-detran-ba-cria-espacos-de-descanso-para-motoristas-de-trios\/\" \/>\n\t\t<meta property=\"article:published_time\" content=\"2026-02-14T20:47:27+00:00\" \/>\n\t\t<meta property=\"article:modified_time\" content=\"2026-02-14T20:47:27+00:00\" \/>\n\t\t<meta name=\"twitter:card\" content=\"summary_large_image\" \/>\n\t\t<meta name=\"twitter:title\" content=\"Carnaval 2026: Detran-BA cria espa\u00e7os de descanso para motoristas de trios - News In Foco - Editado por Caio Pimenta\" \/>\n\t\t<meta name=\"twitter:description\" content=\"Mais uma a\u00e7\u00e3o voltada ao cuidado com trabalhadores do Carnaval da Bahia 2026 est\u00e1 dispon\u00edvel em pontos estrat\u00e9gicos de Salvador: o Espa\u00e7o de Descompress\u00e3o destinado a condutores de trios el\u00e9tricos e carros de apoio. Implantadas pelo Governo da Bahia, as estruturas funcionam na Barra, ao lado do Hospital 2 de Julho, e no Passeio P\u00fablico,\" \/>\n\t\t<script type=\"application\/ld+json\" class=\"aioseo-schema\">\n\t\t\t{\"@context\":\"https:\\\/\\\/schema.org\",\"@graph\":[{\"@type\":\"BlogPosting\",\"@id\":\"https:\\\/\\\/newsinfoco.com.br\\\/inicio\\\/carnaval-2026-detran-ba-cria-espacos-de-descanso-para-motoristas-de-trios\\\/#blogposting\",\"name\":\"Carnaval 2026: Detran-BA cria espa\\u00e7os de descanso para motoristas de trios - News In Foco - Editado por Caio Pimenta\",\"headline\":\"Carnaval 2026: Detran-BA cria espa\\u00e7os de descanso para motoristas de trios\",\"author\":{\"@id\":\"https:\\\/\\\/newsinfoco.com.br\\\/inicio\\\/author\\\/administrador\\\/#author\"},\"publisher\":{\"@id\":\"https:\\\/\\\/newsinfoco.com.br\\\/inicio\\\/#organization\"},\"image\":{\"@type\":\"ImageObject\",\"url\":\"https:\\\/\\\/newsinfoco.com.br\\\/inicio\\\/wp-content\\\/uploads\\\/2026\\\/02\\\/espaco-descompressao-motoristas.jpeg\",\"width\":1600,\"height\":1066},\"datePublished\":\"2026-02-14T17:47:27-03:00\",\"dateModified\":\"2026-02-14T17:47:27-03:00\",\"inLanguage\":\"pt-BR\",\"mainEntityOfPage\":{\"@id\":\"https:\\\/\\\/newsinfoco.com.br\\\/inicio\\\/carnaval-2026-detran-ba-cria-espacos-de-descanso-para-motoristas-de-trios\\\/#webpage\"},\"isPartOf\":{\"@id\":\"https:\\\/\\\/newsinfoco.com.br\\\/inicio\\\/carnaval-2026-detran-ba-cria-espacos-de-descanso-para-motoristas-de-trios\\\/#webpage\"},\"articleSection\":\"Bahia\"},{\"@type\":\"BreadcrumbList\",\"@id\":\"https:\\\/\\\/newsinfoco.com.br\\\/inicio\\\/carnaval-2026-detran-ba-cria-espacos-de-descanso-para-motoristas-de-trios\\\/#breadcrumblist\",\"itemListElement\":[{\"@type\":\"ListItem\",\"@id\":\"https:\\\/\\\/newsinfoco.com.br\\\/inicio#listItem\",\"position\":1,\"name\":\"In\\u00edcio\",\"item\":\"https:\\\/\\\/newsinfoco.com.br\\\/inicio\",\"nextItem\":{\"@type\":\"ListItem\",\"@id\":\"https:\\\/\\\/newsinfoco.com.br\\\/inicio\\\/category\\\/bahia\\\/#listItem\",\"name\":\"Bahia\"}},{\"@type\":\"ListItem\",\"@id\":\"https:\\\/\\\/newsinfoco.com.br\\\/inicio\\\/category\\\/bahia\\\/#listItem\",\"position\":2,\"name\":\"Bahia\",\"item\":\"https:\\\/\\\/newsinfoco.com.br\\\/inicio\\\/category\\\/bahia\\\/\",\"nextItem\":{\"@type\":\"ListItem\",\"@id\":\"https:\\\/\\\/newsinfoco.com.br\\\/inicio\\\/carnaval-2026-detran-ba-cria-espacos-de-descanso-para-motoristas-de-trios\\\/#listItem\",\"name\":\"Carnaval 2026: Detran-BA cria espa\\u00e7os de descanso para motoristas de trios\"},\"previousItem\":{\"@type\":\"ListItem\",\"@id\":\"https:\\\/\\\/newsinfoco.com.br\\\/inicio#listItem\",\"name\":\"In\\u00edcio\"}},{\"@type\":\"ListItem\",\"@id\":\"https:\\\/\\\/newsinfoco.com.br\\\/inicio\\\/carnaval-2026-detran-ba-cria-espacos-de-descanso-para-motoristas-de-trios\\\/#listItem\",\"position\":3,\"name\":\"Carnaval 2026: Detran-BA cria espa\\u00e7os de descanso para motoristas de trios\",\"previousItem\":{\"@type\":\"ListItem\",\"@id\":\"https:\\\/\\\/newsinfoco.com.br\\\/inicio\\\/category\\\/bahia\\\/#listItem\",\"name\":\"Bahia\"}}]},{\"@type\":\"Organization\",\"@id\":\"https:\\\/\\\/newsinfoco.com.br\\\/inicio\\\/#organization\",\"name\":\"News In Foco - Editado por Caio Pimenta\",\"description\":\"O principal site de noticias de Alagoinhas e regi\\u00e3o\",\"url\":\"https:\\\/\\\/newsinfoco.com.br\\\/inicio\\\/\"},{\"@type\":\"Person\",\"@id\":\"https:\\\/\\\/newsinfoco.com.br\\\/inicio\\\/author\\\/administrador\\\/#author\",\"url\":\"https:\\\/\\\/newsinfoco.com.br\\\/inicio\\\/author\\\/administrador\\\/\",\"name\":\"administrador\",\"image\":{\"@type\":\"ImageObject\",\"@id\":\"https:\\\/\\\/newsinfoco.com.br\\\/inicio\\\/carnaval-2026-detran-ba-cria-espacos-de-descanso-para-motoristas-de-trios\\\/#authorImage\",\"url\":\"https:\\\/\\\/secure.gravatar.com\\\/avatar\\\/c17a617433de8c1dc9584bb79aab7563b46f5bb7e1728c9b17d9cc3ce6a08e49?s=96&d=mm&r=g\",\"width\":96,\"height\":96,\"caption\":\"administrador\"}},{\"@type\":\"WebPage\",\"@id\":\"https:\\\/\\\/newsinfoco.com.br\\\/inicio\\\/carnaval-2026-detran-ba-cria-espacos-de-descanso-para-motoristas-de-trios\\\/#webpage\",\"url\":\"https:\\\/\\\/newsinfoco.com.br\\\/inicio\\\/carnaval-2026-detran-ba-cria-espacos-de-descanso-para-motoristas-de-trios\\\/\",\"name\":\"Carnaval 2026: Detran-BA cria espa\\u00e7os de descanso para motoristas de trios - News In Foco - Editado por Caio Pimenta\",\"description\":\"Mais uma a\\u00e7\\u00e3o voltada ao cuidado com trabalhadores do Carnaval da Bahia 2026 est\\u00e1 dispon\\u00edvel em pontos estrat\\u00e9gicos de Salvador: o Espa\\u00e7o de Descompress\\u00e3o destinado a condutores de trios el\\u00e9tricos e carros de apoio. Implantadas pelo Governo da Bahia, as estruturas funcionam na Barra, ao lado do Hospital 2 de Julho, e no Passeio P\\u00fablico,\",\"inLanguage\":\"pt-BR\",\"isPartOf\":{\"@id\":\"https:\\\/\\\/newsinfoco.com.br\\\/inicio\\\/#website\"},\"breadcrumb\":{\"@id\":\"https:\\\/\\\/newsinfoco.com.br\\\/inicio\\\/carnaval-2026-detran-ba-cria-espacos-de-descanso-para-motoristas-de-trios\\\/#breadcrumblist\"},\"author\":{\"@id\":\"https:\\\/\\\/newsinfoco.com.br\\\/inicio\\\/author\\\/administrador\\\/#author\"},\"creator\":{\"@id\":\"https:\\\/\\\/newsinfoco.com.br\\\/inicio\\\/author\\\/administrador\\\/#author\"},\"image\":{\"@type\":\"ImageObject\",\"url\":\"https:\\\/\\\/newsinfoco.com.br\\\/inicio\\\/wp-content\\\/uploads\\\/2026\\\/02\\\/espaco-descompressao-motoristas.jpeg\",\"@id\":\"https:\\\/\\\/newsinfoco.com.br\\\/inicio\\\/carnaval-2026-detran-ba-cria-espacos-de-descanso-para-motoristas-de-trios\\\/#mainImage\",\"width\":1600,\"height\":1066},\"primaryImageOfPage\":{\"@id\":\"https:\\\/\\\/newsinfoco.com.br\\\/inicio\\\/carnaval-2026-detran-ba-cria-espacos-de-descanso-para-motoristas-de-trios\\\/#mainImage\"},\"datePublished\":\"2026-02-14T17:47:27-03:00\",\"dateModified\":\"2026-02-14T17:47:27-03:00\"},{\"@type\":\"WebSite\",\"@id\":\"https:\\\/\\\/newsinfoco.com.br\\\/inicio\\\/#website\",\"url\":\"https:\\\/\\\/newsinfoco.com.br\\\/inicio\\\/\",\"name\":\"News In Foco - Editado por Caio Pimenta\",\"description\":\"O principal site de noticias de Alagoinhas e regi\\u00e3o\",\"inLanguage\":\"pt-BR\",\"publisher\":{\"@id\":\"https:\\\/\\\/newsinfoco.com.br\\\/inicio\\\/#organization\"}}]}\n\t\t<\/script>\n\t\t<!-- All in One SEO -->\n\n","aioseo_head_json":{"title":"Carnaval 2026: Detran-BA cria espa\u00e7os de descanso para motoristas de trios - News In Foco - Editado por Caio Pimenta","description":"Mais uma a\u00e7\u00e3o voltada ao cuidado com trabalhadores do Carnaval da Bahia 2026 est\u00e1 dispon\u00edvel em pontos estrat\u00e9gicos de Salvador: o Espa\u00e7o de Descompress\u00e3o destinado a condutores de trios el\u00e9tricos e carros de apoio. Implantadas pelo Governo da Bahia, as estruturas funcionam na Barra, ao lado do Hospital 2 de Julho, e no Passeio P\u00fablico,","canonical_url":"https:\/\/newsinfoco.com.br\/inicio\/carnaval-2026-detran-ba-cria-espacos-de-descanso-para-motoristas-de-trios\/","robots":"max-image-preview:large","keywords":"","webmasterTools":{"miscellaneous":""},"schema":{"@context":"https:\/\/schema.org","@graph":[{"@type":"BlogPosting","@id":"https:\/\/newsinfoco.com.br\/inicio\/carnaval-2026-detran-ba-cria-espacos-de-descanso-para-motoristas-de-trios\/#blogposting","name":"Carnaval 2026: Detran-BA cria espa\u00e7os de descanso para motoristas de trios - News In Foco - Editado por Caio Pimenta","headline":"Carnaval 2026: Detran-BA cria espa\u00e7os de descanso para motoristas de trios","author":{"@id":"https:\/\/newsinfoco.com.br\/inicio\/author\/administrador\/#author"},"publisher":{"@id":"https:\/\/newsinfoco.com.br\/inicio\/#organization"},"image":{"@type":"ImageObject","url":"https:\/\/newsinfoco.com.br\/inicio\/wp-content\/uploads\/2026\/02\/espaco-descompressao-motoristas.jpeg","width":1600,"height":1066},"datePublished":"2026-02-14T17:47:27-03:00","dateModified":"2026-02-14T17:47:27-03:00","inLanguage":"pt-BR","mainEntityOfPage":{"@id":"https:\/\/newsinfoco.com.br\/inicio\/carnaval-2026-detran-ba-cria-espacos-de-descanso-para-motoristas-de-trios\/#webpage"},"isPartOf":{"@id":"https:\/\/newsinfoco.com.br\/inicio\/carnaval-2026-detran-ba-cria-espacos-de-descanso-para-motoristas-de-trios\/#webpage"},"articleSection":"Bahia"},{"@type":"BreadcrumbList","@id":"https:\/\/newsinfoco.com.br\/inicio\/carnaval-2026-detran-ba-cria-espacos-de-descanso-para-motoristas-de-trios\/#breadcrumblist","itemListElement":[{"@type":"ListItem","@id":"https:\/\/newsinfoco.com.br\/inicio#listItem","position":1,"name":"In\u00edcio","item":"https:\/\/newsinfoco.com.br\/inicio","nextItem":{"@type":"ListItem","@id":"https:\/\/newsinfoco.com.br\/inicio\/category\/bahia\/#listItem","name":"Bahia"}},{"@type":"ListItem","@id":"https:\/\/newsinfoco.com.br\/inicio\/category\/bahia\/#listItem","position":2,"name":"Bahia","item":"https:\/\/newsinfoco.com.br\/inicio\/category\/bahia\/","nextItem":{"@type":"ListItem","@id":"https:\/\/newsinfoco.com.br\/inicio\/carnaval-2026-detran-ba-cria-espacos-de-descanso-para-motoristas-de-trios\/#listItem","name":"Carnaval 2026: Detran-BA cria espa\u00e7os de descanso para motoristas de trios"},"previousItem":{"@type":"ListItem","@id":"https:\/\/newsinfoco.com.br\/inicio#listItem","name":"In\u00edcio"}},{"@type":"ListItem","@id":"https:\/\/newsinfoco.com.br\/inicio\/carnaval-2026-detran-ba-cria-espacos-de-descanso-para-motoristas-de-trios\/#listItem","position":3,"name":"Carnaval 2026: Detran-BA cria espa\u00e7os de descanso para motoristas de trios","previousItem":{"@type":"ListItem","@id":"https:\/\/newsinfoco.com.br\/inicio\/category\/bahia\/#listItem","name":"Bahia"}}]},{"@type":"Organization","@id":"https:\/\/newsinfoco.com.br\/inicio\/#organization","name":"News In Foco - Editado por Caio Pimenta","description":"O principal site de noticias de Alagoinhas e regi\u00e3o","url":"https:\/\/newsinfoco.com.br\/inicio\/"},{"@type":"Person","@id":"https:\/\/newsinfoco.com.br\/inicio\/author\/administrador\/#author","url":"https:\/\/newsinfoco.com.br\/inicio\/author\/administrador\/","name":"administrador","image":{"@type":"ImageObject","@id":"https:\/\/newsinfoco.com.br\/inicio\/carnaval-2026-detran-ba-cria-espacos-de-descanso-para-motoristas-de-trios\/#authorImage","url":"https:\/\/secure.gravatar.com\/avatar\/c17a617433de8c1dc9584bb79aab7563b46f5bb7e1728c9b17d9cc3ce6a08e49?s=96&d=mm&r=g","width":96,"height":96,"caption":"administrador"}},{"@type":"WebPage","@id":"https:\/\/newsinfoco.com.br\/inicio\/carnaval-2026-detran-ba-cria-espacos-de-descanso-para-motoristas-de-trios\/#webpage","url":"https:\/\/newsinfoco.com.br\/inicio\/carnaval-2026-detran-ba-cria-espacos-de-descanso-para-motoristas-de-trios\/","name":"Carnaval 2026: Detran-BA cria espa\u00e7os de descanso para motoristas de trios - News In Foco - Editado por Caio Pimenta","description":"Mais uma a\u00e7\u00e3o voltada ao cuidado com trabalhadores do Carnaval da Bahia 2026 est\u00e1 dispon\u00edvel em pontos estrat\u00e9gicos de Salvador: o Espa\u00e7o de Descompress\u00e3o destinado a condutores de trios el\u00e9tricos e carros de apoio. Implantadas pelo Governo da Bahia, as estruturas funcionam na Barra, ao lado do Hospital 2 de Julho, e no Passeio P\u00fablico,","inLanguage":"pt-BR","isPartOf":{"@id":"https:\/\/newsinfoco.com.br\/inicio\/#website"},"breadcrumb":{"@id":"https:\/\/newsinfoco.com.br\/inicio\/carnaval-2026-detran-ba-cria-espacos-de-descanso-para-motoristas-de-trios\/#breadcrumblist"},"author":{"@id":"https:\/\/newsinfoco.com.br\/inicio\/author\/administrador\/#author"},"creator":{"@id":"https:\/\/newsinfoco.com.br\/inicio\/author\/administrador\/#author"},"image":{"@type":"ImageObject","url":"https:\/\/newsinfoco.com.br\/inicio\/wp-content\/uploads\/2026\/02\/espaco-descompressao-motoristas.jpeg","@id":"https:\/\/newsinfoco.com.br\/inicio\/carnaval-2026-detran-ba-cria-espacos-de-descanso-para-motoristas-de-trios\/#mainImage","width":1600,"height":1066},"primaryImageOfPage":{"@id":"https:\/\/newsinfoco.com.br\/inicio\/carnaval-2026-detran-ba-cria-espacos-de-descanso-para-motoristas-de-trios\/#mainImage"},"datePublished":"2026-02-14T17:47:27-03:00","dateModified":"2026-02-14T17:47:27-03:00"},{"@type":"WebSite","@id":"https:\/\/newsinfoco.com.br\/inicio\/#website","url":"https:\/\/newsinfoco.com.br\/inicio\/","name":"News In Foco - Editado por Caio Pimenta","description":"O principal site de noticias de Alagoinhas e regi\u00e3o","inLanguage":"pt-BR","publisher":{"@id":"https:\/\/newsinfoco.com.br\/inicio\/#organization"}}]},"og:locale":"pt_BR","og:site_name":"News In Foco - Editado por Caio Pimenta - O principal site de noticias de Alagoinhas e regi\u00e3o","og:type":"article","og:title":"Carnaval 2026: Detran-BA cria espa\u00e7os de descanso para motoristas de trios - News In Foco - Editado por Caio Pimenta","og:description":"Mais uma a\u00e7\u00e3o voltada ao cuidado com trabalhadores do Carnaval da Bahia 2026 est\u00e1 dispon\u00edvel em pontos estrat\u00e9gicos de Salvador: o Espa\u00e7o de Descompress\u00e3o destinado a condutores de trios el\u00e9tricos e carros de apoio. Implantadas pelo Governo da Bahia, as estruturas funcionam na Barra, ao lado do Hospital 2 de Julho, e no Passeio P\u00fablico,","og:url":"https:\/\/newsinfoco.com.br\/inicio\/carnaval-2026-detran-ba-cria-espacos-de-descanso-para-motoristas-de-trios\/","article:published_time":"2026-02-14T20:47:27+00:00","article:modified_time":"2026-02-14T20:47:27+00:00","twitter:card":"summary_large_image","twitter:title":"Carnaval 2026: Detran-BA cria espa\u00e7os de descanso para motoristas de trios - News In Foco - Editado por Caio Pimenta","twitter:description":"Mais uma a\u00e7\u00e3o voltada ao cuidado com trabalhadores do Carnaval da Bahia 2026 est\u00e1 dispon\u00edvel em pontos estrat\u00e9gicos de Salvador: o Espa\u00e7o de Descompress\u00e3o destinado a condutores de trios el\u00e9tricos e carros de apoio. Implantadas pelo Governo da Bahia, as estruturas funcionam na Barra, ao lado do Hospital 2 de Julho, e no Passeio P\u00fablico,"},"aioseo_meta_data":{"post_id":"48833","title":null,"description":null,"keywords":null,"keyphrases":{"focus":{"keyphrase":"","score":0,"analysis":{"keyphraseInTitle":{"score":0,"maxScore":9,"error":1}}},"additional":[]},"primary_term":null,"canonical_url":null,"og_title":null,"og_description":null,"og_object_type":"default","og_image_type":"default","og_image_url":null,"og_image_width":null,"og_image_height":null,"og_image_custom_url":null,"og_image_custom_fields":null,"og_video":"","og_custom_url":null,"og_article_section":null,"og_article_tags":null,"twitter_use_og":false,"twitter_card":"default","twitter_image_type":"default","twitter_image_url":null,"twitter_image_custom_url":null,"twitter_image_custom_fields":null,"twitter_title":null,"twitter_description":null,"schema":{"blockGraphs":[],"customGraphs":[],"default":{"data":{"Article":[],"Course":[],"Dataset":[],"FAQPage":[],"Movie":[],"Person":[],"Product":[],"ProductReview":[],"Car":[],"Recipe":[],"Service":[],"SoftwareApplication":[],"WebPage":[]},"graphName":"BlogPosting","isEnabled":true},"graphs":[]},"schema_type":"default","schema_type_options":null,"pillar_content":false,"robots_default":true,"robots_noindex":false,"robots_noarchive":false,"robots_nosnippet":false,"robots_nofollow":false,"robots_noimageindex":false,"robots_noodp":false,"robots_notranslate":false,"robots_max_snippet":"-1","robots_max_videopreview":"-1","robots_max_imagepreview":"large","priority":null,"frequency":"default","local_seo":null,"breadcrumb_settings":null,"limit_modified_date":false,"ai":{"faqs":[],"keyPoints":[],"titles":[],"descriptions":[],"socialPosts":{"email":[],"linkedin":[],"twitter":[],"facebook":[],"instagram":[]}},"created":"2026-02-14 20:47:27","updated":"2026-02-14 21:02:05","seo_analyzer_scan_date":null},"aioseo_breadcrumb":"<div class=\"aioseo-breadcrumbs\"><span class=\"aioseo-breadcrumb\">\n\t\t\t<a href=\"https:\/\/newsinfoco.com.br\/inicio\" title=\"In\u00edcio\">In\u00edcio<\/a>\n\t\t<\/span><span class=\"aioseo-breadcrumb-separator\">&raquo;<\/span><span class=\"aioseo-breadcrumb\">\n\t\t\t<a href=\"https:\/\/newsinfoco.com.br\/inicio\/category\/bahia\/\" title=\"Bahia\">Bahia<\/a>\n\t\t<\/span><span class=\"aioseo-breadcrumb-separator\">&raquo;<\/span><span class=\"aioseo-breadcrumb\">\n\t\t\tCarnaval 2026: Detran-BA cria espa\u00e7os de descanso para motoristas de trios\n\t\t<\/span><\/div>","aioseo_breadcrumb_json":[{"label":"In\u00edcio","link":"https:\/\/newsinfoco.com.br\/inicio"},{"label":"Bahia","link":"https:\/\/newsinfoco.com.br\/inicio\/category\/bahia\/"},{"label":"Carnaval 2026: Detran-BA cria espa\u00e7os de descanso para motoristas de trios","link":"https:\/\/newsinfoco.com.br\/inicio\/carnaval-2026-detran-ba-cria-espacos-de-descanso-para-motoristas-de-trios\/"}],"_links":{"self":[{"href":"https:\/\/newsinfoco.com.br\/inicio\/wp-json\/wp\/v2\/posts\/48833","targetHints":{"allow":["GET"]}}],"collection":[{"href":"https:\/\/newsinfoco.com.br\/inicio\/wp-json\/wp\/v2\/posts"}],"about":[{"href":"https:\/\/newsinfoco.com.br\/inicio\/wp-json\/wp\/v2\/types\/post"}],"author":[{"embeddable":true,"href":"https:\/\/newsinfoco.com.br\/inicio\/wp-json\/wp\/v2\/users\/1"}],"replies":[{"embeddable":true,"href":"https:\/\/newsinfoco.com.br\/inicio\/wp-json\/wp\/v2\/comments?post=48833"}],"version-history":[{"count":1,"href":"https:\/\/newsinfoco.com.br\/inicio\/wp-json\/wp\/v2\/posts\/48833\/revisions"}],"predecessor-version":[{"id":48835,"href":"https:\/\/newsinfoco.com.br\/inicio\/wp-json\/wp\/v2\/posts\/48833\/revisions\/48835"}],"wp:featuredmedia":[{"embeddable":true,"href":"https:\/\/newsinfoco.com.br\/inicio\/wp-json\/wp\/v2\/media\/48834"}],"wp:attachment":[{"href":"https:\/\/newsinfoco.com.br\/inicio\/wp-json\/wp\/v2\/media?parent=48833"}],"wp:term":[{"taxonomy":"category","embeddable":true,"href":"https:\/\/newsinfoco.com.br\/inicio\/wp-json\/wp\/v2\/categories?post=48833"},{"taxonomy":"post_tag","embeddable":true,"href":"https:\/\/newsinfoco.com.br\/inicio\/wp-json\/wp\/v2\/tags?post=48833"}],"curies":[{"name":"wp","href":"https:\/\/api.w.org\/{rel}","templated":true}]}}