{"id":48836,"date":"2026-02-14T18:06:08","date_gmt":"2026-02-14T21:06:08","guid":{"rendered":"https:\/\/newsinfoco.com.br\/inicio\/?p=48836"},"modified":"2026-02-14T18:06:08","modified_gmt":"2026-02-14T21:06:08","slug":"prefeito-de-salvador-cobra-punicao-apos-estupro-papel-do-policial-e-proteger","status":"publish","type":"post","link":"https:\/\/newsinfoco.com.br\/inicio\/prefeito-de-salvador-cobra-punicao-apos-estupro-papel-do-policial-e-proteger\/","title":{"rendered":"Prefeito de Salvador cobra puni\u00e7\u00e3o ap\u00f3s estupro: \u2018Papel do policial \u00e9 proteger\u2019"},"content":{"rendered":"<div class=\"conteudo_post\">\n<p>O prefeito de Salvador, Bruno Reis (Uni\u00e3o Brasil), classificou como inaceit\u00e1vel o caso de\u00a0<a href=\"https:\/\/bahia.ba\/salvador\/tres-pms-sao-investigados-por-suspeita-de-estupro-contra-esposa-de-policial\/\" target=\"_blank\" rel=\"noopener noreferrer\">estupro coletivo que teria sido praticado por tr\u00eas policiais militares na noite de quinta-feira (12) no circuito Barra-Ondina<\/a>. \u201c\u00c9 lament\u00e1vel o que ocorreu. A gente repudia totalmente\u201d, afirmou o chefe do Executivo municipal durante coletiva de imprensa no Campo Grande neste s\u00e1bado (14).<\/p>\n<p>O crime, que est\u00e1 sob investiga\u00e7\u00e3o da Secretaria da Seguran\u00e7a P\u00fablica (SSP-BA), teria ocorrido dentro de um banheiro qu\u00edmico e teve como v\u00edtima a esposa de outro policial militar.<\/p>\n<p>Para o prefeito, o caso de viol\u00eancia sexual exige uma resposta r\u00e1pida das institui\u00e7\u00f5es de controle e seguran\u00e7a. \u201cEspero que sejam tomadas provid\u00eancias com rigor do ponto de vista legal porque \u00e9 um absurdo um crime dessa natureza\u201d, afirmou Bruno.<\/p>\n<p>O gestor tamb\u00e9m cobrou puni\u00e7\u00f5es severas para os envolvidos. \u201cO papel policial \u00e9 dar seguran\u00e7a, \u00e9 trazer para o foli\u00e3o a certeza da prote\u00e7\u00e3o e jamais cometer qualquer ato desta natureza\u201d, disse.<\/p>\n<p>Bruno finalizou sua fala reiterando a necessidade de uma puni\u00e7\u00e3o exemplar para evitar que casos semelhantes voltem a manchar a festa momesca. \u201cEspero rigor por parte das for\u00e7as de seguran\u00e7a, nas puni\u00e7\u00f5es, para que isso seja evitado\u201d, concluiu o gestor.<\/p>\n<p><b>Entenda<\/b><\/p>\n<p>O caso ganhou repercuss\u00e3o nacional ap\u00f3s a confirma\u00e7\u00e3o de que os suspeitos s\u00e3o agentes do Estado. O secret\u00e1rio da Seguran\u00e7a P\u00fablica, Marcelo Werner, j\u00e1 havia garantido que a v\u00edtima foi ouvida e que imagens de c\u00e2meras de monitoramento est\u00e3o sendo analisadas para identificar os agressores.<\/p>\n<\/div>\n<div id=\"author-info\" class=\"ui items\">\n<div class=\"item\">Bahia.Ba<\/div>\n<\/div>\n<div class='share-to-whatsapp-wrapper'><div class='share-on-whsp'>Share on: <\/div><a data-text='Prefeito de Salvador cobra puni\u00e7\u00e3o ap\u00f3s estupro: \u2018Papel do policial \u00e9 proteger\u2019' data-link='https:\/\/newsinfoco.com.br\/inicio\/prefeito-de-salvador-cobra-punicao-apos-estupro-papel-do-policial-e-proteger\/' class='whatsapp-button whatsapp-share'>WhatsApp<\/a><div class='clear '><\/div><\/div>","protected":false},"excerpt":{"rendered":"<p>O prefeito de Salvador, Bruno Reis (Uni\u00e3o Brasil), classificou como inaceit\u00e1vel o caso de\u00a0estupro coletivo que teria sido praticado por tr\u00eas policiais militares na noite de quinta-feira (12) no circuito Barra-Ondina. \u201c\u00c9 lament\u00e1vel o que ocorreu. A gente repudia totalmente\u201d, afirmou o chefe do Executivo municipal durante coletiva de imprensa no Campo Grande neste s\u00e1bado [&hellip;]<\/p>\n","protected":false},"author":1,"featured_media":48837,"comment_status":"closed","ping_status":"closed","sticky":false,"template":"","format":"standard","meta":{"om_disable_all_campaigns":false,"rop_custom_images_group":[],"rop_custom_messages_group":[],"rop_publish_now":"initial","rop_publish_now_accounts":[],"rop_publish_now_history":[],"rop_publish_now_status":"pending","_exactmetrics_skip_tracking":false,"footnotes":""},"categories":[19],"tags":[],"class_list":["post-48836","post","type-post","status-publish","format-standard","has-post-thumbnail","hentry","category-bahia"],"aioseo_notices":[],"aioseo_head":"\n\t\t<!-- All in One SEO 4.9.10 - aioseo.com -->\n\t<meta name=\"description\" content=\"O prefeito de Salvador, Bruno Reis (Uni\u00e3o Brasil), classificou como inaceit\u00e1vel o caso de estupro coletivo que teria sido praticado por tr\u00eas policiais militares na noite de quinta-feira (12) no circuito Barra-Ondina. \u201c\u00c9 lament\u00e1vel o que ocorreu. A gente repudia totalmente\u201d, afirmou o chefe do Executivo municipal durante coletiva de imprensa no Campo Grande neste s\u00e1bado\" \/>\n\t<meta name=\"robots\" content=\"max-image-preview:large\" \/>\n\t<meta name=\"author\" content=\"administrador\"\/>\n\t<link rel=\"canonical\" href=\"https:\/\/newsinfoco.com.br\/inicio\/prefeito-de-salvador-cobra-punicao-apos-estupro-papel-do-policial-e-proteger\/\" \/>\n\t<meta name=\"generator\" content=\"All in One SEO (AIOSEO) 4.9.10\" \/>\n\t\t<meta property=\"og:locale\" content=\"pt_BR\" \/>\n\t\t<meta property=\"og:site_name\" content=\"News In Foco - Editado por Caio Pimenta - O principal site de noticias de Alagoinhas e regi\u00e3o\" \/>\n\t\t<meta property=\"og:type\" content=\"article\" \/>\n\t\t<meta property=\"og:title\" content=\"Prefeito de Salvador cobra puni\u00e7\u00e3o ap\u00f3s estupro: \u2018Papel do policial \u00e9 proteger\u2019 - News In Foco - Editado por Caio Pimenta\" \/>\n\t\t<meta property=\"og:description\" content=\"O prefeito de Salvador, Bruno Reis (Uni\u00e3o Brasil), classificou como inaceit\u00e1vel o caso de estupro coletivo que teria sido praticado por tr\u00eas policiais militares na noite de quinta-feira (12) no circuito Barra-Ondina. \u201c\u00c9 lament\u00e1vel o que ocorreu. A gente repudia totalmente\u201d, afirmou o chefe do Executivo municipal durante coletiva de imprensa no Campo Grande neste s\u00e1bado\" \/>\n\t\t<meta property=\"og:url\" content=\"https:\/\/newsinfoco.com.br\/inicio\/prefeito-de-salvador-cobra-punicao-apos-estupro-papel-do-policial-e-proteger\/\" \/>\n\t\t<meta property=\"article:published_time\" content=\"2026-02-14T21:06:08+00:00\" \/>\n\t\t<meta property=\"article:modified_time\" content=\"2026-02-14T21:06:08+00:00\" \/>\n\t\t<meta name=\"twitter:card\" content=\"summary_large_image\" \/>\n\t\t<meta name=\"twitter:title\" content=\"Prefeito de Salvador cobra puni\u00e7\u00e3o ap\u00f3s estupro: \u2018Papel do policial \u00e9 proteger\u2019 - News In Foco - Editado por Caio Pimenta\" \/>\n\t\t<meta name=\"twitter:description\" content=\"O prefeito de Salvador, Bruno Reis (Uni\u00e3o Brasil), classificou como inaceit\u00e1vel o caso de estupro coletivo que teria sido praticado por tr\u00eas policiais militares na noite de quinta-feira (12) no circuito Barra-Ondina. \u201c\u00c9 lament\u00e1vel o que ocorreu. A gente repudia totalmente\u201d, afirmou o chefe do Executivo municipal durante coletiva de imprensa no Campo Grande neste s\u00e1bado\" \/>\n\t\t<script type=\"application\/ld+json\" class=\"aioseo-schema\">\n\t\t\t{\"@context\":\"https:\\\/\\\/schema.org\",\"@graph\":[{\"@type\":\"BlogPosting\",\"@id\":\"https:\\\/\\\/newsinfoco.com.br\\\/inicio\\\/prefeito-de-salvador-cobra-punicao-apos-estupro-papel-do-policial-e-proteger\\\/#blogposting\",\"name\":\"Prefeito de Salvador cobra puni\\u00e7\\u00e3o ap\\u00f3s estupro: \\u2018Papel do policial \\u00e9 proteger\\u2019 - News In Foco - Editado por Caio Pimenta\",\"headline\":\"Prefeito de Salvador cobra puni\\u00e7\\u00e3o ap\\u00f3s estupro: \\u2018Papel do policial \\u00e9 proteger\\u2019\",\"author\":{\"@id\":\"https:\\\/\\\/newsinfoco.com.br\\\/inicio\\\/author\\\/administrador\\\/#author\"},\"publisher\":{\"@id\":\"https:\\\/\\\/newsinfoco.com.br\\\/inicio\\\/#organization\"},\"image\":{\"@type\":\"ImageObject\",\"url\":\"https:\\\/\\\/newsinfoco.com.br\\\/inicio\\\/wp-content\\\/uploads\\\/2026\\\/02\\\/bruno-reis-heber-araujo.jpeg\",\"width\":1280,\"height\":960},\"datePublished\":\"2026-02-14T18:06:08-03:00\",\"dateModified\":\"2026-02-14T18:06:08-03:00\",\"inLanguage\":\"pt-BR\",\"mainEntityOfPage\":{\"@id\":\"https:\\\/\\\/newsinfoco.com.br\\\/inicio\\\/prefeito-de-salvador-cobra-punicao-apos-estupro-papel-do-policial-e-proteger\\\/#webpage\"},\"isPartOf\":{\"@id\":\"https:\\\/\\\/newsinfoco.com.br\\\/inicio\\\/prefeito-de-salvador-cobra-punicao-apos-estupro-papel-do-policial-e-proteger\\\/#webpage\"},\"articleSection\":\"Bahia\"},{\"@type\":\"BreadcrumbList\",\"@id\":\"https:\\\/\\\/newsinfoco.com.br\\\/inicio\\\/prefeito-de-salvador-cobra-punicao-apos-estupro-papel-do-policial-e-proteger\\\/#breadcrumblist\",\"itemListElement\":[{\"@type\":\"ListItem\",\"@id\":\"https:\\\/\\\/newsinfoco.com.br\\\/inicio#listItem\",\"position\":1,\"name\":\"In\\u00edcio\",\"item\":\"https:\\\/\\\/newsinfoco.com.br\\\/inicio\",\"nextItem\":{\"@type\":\"ListItem\",\"@id\":\"https:\\\/\\\/newsinfoco.com.br\\\/inicio\\\/category\\\/bahia\\\/#listItem\",\"name\":\"Bahia\"}},{\"@type\":\"ListItem\",\"@id\":\"https:\\\/\\\/newsinfoco.com.br\\\/inicio\\\/category\\\/bahia\\\/#listItem\",\"position\":2,\"name\":\"Bahia\",\"item\":\"https:\\\/\\\/newsinfoco.com.br\\\/inicio\\\/category\\\/bahia\\\/\",\"nextItem\":{\"@type\":\"ListItem\",\"@id\":\"https:\\\/\\\/newsinfoco.com.br\\\/inicio\\\/prefeito-de-salvador-cobra-punicao-apos-estupro-papel-do-policial-e-proteger\\\/#listItem\",\"name\":\"Prefeito de Salvador cobra puni\\u00e7\\u00e3o ap\\u00f3s estupro: \\u2018Papel do policial \\u00e9 proteger\\u2019\"},\"previousItem\":{\"@type\":\"ListItem\",\"@id\":\"https:\\\/\\\/newsinfoco.com.br\\\/inicio#listItem\",\"name\":\"In\\u00edcio\"}},{\"@type\":\"ListItem\",\"@id\":\"https:\\\/\\\/newsinfoco.com.br\\\/inicio\\\/prefeito-de-salvador-cobra-punicao-apos-estupro-papel-do-policial-e-proteger\\\/#listItem\",\"position\":3,\"name\":\"Prefeito de Salvador cobra puni\\u00e7\\u00e3o ap\\u00f3s estupro: \\u2018Papel do policial \\u00e9 proteger\\u2019\",\"previousItem\":{\"@type\":\"ListItem\",\"@id\":\"https:\\\/\\\/newsinfoco.com.br\\\/inicio\\\/category\\\/bahia\\\/#listItem\",\"name\":\"Bahia\"}}]},{\"@type\":\"Organization\",\"@id\":\"https:\\\/\\\/newsinfoco.com.br\\\/inicio\\\/#organization\",\"name\":\"News In Foco - Editado por Caio Pimenta\",\"description\":\"O principal site de noticias de Alagoinhas e regi\\u00e3o\",\"url\":\"https:\\\/\\\/newsinfoco.com.br\\\/inicio\\\/\"},{\"@type\":\"Person\",\"@id\":\"https:\\\/\\\/newsinfoco.com.br\\\/inicio\\\/author\\\/administrador\\\/#author\",\"url\":\"https:\\\/\\\/newsinfoco.com.br\\\/inicio\\\/author\\\/administrador\\\/\",\"name\":\"administrador\",\"image\":{\"@type\":\"ImageObject\",\"@id\":\"https:\\\/\\\/newsinfoco.com.br\\\/inicio\\\/prefeito-de-salvador-cobra-punicao-apos-estupro-papel-do-policial-e-proteger\\\/#authorImage\",\"url\":\"https:\\\/\\\/secure.gravatar.com\\\/avatar\\\/c17a617433de8c1dc9584bb79aab7563b46f5bb7e1728c9b17d9cc3ce6a08e49?s=96&d=mm&r=g\",\"width\":96,\"height\":96,\"caption\":\"administrador\"}},{\"@type\":\"WebPage\",\"@id\":\"https:\\\/\\\/newsinfoco.com.br\\\/inicio\\\/prefeito-de-salvador-cobra-punicao-apos-estupro-papel-do-policial-e-proteger\\\/#webpage\",\"url\":\"https:\\\/\\\/newsinfoco.com.br\\\/inicio\\\/prefeito-de-salvador-cobra-punicao-apos-estupro-papel-do-policial-e-proteger\\\/\",\"name\":\"Prefeito de Salvador cobra puni\\u00e7\\u00e3o ap\\u00f3s estupro: \\u2018Papel do policial \\u00e9 proteger\\u2019 - News In Foco - Editado por Caio Pimenta\",\"description\":\"O prefeito de Salvador, Bruno Reis (Uni\\u00e3o Brasil), classificou como inaceit\\u00e1vel o caso de estupro coletivo que teria sido praticado por tr\\u00eas policiais militares na noite de quinta-feira (12) no circuito Barra-Ondina. \\u201c\\u00c9 lament\\u00e1vel o que ocorreu. A gente repudia totalmente\\u201d, afirmou o chefe do Executivo municipal durante coletiva de imprensa no Campo Grande neste s\\u00e1bado\",\"inLanguage\":\"pt-BR\",\"isPartOf\":{\"@id\":\"https:\\\/\\\/newsinfoco.com.br\\\/inicio\\\/#website\"},\"breadcrumb\":{\"@id\":\"https:\\\/\\\/newsinfoco.com.br\\\/inicio\\\/prefeito-de-salvador-cobra-punicao-apos-estupro-papel-do-policial-e-proteger\\\/#breadcrumblist\"},\"author\":{\"@id\":\"https:\\\/\\\/newsinfoco.com.br\\\/inicio\\\/author\\\/administrador\\\/#author\"},\"creator\":{\"@id\":\"https:\\\/\\\/newsinfoco.com.br\\\/inicio\\\/author\\\/administrador\\\/#author\"},\"image\":{\"@type\":\"ImageObject\",\"url\":\"https:\\\/\\\/newsinfoco.com.br\\\/inicio\\\/wp-content\\\/uploads\\\/2026\\\/02\\\/bruno-reis-heber-araujo.jpeg\",\"@id\":\"https:\\\/\\\/newsinfoco.com.br\\\/inicio\\\/prefeito-de-salvador-cobra-punicao-apos-estupro-papel-do-policial-e-proteger\\\/#mainImage\",\"width\":1280,\"height\":960},\"primaryImageOfPage\":{\"@id\":\"https:\\\/\\\/newsinfoco.com.br\\\/inicio\\\/prefeito-de-salvador-cobra-punicao-apos-estupro-papel-do-policial-e-proteger\\\/#mainImage\"},\"datePublished\":\"2026-02-14T18:06:08-03:00\",\"dateModified\":\"2026-02-14T18:06:08-03:00\"},{\"@type\":\"WebSite\",\"@id\":\"https:\\\/\\\/newsinfoco.com.br\\\/inicio\\\/#website\",\"url\":\"https:\\\/\\\/newsinfoco.com.br\\\/inicio\\\/\",\"name\":\"News In Foco - Editado por Caio Pimenta\",\"description\":\"O principal site de noticias de Alagoinhas e regi\\u00e3o\",\"inLanguage\":\"pt-BR\",\"publisher\":{\"@id\":\"https:\\\/\\\/newsinfoco.com.br\\\/inicio\\\/#organization\"}}]}\n\t\t<\/script>\n\t\t<!-- All in One SEO -->\n\n","aioseo_head_json":{"title":"Prefeito de Salvador cobra puni\u00e7\u00e3o ap\u00f3s estupro: \u2018Papel do policial \u00e9 proteger\u2019 - News In Foco - Editado por Caio Pimenta","description":"O prefeito de Salvador, Bruno Reis (Uni\u00e3o Brasil), classificou como inaceit\u00e1vel o caso de estupro coletivo que teria sido praticado por tr\u00eas policiais militares na noite de quinta-feira (12) no circuito Barra-Ondina. \u201c\u00c9 lament\u00e1vel o que ocorreu. A gente repudia totalmente\u201d, afirmou o chefe do Executivo municipal durante coletiva de imprensa no Campo Grande neste s\u00e1bado","canonical_url":"https:\/\/newsinfoco.com.br\/inicio\/prefeito-de-salvador-cobra-punicao-apos-estupro-papel-do-policial-e-proteger\/","robots":"max-image-preview:large","keywords":"","webmasterTools":{"miscellaneous":""},"schema":{"@context":"https:\/\/schema.org","@graph":[{"@type":"BlogPosting","@id":"https:\/\/newsinfoco.com.br\/inicio\/prefeito-de-salvador-cobra-punicao-apos-estupro-papel-do-policial-e-proteger\/#blogposting","name":"Prefeito de Salvador cobra puni\u00e7\u00e3o ap\u00f3s estupro: \u2018Papel do policial \u00e9 proteger\u2019 - News In Foco - Editado por Caio Pimenta","headline":"Prefeito de Salvador cobra puni\u00e7\u00e3o ap\u00f3s estupro: \u2018Papel do policial \u00e9 proteger\u2019","author":{"@id":"https:\/\/newsinfoco.com.br\/inicio\/author\/administrador\/#author"},"publisher":{"@id":"https:\/\/newsinfoco.com.br\/inicio\/#organization"},"image":{"@type":"ImageObject","url":"https:\/\/newsinfoco.com.br\/inicio\/wp-content\/uploads\/2026\/02\/bruno-reis-heber-araujo.jpeg","width":1280,"height":960},"datePublished":"2026-02-14T18:06:08-03:00","dateModified":"2026-02-14T18:06:08-03:00","inLanguage":"pt-BR","mainEntityOfPage":{"@id":"https:\/\/newsinfoco.com.br\/inicio\/prefeito-de-salvador-cobra-punicao-apos-estupro-papel-do-policial-e-proteger\/#webpage"},"isPartOf":{"@id":"https:\/\/newsinfoco.com.br\/inicio\/prefeito-de-salvador-cobra-punicao-apos-estupro-papel-do-policial-e-proteger\/#webpage"},"articleSection":"Bahia"},{"@type":"BreadcrumbList","@id":"https:\/\/newsinfoco.com.br\/inicio\/prefeito-de-salvador-cobra-punicao-apos-estupro-papel-do-policial-e-proteger\/#breadcrumblist","itemListElement":[{"@type":"ListItem","@id":"https:\/\/newsinfoco.com.br\/inicio#listItem","position":1,"name":"In\u00edcio","item":"https:\/\/newsinfoco.com.br\/inicio","nextItem":{"@type":"ListItem","@id":"https:\/\/newsinfoco.com.br\/inicio\/category\/bahia\/#listItem","name":"Bahia"}},{"@type":"ListItem","@id":"https:\/\/newsinfoco.com.br\/inicio\/category\/bahia\/#listItem","position":2,"name":"Bahia","item":"https:\/\/newsinfoco.com.br\/inicio\/category\/bahia\/","nextItem":{"@type":"ListItem","@id":"https:\/\/newsinfoco.com.br\/inicio\/prefeito-de-salvador-cobra-punicao-apos-estupro-papel-do-policial-e-proteger\/#listItem","name":"Prefeito de Salvador cobra puni\u00e7\u00e3o ap\u00f3s estupro: \u2018Papel do policial \u00e9 proteger\u2019"},"previousItem":{"@type":"ListItem","@id":"https:\/\/newsinfoco.com.br\/inicio#listItem","name":"In\u00edcio"}},{"@type":"ListItem","@id":"https:\/\/newsinfoco.com.br\/inicio\/prefeito-de-salvador-cobra-punicao-apos-estupro-papel-do-policial-e-proteger\/#listItem","position":3,"name":"Prefeito de Salvador cobra puni\u00e7\u00e3o ap\u00f3s estupro: \u2018Papel do policial \u00e9 proteger\u2019","previousItem":{"@type":"ListItem","@id":"https:\/\/newsinfoco.com.br\/inicio\/category\/bahia\/#listItem","name":"Bahia"}}]},{"@type":"Organization","@id":"https:\/\/newsinfoco.com.br\/inicio\/#organization","name":"News In Foco - Editado por Caio Pimenta","description":"O principal site de noticias de Alagoinhas e regi\u00e3o","url":"https:\/\/newsinfoco.com.br\/inicio\/"},{"@type":"Person","@id":"https:\/\/newsinfoco.com.br\/inicio\/author\/administrador\/#author","url":"https:\/\/newsinfoco.com.br\/inicio\/author\/administrador\/","name":"administrador","image":{"@type":"ImageObject","@id":"https:\/\/newsinfoco.com.br\/inicio\/prefeito-de-salvador-cobra-punicao-apos-estupro-papel-do-policial-e-proteger\/#authorImage","url":"https:\/\/secure.gravatar.com\/avatar\/c17a617433de8c1dc9584bb79aab7563b46f5bb7e1728c9b17d9cc3ce6a08e49?s=96&d=mm&r=g","width":96,"height":96,"caption":"administrador"}},{"@type":"WebPage","@id":"https:\/\/newsinfoco.com.br\/inicio\/prefeito-de-salvador-cobra-punicao-apos-estupro-papel-do-policial-e-proteger\/#webpage","url":"https:\/\/newsinfoco.com.br\/inicio\/prefeito-de-salvador-cobra-punicao-apos-estupro-papel-do-policial-e-proteger\/","name":"Prefeito de Salvador cobra puni\u00e7\u00e3o ap\u00f3s estupro: \u2018Papel do policial \u00e9 proteger\u2019 - News In Foco - Editado por Caio Pimenta","description":"O prefeito de Salvador, Bruno Reis (Uni\u00e3o Brasil), classificou como inaceit\u00e1vel o caso de estupro coletivo que teria sido praticado por tr\u00eas policiais militares na noite de quinta-feira (12) no circuito Barra-Ondina. \u201c\u00c9 lament\u00e1vel o que ocorreu. A gente repudia totalmente\u201d, afirmou o chefe do Executivo municipal durante coletiva de imprensa no Campo Grande neste s\u00e1bado","inLanguage":"pt-BR","isPartOf":{"@id":"https:\/\/newsinfoco.com.br\/inicio\/#website"},"breadcrumb":{"@id":"https:\/\/newsinfoco.com.br\/inicio\/prefeito-de-salvador-cobra-punicao-apos-estupro-papel-do-policial-e-proteger\/#breadcrumblist"},"author":{"@id":"https:\/\/newsinfoco.com.br\/inicio\/author\/administrador\/#author"},"creator":{"@id":"https:\/\/newsinfoco.com.br\/inicio\/author\/administrador\/#author"},"image":{"@type":"ImageObject","url":"https:\/\/newsinfoco.com.br\/inicio\/wp-content\/uploads\/2026\/02\/bruno-reis-heber-araujo.jpeg","@id":"https:\/\/newsinfoco.com.br\/inicio\/prefeito-de-salvador-cobra-punicao-apos-estupro-papel-do-policial-e-proteger\/#mainImage","width":1280,"height":960},"primaryImageOfPage":{"@id":"https:\/\/newsinfoco.com.br\/inicio\/prefeito-de-salvador-cobra-punicao-apos-estupro-papel-do-policial-e-proteger\/#mainImage"},"datePublished":"2026-02-14T18:06:08-03:00","dateModified":"2026-02-14T18:06:08-03:00"},{"@type":"WebSite","@id":"https:\/\/newsinfoco.com.br\/inicio\/#website","url":"https:\/\/newsinfoco.com.br\/inicio\/","name":"News In Foco - Editado por Caio Pimenta","description":"O principal site de noticias de Alagoinhas e regi\u00e3o","inLanguage":"pt-BR","publisher":{"@id":"https:\/\/newsinfoco.com.br\/inicio\/#organization"}}]},"og:locale":"pt_BR","og:site_name":"News In Foco - Editado por Caio Pimenta - O principal site de noticias de Alagoinhas e regi\u00e3o","og:type":"article","og:title":"Prefeito de Salvador cobra puni\u00e7\u00e3o ap\u00f3s estupro: \u2018Papel do policial \u00e9 proteger\u2019 - News In Foco - Editado por Caio Pimenta","og:description":"O prefeito de Salvador, Bruno Reis (Uni\u00e3o Brasil), classificou como inaceit\u00e1vel o caso de estupro coletivo que teria sido praticado por tr\u00eas policiais militares na noite de quinta-feira (12) no circuito Barra-Ondina. \u201c\u00c9 lament\u00e1vel o que ocorreu. A gente repudia totalmente\u201d, afirmou o chefe do Executivo municipal durante coletiva de imprensa no Campo Grande neste s\u00e1bado","og:url":"https:\/\/newsinfoco.com.br\/inicio\/prefeito-de-salvador-cobra-punicao-apos-estupro-papel-do-policial-e-proteger\/","article:published_time":"2026-02-14T21:06:08+00:00","article:modified_time":"2026-02-14T21:06:08+00:00","twitter:card":"summary_large_image","twitter:title":"Prefeito de Salvador cobra puni\u00e7\u00e3o ap\u00f3s estupro: \u2018Papel do policial \u00e9 proteger\u2019 - News In Foco - Editado por Caio Pimenta","twitter:description":"O prefeito de Salvador, Bruno Reis (Uni\u00e3o Brasil), classificou como inaceit\u00e1vel o caso de estupro coletivo que teria sido praticado por tr\u00eas policiais militares na noite de quinta-feira (12) no circuito Barra-Ondina. \u201c\u00c9 lament\u00e1vel o que ocorreu. A gente repudia totalmente\u201d, afirmou o chefe do Executivo municipal durante coletiva de imprensa no Campo Grande neste s\u00e1bado"},"aioseo_meta_data":{"post_id":"48836","title":null,"description":null,"keywords":null,"keyphrases":{"focus":{"keyphrase":"","score":0,"analysis":{"keyphraseInTitle":{"score":0,"maxScore":9,"error":1}}},"additional":[]},"primary_term":null,"canonical_url":null,"og_title":null,"og_description":null,"og_object_type":"default","og_image_type":"default","og_image_url":null,"og_image_width":null,"og_image_height":null,"og_image_custom_url":null,"og_image_custom_fields":null,"og_video":"","og_custom_url":null,"og_article_section":null,"og_article_tags":null,"twitter_use_og":false,"twitter_card":"default","twitter_image_type":"default","twitter_image_url":null,"twitter_image_custom_url":null,"twitter_image_custom_fields":null,"twitter_title":null,"twitter_description":null,"schema":{"blockGraphs":[],"customGraphs":[],"default":{"data":{"Article":[],"Course":[],"Dataset":[],"FAQPage":[],"Movie":[],"Person":[],"Product":[],"ProductReview":[],"Car":[],"Recipe":[],"Service":[],"SoftwareApplication":[],"WebPage":[]},"graphName":"BlogPosting","isEnabled":true},"graphs":[]},"schema_type":"default","schema_type_options":null,"pillar_content":false,"robots_default":true,"robots_noindex":false,"robots_noarchive":false,"robots_nosnippet":false,"robots_nofollow":false,"robots_noimageindex":false,"robots_noodp":false,"robots_notranslate":false,"robots_max_snippet":"-1","robots_max_videopreview":"-1","robots_max_imagepreview":"large","priority":null,"frequency":"default","local_seo":null,"breadcrumb_settings":null,"limit_modified_date":false,"ai":{"faqs":[],"keyPoints":[],"titles":[],"descriptions":[],"socialPosts":{"email":[],"linkedin":[],"twitter":[],"facebook":[],"instagram":[]}},"created":"2026-02-14 21:06:08","updated":"2026-02-14 21:18:37","seo_analyzer_scan_date":null},"aioseo_breadcrumb":"<div class=\"aioseo-breadcrumbs\"><span class=\"aioseo-breadcrumb\">\n\t\t\t<a href=\"https:\/\/newsinfoco.com.br\/inicio\" title=\"In\u00edcio\">In\u00edcio<\/a>\n\t\t<\/span><span class=\"aioseo-breadcrumb-separator\">&raquo;<\/span><span class=\"aioseo-breadcrumb\">\n\t\t\t<a href=\"https:\/\/newsinfoco.com.br\/inicio\/category\/bahia\/\" title=\"Bahia\">Bahia<\/a>\n\t\t<\/span><span class=\"aioseo-breadcrumb-separator\">&raquo;<\/span><span class=\"aioseo-breadcrumb\">\n\t\t\tPrefeito de Salvador cobra puni\u00e7\u00e3o ap\u00f3s estupro: \u2018Papel do policial \u00e9 proteger\u2019\n\t\t<\/span><\/div>","aioseo_breadcrumb_json":[{"label":"In\u00edcio","link":"https:\/\/newsinfoco.com.br\/inicio"},{"label":"Bahia","link":"https:\/\/newsinfoco.com.br\/inicio\/category\/bahia\/"},{"label":"Prefeito de Salvador cobra puni\u00e7\u00e3o ap\u00f3s estupro: \u2018Papel do policial \u00e9 proteger\u2019","link":"https:\/\/newsinfoco.com.br\/inicio\/prefeito-de-salvador-cobra-punicao-apos-estupro-papel-do-policial-e-proteger\/"}],"_links":{"self":[{"href":"https:\/\/newsinfoco.com.br\/inicio\/wp-json\/wp\/v2\/posts\/48836","targetHints":{"allow":["GET"]}}],"collection":[{"href":"https:\/\/newsinfoco.com.br\/inicio\/wp-json\/wp\/v2\/posts"}],"about":[{"href":"https:\/\/newsinfoco.com.br\/inicio\/wp-json\/wp\/v2\/types\/post"}],"author":[{"embeddable":true,"href":"https:\/\/newsinfoco.com.br\/inicio\/wp-json\/wp\/v2\/users\/1"}],"replies":[{"embeddable":true,"href":"https:\/\/newsinfoco.com.br\/inicio\/wp-json\/wp\/v2\/comments?post=48836"}],"version-history":[{"count":1,"href":"https:\/\/newsinfoco.com.br\/inicio\/wp-json\/wp\/v2\/posts\/48836\/revisions"}],"predecessor-version":[{"id":48838,"href":"https:\/\/newsinfoco.com.br\/inicio\/wp-json\/wp\/v2\/posts\/48836\/revisions\/48838"}],"wp:featuredmedia":[{"embeddable":true,"href":"https:\/\/newsinfoco.com.br\/inicio\/wp-json\/wp\/v2\/media\/48837"}],"wp:attachment":[{"href":"https:\/\/newsinfoco.com.br\/inicio\/wp-json\/wp\/v2\/media?parent=48836"}],"wp:term":[{"taxonomy":"category","embeddable":true,"href":"https:\/\/newsinfoco.com.br\/inicio\/wp-json\/wp\/v2\/categories?post=48836"},{"taxonomy":"post_tag","embeddable":true,"href":"https:\/\/newsinfoco.com.br\/inicio\/wp-json\/wp\/v2\/tags?post=48836"}],"curies":[{"name":"wp","href":"https:\/\/api.w.org\/{rel}","templated":true}]}}