{"id":48839,"date":"2026-02-14T18:10:59","date_gmt":"2026-02-14T21:10:59","guid":{"rendered":"https:\/\/newsinfoco.com.br\/inicio\/?p=48839"},"modified":"2026-02-14T18:10:59","modified_gmt":"2026-02-14T21:10:59","slug":"licenca-de-otto-alencar-pode-adiar-sabatina-de-jorge-messias-ao-stf","status":"publish","type":"post","link":"https:\/\/newsinfoco.com.br\/inicio\/licenca-de-otto-alencar-pode-adiar-sabatina-de-jorge-messias-ao-stf\/","title":{"rendered":"Licen\u00e7a de Otto Alencar pode adiar sabatina de Jorge Messias ao STF"},"content":{"rendered":"<div class=\"conteudo_post\">\n<p>A indica\u00e7\u00e3o do ministro da Advocacia-Geral da Uni\u00e3o, Jorge Messias, para o Supremo Tribunal Federal (STF) ganhou um novo obst\u00e1culo nos bastidores de Bras\u00edlia. Escolhido pelo presidente Luiz In\u00e1cio Lula da Silva para ocupar uma vaga na Corte, Messias enfrenta agora um impasse que pode atrasar sua sabatina no Senado. A informa\u00e7\u00e3o foi divulgada pela coluna de Lauro Jardim, do jornal O Globo.<\/p>\n<p>O presidente da Comiss\u00e3o de Constitui\u00e7\u00e3o e Justi\u00e7a (CCJ), Otto Alencar (PSD-BA), respons\u00e1vel por conduzir a sabatina do indicado, precisou implantar um marca-passo ap\u00f3s passar mal no \u00faltimo fim de semana.<\/p>\n<p>Aliado pol\u00edtico de Jorge Messias, o senador baiano recebeu alta hospitalar na \u00faltima segunda-feira, mas deve permanecer de licen\u00e7a m\u00e9dica at\u00e9 o dia 7 de mar\u00e7o. Ainda n\u00e3o h\u00e1 previs\u00e3o oficial sobre quando ele poder\u00e1 retomar as atividades em Bras\u00edlia.<\/p>\n<div>\n<div>\n<div class=\"trv-player-container\">\n<div class=\"trv-wrapper\">\n<div id=\"br_video_player_4a053f3452d9247c6fec63d8f319ef9dc3c659f9\" class=\"trvd_video_player trvdinstream\">A aus\u00eancia de Otto no comando da CCJ pode impactar diretamente o calend\u00e1rio da sabatina, etapa fundamental para que o nome indicado por Lula avance rumo ao STF. Nos bastidores, a articula\u00e7\u00e3o pol\u00edtica j\u00e1 era considerada delicada, e o afastamento tempor\u00e1rio do presidente da comiss\u00e3o adiciona um novo componente de incerteza ao processo.<\/div>\n<\/div>\n<\/div>\n<\/div>\n<\/div>\n<p>A sabatina na CCJ \u00e9 a principal fase antes da vota\u00e7\u00e3o no plen\u00e1rio do Senado, onde o indicado precisa obter maioria absoluta para ser confirmado ministro do Supremo. Enquanto isso, o Planalto acompanha a recupera\u00e7\u00e3o de Otto Alencar e avalia os pr\u00f3ximos passos para garantir o andamento da indica\u00e7\u00e3o.<\/p>\n<\/div>\n<div id=\"author-info\" class=\"ui items\">\n<div class=\"item\">Bahia.Ba<\/div>\n<\/div>\n<div class='share-to-whatsapp-wrapper'><div class='share-on-whsp'>Share on: <\/div><a data-text='Licen\u00e7a de Otto Alencar pode adiar sabatina de Jorge Messias ao STF' data-link='https:\/\/newsinfoco.com.br\/inicio\/licenca-de-otto-alencar-pode-adiar-sabatina-de-jorge-messias-ao-stf\/' class='whatsapp-button whatsapp-share'>WhatsApp<\/a><div class='clear '><\/div><\/div>","protected":false},"excerpt":{"rendered":"<p>A indica\u00e7\u00e3o do ministro da Advocacia-Geral da Uni\u00e3o, Jorge Messias, para o Supremo Tribunal Federal (STF) ganhou um novo obst\u00e1culo nos bastidores de Bras\u00edlia. Escolhido pelo presidente Luiz In\u00e1cio Lula da Silva para ocupar uma vaga na Corte, Messias enfrenta agora um impasse que pode atrasar sua sabatina no Senado. A informa\u00e7\u00e3o foi divulgada pela [&hellip;]<\/p>\n","protected":false},"author":1,"featured_media":48840,"comment_status":"closed","ping_status":"closed","sticky":false,"template":"","format":"standard","meta":{"om_disable_all_campaigns":false,"rop_custom_images_group":[],"rop_custom_messages_group":[],"rop_publish_now":"initial","rop_publish_now_accounts":[],"rop_publish_now_history":[],"rop_publish_now_status":"pending","_exactmetrics_skip_tracking":false,"footnotes":""},"categories":[21],"tags":[],"class_list":["post-48839","post","type-post","status-publish","format-standard","has-post-thumbnail","hentry","category-brasil"],"aioseo_notices":[],"aioseo_head":"\n\t\t<!-- All in One SEO 4.9.10 - aioseo.com -->\n\t<meta name=\"description\" content=\"A indica\u00e7\u00e3o do ministro da Advocacia-Geral da Uni\u00e3o, Jorge Messias, para o Supremo Tribunal Federal (STF) ganhou um novo obst\u00e1culo nos bastidores de Bras\u00edlia. Escolhido pelo presidente Luiz In\u00e1cio Lula da Silva para ocupar uma vaga na Corte, Messias enfrenta agora um impasse que pode atrasar sua sabatina no Senado. A informa\u00e7\u00e3o foi divulgada pela\" \/>\n\t<meta name=\"robots\" content=\"max-image-preview:large\" \/>\n\t<meta name=\"author\" content=\"administrador\"\/>\n\t<link rel=\"canonical\" href=\"https:\/\/newsinfoco.com.br\/inicio\/licenca-de-otto-alencar-pode-adiar-sabatina-de-jorge-messias-ao-stf\/\" \/>\n\t<meta name=\"generator\" content=\"All in One SEO (AIOSEO) 4.9.10\" \/>\n\t\t<meta property=\"og:locale\" content=\"pt_BR\" \/>\n\t\t<meta property=\"og:site_name\" content=\"News In Foco - Editado por Caio Pimenta - O principal site de noticias de Alagoinhas e regi\u00e3o\" \/>\n\t\t<meta property=\"og:type\" content=\"article\" \/>\n\t\t<meta property=\"og:title\" content=\"Licen\u00e7a de Otto Alencar pode adiar sabatina de Jorge Messias ao STF - News In Foco - Editado por Caio Pimenta\" \/>\n\t\t<meta property=\"og:description\" content=\"A indica\u00e7\u00e3o do ministro da Advocacia-Geral da Uni\u00e3o, Jorge Messias, para o Supremo Tribunal Federal (STF) ganhou um novo obst\u00e1culo nos bastidores de Bras\u00edlia. Escolhido pelo presidente Luiz In\u00e1cio Lula da Silva para ocupar uma vaga na Corte, Messias enfrenta agora um impasse que pode atrasar sua sabatina no Senado. A informa\u00e7\u00e3o foi divulgada pela\" \/>\n\t\t<meta property=\"og:url\" content=\"https:\/\/newsinfoco.com.br\/inicio\/licenca-de-otto-alencar-pode-adiar-sabatina-de-jorge-messias-ao-stf\/\" \/>\n\t\t<meta property=\"article:published_time\" content=\"2026-02-14T21:10:59+00:00\" \/>\n\t\t<meta property=\"article:modified_time\" content=\"2026-02-14T21:10:59+00:00\" \/>\n\t\t<meta name=\"twitter:card\" content=\"summary_large_image\" \/>\n\t\t<meta name=\"twitter:title\" content=\"Licen\u00e7a de Otto Alencar pode adiar sabatina de Jorge Messias ao STF - News In Foco - Editado por Caio Pimenta\" \/>\n\t\t<meta name=\"twitter:description\" content=\"A indica\u00e7\u00e3o do ministro da Advocacia-Geral da Uni\u00e3o, Jorge Messias, para o Supremo Tribunal Federal (STF) ganhou um novo obst\u00e1culo nos bastidores de Bras\u00edlia. Escolhido pelo presidente Luiz In\u00e1cio Lula da Silva para ocupar uma vaga na Corte, Messias enfrenta agora um impasse que pode atrasar sua sabatina no Senado. A informa\u00e7\u00e3o foi divulgada pela\" \/>\n\t\t<script type=\"application\/ld+json\" class=\"aioseo-schema\">\n\t\t\t{\"@context\":\"https:\\\/\\\/schema.org\",\"@graph\":[{\"@type\":\"BlogPosting\",\"@id\":\"https:\\\/\\\/newsinfoco.com.br\\\/inicio\\\/licenca-de-otto-alencar-pode-adiar-sabatina-de-jorge-messias-ao-stf\\\/#blogposting\",\"name\":\"Licen\\u00e7a de Otto Alencar pode adiar sabatina de Jorge Messias ao STF - News In Foco - Editado por Caio Pimenta\",\"headline\":\"Licen\\u00e7a de Otto Alencar pode adiar sabatina de Jorge Messias ao STF\",\"author\":{\"@id\":\"https:\\\/\\\/newsinfoco.com.br\\\/inicio\\\/author\\\/administrador\\\/#author\"},\"publisher\":{\"@id\":\"https:\\\/\\\/newsinfoco.com.br\\\/inicio\\\/#organization\"},\"image\":{\"@type\":\"ImageObject\",\"url\":\"https:\\\/\\\/newsinfoco.com.br\\\/inicio\\\/wp-content\\\/uploads\\\/2026\\\/02\\\/otto-alencar-1.jpg\",\"width\":600,\"height\":420},\"datePublished\":\"2026-02-14T18:10:59-03:00\",\"dateModified\":\"2026-02-14T18:10:59-03:00\",\"inLanguage\":\"pt-BR\",\"mainEntityOfPage\":{\"@id\":\"https:\\\/\\\/newsinfoco.com.br\\\/inicio\\\/licenca-de-otto-alencar-pode-adiar-sabatina-de-jorge-messias-ao-stf\\\/#webpage\"},\"isPartOf\":{\"@id\":\"https:\\\/\\\/newsinfoco.com.br\\\/inicio\\\/licenca-de-otto-alencar-pode-adiar-sabatina-de-jorge-messias-ao-stf\\\/#webpage\"},\"articleSection\":\"Brasil\"},{\"@type\":\"BreadcrumbList\",\"@id\":\"https:\\\/\\\/newsinfoco.com.br\\\/inicio\\\/licenca-de-otto-alencar-pode-adiar-sabatina-de-jorge-messias-ao-stf\\\/#breadcrumblist\",\"itemListElement\":[{\"@type\":\"ListItem\",\"@id\":\"https:\\\/\\\/newsinfoco.com.br\\\/inicio#listItem\",\"position\":1,\"name\":\"In\\u00edcio\",\"item\":\"https:\\\/\\\/newsinfoco.com.br\\\/inicio\",\"nextItem\":{\"@type\":\"ListItem\",\"@id\":\"https:\\\/\\\/newsinfoco.com.br\\\/inicio\\\/category\\\/brasil\\\/#listItem\",\"name\":\"Brasil\"}},{\"@type\":\"ListItem\",\"@id\":\"https:\\\/\\\/newsinfoco.com.br\\\/inicio\\\/category\\\/brasil\\\/#listItem\",\"position\":2,\"name\":\"Brasil\",\"item\":\"https:\\\/\\\/newsinfoco.com.br\\\/inicio\\\/category\\\/brasil\\\/\",\"nextItem\":{\"@type\":\"ListItem\",\"@id\":\"https:\\\/\\\/newsinfoco.com.br\\\/inicio\\\/licenca-de-otto-alencar-pode-adiar-sabatina-de-jorge-messias-ao-stf\\\/#listItem\",\"name\":\"Licen\\u00e7a de Otto Alencar pode adiar sabatina de Jorge Messias ao STF\"},\"previousItem\":{\"@type\":\"ListItem\",\"@id\":\"https:\\\/\\\/newsinfoco.com.br\\\/inicio#listItem\",\"name\":\"In\\u00edcio\"}},{\"@type\":\"ListItem\",\"@id\":\"https:\\\/\\\/newsinfoco.com.br\\\/inicio\\\/licenca-de-otto-alencar-pode-adiar-sabatina-de-jorge-messias-ao-stf\\\/#listItem\",\"position\":3,\"name\":\"Licen\\u00e7a de Otto Alencar pode adiar sabatina de Jorge Messias ao STF\",\"previousItem\":{\"@type\":\"ListItem\",\"@id\":\"https:\\\/\\\/newsinfoco.com.br\\\/inicio\\\/category\\\/brasil\\\/#listItem\",\"name\":\"Brasil\"}}]},{\"@type\":\"Organization\",\"@id\":\"https:\\\/\\\/newsinfoco.com.br\\\/inicio\\\/#organization\",\"name\":\"News In Foco - Editado por Caio Pimenta\",\"description\":\"O principal site de noticias de Alagoinhas e regi\\u00e3o\",\"url\":\"https:\\\/\\\/newsinfoco.com.br\\\/inicio\\\/\"},{\"@type\":\"Person\",\"@id\":\"https:\\\/\\\/newsinfoco.com.br\\\/inicio\\\/author\\\/administrador\\\/#author\",\"url\":\"https:\\\/\\\/newsinfoco.com.br\\\/inicio\\\/author\\\/administrador\\\/\",\"name\":\"administrador\",\"image\":{\"@type\":\"ImageObject\",\"@id\":\"https:\\\/\\\/newsinfoco.com.br\\\/inicio\\\/licenca-de-otto-alencar-pode-adiar-sabatina-de-jorge-messias-ao-stf\\\/#authorImage\",\"url\":\"https:\\\/\\\/secure.gravatar.com\\\/avatar\\\/c17a617433de8c1dc9584bb79aab7563b46f5bb7e1728c9b17d9cc3ce6a08e49?s=96&d=mm&r=g\",\"width\":96,\"height\":96,\"caption\":\"administrador\"}},{\"@type\":\"WebPage\",\"@id\":\"https:\\\/\\\/newsinfoco.com.br\\\/inicio\\\/licenca-de-otto-alencar-pode-adiar-sabatina-de-jorge-messias-ao-stf\\\/#webpage\",\"url\":\"https:\\\/\\\/newsinfoco.com.br\\\/inicio\\\/licenca-de-otto-alencar-pode-adiar-sabatina-de-jorge-messias-ao-stf\\\/\",\"name\":\"Licen\\u00e7a de Otto Alencar pode adiar sabatina de Jorge Messias ao STF - News In Foco - Editado por Caio Pimenta\",\"description\":\"A indica\\u00e7\\u00e3o do ministro da Advocacia-Geral da Uni\\u00e3o, Jorge Messias, para o Supremo Tribunal Federal (STF) ganhou um novo obst\\u00e1culo nos bastidores de Bras\\u00edlia. Escolhido pelo presidente Luiz In\\u00e1cio Lula da Silva para ocupar uma vaga na Corte, Messias enfrenta agora um impasse que pode atrasar sua sabatina no Senado. A informa\\u00e7\\u00e3o foi divulgada pela\",\"inLanguage\":\"pt-BR\",\"isPartOf\":{\"@id\":\"https:\\\/\\\/newsinfoco.com.br\\\/inicio\\\/#website\"},\"breadcrumb\":{\"@id\":\"https:\\\/\\\/newsinfoco.com.br\\\/inicio\\\/licenca-de-otto-alencar-pode-adiar-sabatina-de-jorge-messias-ao-stf\\\/#breadcrumblist\"},\"author\":{\"@id\":\"https:\\\/\\\/newsinfoco.com.br\\\/inicio\\\/author\\\/administrador\\\/#author\"},\"creator\":{\"@id\":\"https:\\\/\\\/newsinfoco.com.br\\\/inicio\\\/author\\\/administrador\\\/#author\"},\"image\":{\"@type\":\"ImageObject\",\"url\":\"https:\\\/\\\/newsinfoco.com.br\\\/inicio\\\/wp-content\\\/uploads\\\/2026\\\/02\\\/otto-alencar-1.jpg\",\"@id\":\"https:\\\/\\\/newsinfoco.com.br\\\/inicio\\\/licenca-de-otto-alencar-pode-adiar-sabatina-de-jorge-messias-ao-stf\\\/#mainImage\",\"width\":600,\"height\":420},\"primaryImageOfPage\":{\"@id\":\"https:\\\/\\\/newsinfoco.com.br\\\/inicio\\\/licenca-de-otto-alencar-pode-adiar-sabatina-de-jorge-messias-ao-stf\\\/#mainImage\"},\"datePublished\":\"2026-02-14T18:10:59-03:00\",\"dateModified\":\"2026-02-14T18:10:59-03:00\"},{\"@type\":\"WebSite\",\"@id\":\"https:\\\/\\\/newsinfoco.com.br\\\/inicio\\\/#website\",\"url\":\"https:\\\/\\\/newsinfoco.com.br\\\/inicio\\\/\",\"name\":\"News In Foco - Editado por Caio Pimenta\",\"description\":\"O principal site de noticias de Alagoinhas e regi\\u00e3o\",\"inLanguage\":\"pt-BR\",\"publisher\":{\"@id\":\"https:\\\/\\\/newsinfoco.com.br\\\/inicio\\\/#organization\"}}]}\n\t\t<\/script>\n\t\t<!-- All in One SEO -->\n\n","aioseo_head_json":{"title":"Licen\u00e7a de Otto Alencar pode adiar sabatina de Jorge Messias ao STF - News In Foco - Editado por Caio Pimenta","description":"A indica\u00e7\u00e3o do ministro da Advocacia-Geral da Uni\u00e3o, Jorge Messias, para o Supremo Tribunal Federal (STF) ganhou um novo obst\u00e1culo nos bastidores de Bras\u00edlia. Escolhido pelo presidente Luiz In\u00e1cio Lula da Silva para ocupar uma vaga na Corte, Messias enfrenta agora um impasse que pode atrasar sua sabatina no Senado. A informa\u00e7\u00e3o foi divulgada pela","canonical_url":"https:\/\/newsinfoco.com.br\/inicio\/licenca-de-otto-alencar-pode-adiar-sabatina-de-jorge-messias-ao-stf\/","robots":"max-image-preview:large","keywords":"","webmasterTools":{"miscellaneous":""},"schema":{"@context":"https:\/\/schema.org","@graph":[{"@type":"BlogPosting","@id":"https:\/\/newsinfoco.com.br\/inicio\/licenca-de-otto-alencar-pode-adiar-sabatina-de-jorge-messias-ao-stf\/#blogposting","name":"Licen\u00e7a de Otto Alencar pode adiar sabatina de Jorge Messias ao STF - News In Foco - Editado por Caio Pimenta","headline":"Licen\u00e7a de Otto Alencar pode adiar sabatina de Jorge Messias ao STF","author":{"@id":"https:\/\/newsinfoco.com.br\/inicio\/author\/administrador\/#author"},"publisher":{"@id":"https:\/\/newsinfoco.com.br\/inicio\/#organization"},"image":{"@type":"ImageObject","url":"https:\/\/newsinfoco.com.br\/inicio\/wp-content\/uploads\/2026\/02\/otto-alencar-1.jpg","width":600,"height":420},"datePublished":"2026-02-14T18:10:59-03:00","dateModified":"2026-02-14T18:10:59-03:00","inLanguage":"pt-BR","mainEntityOfPage":{"@id":"https:\/\/newsinfoco.com.br\/inicio\/licenca-de-otto-alencar-pode-adiar-sabatina-de-jorge-messias-ao-stf\/#webpage"},"isPartOf":{"@id":"https:\/\/newsinfoco.com.br\/inicio\/licenca-de-otto-alencar-pode-adiar-sabatina-de-jorge-messias-ao-stf\/#webpage"},"articleSection":"Brasil"},{"@type":"BreadcrumbList","@id":"https:\/\/newsinfoco.com.br\/inicio\/licenca-de-otto-alencar-pode-adiar-sabatina-de-jorge-messias-ao-stf\/#breadcrumblist","itemListElement":[{"@type":"ListItem","@id":"https:\/\/newsinfoco.com.br\/inicio#listItem","position":1,"name":"In\u00edcio","item":"https:\/\/newsinfoco.com.br\/inicio","nextItem":{"@type":"ListItem","@id":"https:\/\/newsinfoco.com.br\/inicio\/category\/brasil\/#listItem","name":"Brasil"}},{"@type":"ListItem","@id":"https:\/\/newsinfoco.com.br\/inicio\/category\/brasil\/#listItem","position":2,"name":"Brasil","item":"https:\/\/newsinfoco.com.br\/inicio\/category\/brasil\/","nextItem":{"@type":"ListItem","@id":"https:\/\/newsinfoco.com.br\/inicio\/licenca-de-otto-alencar-pode-adiar-sabatina-de-jorge-messias-ao-stf\/#listItem","name":"Licen\u00e7a de Otto Alencar pode adiar sabatina de Jorge Messias ao STF"},"previousItem":{"@type":"ListItem","@id":"https:\/\/newsinfoco.com.br\/inicio#listItem","name":"In\u00edcio"}},{"@type":"ListItem","@id":"https:\/\/newsinfoco.com.br\/inicio\/licenca-de-otto-alencar-pode-adiar-sabatina-de-jorge-messias-ao-stf\/#listItem","position":3,"name":"Licen\u00e7a de Otto Alencar pode adiar sabatina de Jorge Messias ao STF","previousItem":{"@type":"ListItem","@id":"https:\/\/newsinfoco.com.br\/inicio\/category\/brasil\/#listItem","name":"Brasil"}}]},{"@type":"Organization","@id":"https:\/\/newsinfoco.com.br\/inicio\/#organization","name":"News In Foco - Editado por Caio Pimenta","description":"O principal site de noticias de Alagoinhas e regi\u00e3o","url":"https:\/\/newsinfoco.com.br\/inicio\/"},{"@type":"Person","@id":"https:\/\/newsinfoco.com.br\/inicio\/author\/administrador\/#author","url":"https:\/\/newsinfoco.com.br\/inicio\/author\/administrador\/","name":"administrador","image":{"@type":"ImageObject","@id":"https:\/\/newsinfoco.com.br\/inicio\/licenca-de-otto-alencar-pode-adiar-sabatina-de-jorge-messias-ao-stf\/#authorImage","url":"https:\/\/secure.gravatar.com\/avatar\/c17a617433de8c1dc9584bb79aab7563b46f5bb7e1728c9b17d9cc3ce6a08e49?s=96&d=mm&r=g","width":96,"height":96,"caption":"administrador"}},{"@type":"WebPage","@id":"https:\/\/newsinfoco.com.br\/inicio\/licenca-de-otto-alencar-pode-adiar-sabatina-de-jorge-messias-ao-stf\/#webpage","url":"https:\/\/newsinfoco.com.br\/inicio\/licenca-de-otto-alencar-pode-adiar-sabatina-de-jorge-messias-ao-stf\/","name":"Licen\u00e7a de Otto Alencar pode adiar sabatina de Jorge Messias ao STF - News In Foco - Editado por Caio Pimenta","description":"A indica\u00e7\u00e3o do ministro da Advocacia-Geral da Uni\u00e3o, Jorge Messias, para o Supremo Tribunal Federal (STF) ganhou um novo obst\u00e1culo nos bastidores de Bras\u00edlia. Escolhido pelo presidente Luiz In\u00e1cio Lula da Silva para ocupar uma vaga na Corte, Messias enfrenta agora um impasse que pode atrasar sua sabatina no Senado. A informa\u00e7\u00e3o foi divulgada pela","inLanguage":"pt-BR","isPartOf":{"@id":"https:\/\/newsinfoco.com.br\/inicio\/#website"},"breadcrumb":{"@id":"https:\/\/newsinfoco.com.br\/inicio\/licenca-de-otto-alencar-pode-adiar-sabatina-de-jorge-messias-ao-stf\/#breadcrumblist"},"author":{"@id":"https:\/\/newsinfoco.com.br\/inicio\/author\/administrador\/#author"},"creator":{"@id":"https:\/\/newsinfoco.com.br\/inicio\/author\/administrador\/#author"},"image":{"@type":"ImageObject","url":"https:\/\/newsinfoco.com.br\/inicio\/wp-content\/uploads\/2026\/02\/otto-alencar-1.jpg","@id":"https:\/\/newsinfoco.com.br\/inicio\/licenca-de-otto-alencar-pode-adiar-sabatina-de-jorge-messias-ao-stf\/#mainImage","width":600,"height":420},"primaryImageOfPage":{"@id":"https:\/\/newsinfoco.com.br\/inicio\/licenca-de-otto-alencar-pode-adiar-sabatina-de-jorge-messias-ao-stf\/#mainImage"},"datePublished":"2026-02-14T18:10:59-03:00","dateModified":"2026-02-14T18:10:59-03:00"},{"@type":"WebSite","@id":"https:\/\/newsinfoco.com.br\/inicio\/#website","url":"https:\/\/newsinfoco.com.br\/inicio\/","name":"News In Foco - Editado por Caio Pimenta","description":"O principal site de noticias de Alagoinhas e regi\u00e3o","inLanguage":"pt-BR","publisher":{"@id":"https:\/\/newsinfoco.com.br\/inicio\/#organization"}}]},"og:locale":"pt_BR","og:site_name":"News In Foco - Editado por Caio Pimenta - O principal site de noticias de Alagoinhas e regi\u00e3o","og:type":"article","og:title":"Licen\u00e7a de Otto Alencar pode adiar sabatina de Jorge Messias ao STF - News In Foco - Editado por Caio Pimenta","og:description":"A indica\u00e7\u00e3o do ministro da Advocacia-Geral da Uni\u00e3o, Jorge Messias, para o Supremo Tribunal Federal (STF) ganhou um novo obst\u00e1culo nos bastidores de Bras\u00edlia. Escolhido pelo presidente Luiz In\u00e1cio Lula da Silva para ocupar uma vaga na Corte, Messias enfrenta agora um impasse que pode atrasar sua sabatina no Senado. A informa\u00e7\u00e3o foi divulgada pela","og:url":"https:\/\/newsinfoco.com.br\/inicio\/licenca-de-otto-alencar-pode-adiar-sabatina-de-jorge-messias-ao-stf\/","article:published_time":"2026-02-14T21:10:59+00:00","article:modified_time":"2026-02-14T21:10:59+00:00","twitter:card":"summary_large_image","twitter:title":"Licen\u00e7a de Otto Alencar pode adiar sabatina de Jorge Messias ao STF - News In Foco - Editado por Caio Pimenta","twitter:description":"A indica\u00e7\u00e3o do ministro da Advocacia-Geral da Uni\u00e3o, Jorge Messias, para o Supremo Tribunal Federal (STF) ganhou um novo obst\u00e1culo nos bastidores de Bras\u00edlia. Escolhido pelo presidente Luiz In\u00e1cio Lula da Silva para ocupar uma vaga na Corte, Messias enfrenta agora um impasse que pode atrasar sua sabatina no Senado. A informa\u00e7\u00e3o foi divulgada pela"},"aioseo_meta_data":{"post_id":"48839","title":null,"description":null,"keywords":null,"keyphrases":{"focus":{"keyphrase":"","score":0,"analysis":{"keyphraseInTitle":{"score":0,"maxScore":9,"error":1}}},"additional":[]},"primary_term":null,"canonical_url":null,"og_title":null,"og_description":null,"og_object_type":"default","og_image_type":"default","og_image_url":null,"og_image_width":null,"og_image_height":null,"og_image_custom_url":null,"og_image_custom_fields":null,"og_video":"","og_custom_url":null,"og_article_section":null,"og_article_tags":null,"twitter_use_og":false,"twitter_card":"default","twitter_image_type":"default","twitter_image_url":null,"twitter_image_custom_url":null,"twitter_image_custom_fields":null,"twitter_title":null,"twitter_description":null,"schema":{"blockGraphs":[],"customGraphs":[],"default":{"data":{"Article":[],"Course":[],"Dataset":[],"FAQPage":[],"Movie":[],"Person":[],"Product":[],"ProductReview":[],"Car":[],"Recipe":[],"Service":[],"SoftwareApplication":[],"WebPage":[]},"graphName":"BlogPosting","isEnabled":true},"graphs":[]},"schema_type":"default","schema_type_options":null,"pillar_content":false,"robots_default":true,"robots_noindex":false,"robots_noarchive":false,"robots_nosnippet":false,"robots_nofollow":false,"robots_noimageindex":false,"robots_noodp":false,"robots_notranslate":false,"robots_max_snippet":"-1","robots_max_videopreview":"-1","robots_max_imagepreview":"large","priority":null,"frequency":"default","local_seo":null,"breadcrumb_settings":null,"limit_modified_date":false,"ai":{"faqs":[],"keyPoints":[],"titles":[],"descriptions":[],"socialPosts":{"email":[],"linkedin":[],"twitter":[],"facebook":[],"instagram":[]}},"created":"2026-02-14 21:10:59","updated":"2026-02-14 21:18:37","seo_analyzer_scan_date":null},"aioseo_breadcrumb":"<div class=\"aioseo-breadcrumbs\"><span class=\"aioseo-breadcrumb\">\n\t\t\t<a href=\"https:\/\/newsinfoco.com.br\/inicio\" title=\"In\u00edcio\">In\u00edcio<\/a>\n\t\t<\/span><span class=\"aioseo-breadcrumb-separator\">&raquo;<\/span><span class=\"aioseo-breadcrumb\">\n\t\t\t<a href=\"https:\/\/newsinfoco.com.br\/inicio\/category\/brasil\/\" title=\"Brasil\">Brasil<\/a>\n\t\t<\/span><span class=\"aioseo-breadcrumb-separator\">&raquo;<\/span><span class=\"aioseo-breadcrumb\">\n\t\t\tLicen\u00e7a de Otto Alencar pode adiar sabatina de Jorge Messias ao STF\n\t\t<\/span><\/div>","aioseo_breadcrumb_json":[{"label":"In\u00edcio","link":"https:\/\/newsinfoco.com.br\/inicio"},{"label":"Brasil","link":"https:\/\/newsinfoco.com.br\/inicio\/category\/brasil\/"},{"label":"Licen\u00e7a de Otto Alencar pode adiar sabatina de Jorge Messias ao STF","link":"https:\/\/newsinfoco.com.br\/inicio\/licenca-de-otto-alencar-pode-adiar-sabatina-de-jorge-messias-ao-stf\/"}],"_links":{"self":[{"href":"https:\/\/newsinfoco.com.br\/inicio\/wp-json\/wp\/v2\/posts\/48839","targetHints":{"allow":["GET"]}}],"collection":[{"href":"https:\/\/newsinfoco.com.br\/inicio\/wp-json\/wp\/v2\/posts"}],"about":[{"href":"https:\/\/newsinfoco.com.br\/inicio\/wp-json\/wp\/v2\/types\/post"}],"author":[{"embeddable":true,"href":"https:\/\/newsinfoco.com.br\/inicio\/wp-json\/wp\/v2\/users\/1"}],"replies":[{"embeddable":true,"href":"https:\/\/newsinfoco.com.br\/inicio\/wp-json\/wp\/v2\/comments?post=48839"}],"version-history":[{"count":1,"href":"https:\/\/newsinfoco.com.br\/inicio\/wp-json\/wp\/v2\/posts\/48839\/revisions"}],"predecessor-version":[{"id":48841,"href":"https:\/\/newsinfoco.com.br\/inicio\/wp-json\/wp\/v2\/posts\/48839\/revisions\/48841"}],"wp:featuredmedia":[{"embeddable":true,"href":"https:\/\/newsinfoco.com.br\/inicio\/wp-json\/wp\/v2\/media\/48840"}],"wp:attachment":[{"href":"https:\/\/newsinfoco.com.br\/inicio\/wp-json\/wp\/v2\/media?parent=48839"}],"wp:term":[{"taxonomy":"category","embeddable":true,"href":"https:\/\/newsinfoco.com.br\/inicio\/wp-json\/wp\/v2\/categories?post=48839"},{"taxonomy":"post_tag","embeddable":true,"href":"https:\/\/newsinfoco.com.br\/inicio\/wp-json\/wp\/v2\/tags?post=48839"}],"curies":[{"name":"wp","href":"https:\/\/api.w.org\/{rel}","templated":true}]}}