{"id":48845,"date":"2026-02-14T18:22:28","date_gmt":"2026-02-14T21:22:28","guid":{"rendered":"https:\/\/newsinfoco.com.br\/inicio\/?p=48845"},"modified":"2026-02-14T18:22:28","modified_gmt":"2026-02-14T21:22:28","slug":"bahia-oficializa-venda-de-matheus-bahia-ao-internacional","status":"publish","type":"post","link":"https:\/\/newsinfoco.com.br\/inicio\/bahia-oficializa-venda-de-matheus-bahia-ao-internacional\/","title":{"rendered":"Bahia oficializa venda de Matheus Bahia ao Internacional"},"content":{"rendered":"<p>O Bahia confirmou, neste s\u00e1bado (14), a transfer\u00eancia em definitivo do lateral-esquerdo Matheus Bahia para o Internacional. O jogador, que j\u00e1 vinha despertando o interesse do clube ga\u00facho ap\u00f3s se destacar na temporada de 2025, encerra seu ciclo no Tricolor aos 26 anos.<\/p>\n<p>Na opera\u00e7\u00e3o, o Esquadr\u00e3o de A\u00e7o negociou o atleta por aproximadamente R$ 6 milh\u00f5es. Como estrat\u00e9gia de mercado para lucros futuros, a diretoria tricolor conseguiu manter 40% dos direitos econ\u00f4micos do lateral, garantindo uma fatia em caso de uma nova venda pelo Colorado.<\/p>\n<p>Matheus Bahia chegou ao Tricolor ainda para as divis\u00f5es de base, ap\u00f3s passagens por Palmeiras e Athletico-PR. Em Salvador, consolidou sua forma\u00e7\u00e3o e foi al\u00e7ado ao profissional com o selo de \u201cPivete de A\u00e7o\u201d, acumulando t\u00edtulos tanto na base quanto no time principal.<\/p>\n<p>Pelo elenco profissional, o lateral disputou 117 partidas, balan\u00e7ou as redes em tr\u00eas oportunidades e serviu seus companheiros com oito assist\u00eancias. Em seu curr\u00edculo no Fazend\u00e3o e na Cidade Tricolor, Matheus ostenta as ta\u00e7as da Copa do Nordeste e do Campeonato Baiano.<\/p>\n<p>\u201cO Bahia deseja muita sorte ao jogador nessa nova etapa da carreira\u201d, afirmou o clube em nota oficial de agradecimento.<\/p>\n<p>Bahia.Ba<\/p>\n<div class='share-to-whatsapp-wrapper'><div class='share-on-whsp'>Share on: <\/div><a data-text='Bahia oficializa venda de Matheus Bahia ao Internacional' data-link='https:\/\/newsinfoco.com.br\/inicio\/bahia-oficializa-venda-de-matheus-bahia-ao-internacional\/' class='whatsapp-button whatsapp-share'>WhatsApp<\/a><div class='clear '><\/div><\/div>","protected":false},"excerpt":{"rendered":"<p>O Bahia confirmou, neste s\u00e1bado (14), a transfer\u00eancia em definitivo do lateral-esquerdo Matheus Bahia para o Internacional. O jogador, que j\u00e1 vinha despertando o interesse do clube ga\u00facho ap\u00f3s se destacar na temporada de 2025, encerra seu ciclo no Tricolor aos 26 anos. Na opera\u00e7\u00e3o, o Esquadr\u00e3o de A\u00e7o negociou o atleta por aproximadamente R$ [&hellip;]<\/p>\n","protected":false},"author":1,"featured_media":48846,"comment_status":"closed","ping_status":"closed","sticky":false,"template":"","format":"standard","meta":{"om_disable_all_campaigns":false,"rop_custom_images_group":[],"rop_custom_messages_group":[],"rop_publish_now":"initial","rop_publish_now_accounts":[],"rop_publish_now_history":[],"rop_publish_now_status":"pending","_exactmetrics_skip_tracking":false,"footnotes":""},"categories":[19],"tags":[],"class_list":["post-48845","post","type-post","status-publish","format-standard","has-post-thumbnail","hentry","category-bahia"],"aioseo_notices":[],"aioseo_head":"\n\t\t<!-- All in One SEO 4.9.10 - aioseo.com -->\n\t<meta name=\"description\" content=\"O Bahia confirmou, neste s\u00e1bado (14), a transfer\u00eancia em definitivo do lateral-esquerdo Matheus Bahia para o Internacional. O jogador, que j\u00e1 vinha despertando o interesse do clube ga\u00facho ap\u00f3s se destacar na temporada de 2025, encerra seu ciclo no Tricolor aos 26 anos. Na opera\u00e7\u00e3o, o Esquadr\u00e3o de A\u00e7o negociou o atleta por aproximadamente R$\" \/>\n\t<meta name=\"robots\" content=\"max-image-preview:large\" \/>\n\t<meta name=\"author\" content=\"administrador\"\/>\n\t<link rel=\"canonical\" href=\"https:\/\/newsinfoco.com.br\/inicio\/bahia-oficializa-venda-de-matheus-bahia-ao-internacional\/\" \/>\n\t<meta name=\"generator\" content=\"All in One SEO (AIOSEO) 4.9.10\" \/>\n\t\t<meta property=\"og:locale\" content=\"pt_BR\" \/>\n\t\t<meta property=\"og:site_name\" content=\"News In Foco - Editado por Caio Pimenta - O principal site de noticias de Alagoinhas e regi\u00e3o\" \/>\n\t\t<meta property=\"og:type\" content=\"article\" \/>\n\t\t<meta property=\"og:title\" content=\"Bahia oficializa venda de Matheus Bahia ao Internacional - News In Foco - Editado por Caio Pimenta\" \/>\n\t\t<meta property=\"og:description\" content=\"O Bahia confirmou, neste s\u00e1bado (14), a transfer\u00eancia em definitivo do lateral-esquerdo Matheus Bahia para o Internacional. O jogador, que j\u00e1 vinha despertando o interesse do clube ga\u00facho ap\u00f3s se destacar na temporada de 2025, encerra seu ciclo no Tricolor aos 26 anos. Na opera\u00e7\u00e3o, o Esquadr\u00e3o de A\u00e7o negociou o atleta por aproximadamente R$\" \/>\n\t\t<meta property=\"og:url\" content=\"https:\/\/newsinfoco.com.br\/inicio\/bahia-oficializa-venda-de-matheus-bahia-ao-internacional\/\" \/>\n\t\t<meta property=\"article:published_time\" content=\"2026-02-14T21:22:28+00:00\" \/>\n\t\t<meta property=\"article:modified_time\" content=\"2026-02-14T21:22:28+00:00\" \/>\n\t\t<meta name=\"twitter:card\" content=\"summary_large_image\" \/>\n\t\t<meta name=\"twitter:title\" content=\"Bahia oficializa venda de Matheus Bahia ao Internacional - News In Foco - Editado por Caio Pimenta\" \/>\n\t\t<meta name=\"twitter:description\" content=\"O Bahia confirmou, neste s\u00e1bado (14), a transfer\u00eancia em definitivo do lateral-esquerdo Matheus Bahia para o Internacional. O jogador, que j\u00e1 vinha despertando o interesse do clube ga\u00facho ap\u00f3s se destacar na temporada de 2025, encerra seu ciclo no Tricolor aos 26 anos. Na opera\u00e7\u00e3o, o Esquadr\u00e3o de A\u00e7o negociou o atleta por aproximadamente R$\" \/>\n\t\t<script type=\"application\/ld+json\" class=\"aioseo-schema\">\n\t\t\t{\"@context\":\"https:\\\/\\\/schema.org\",\"@graph\":[{\"@type\":\"BlogPosting\",\"@id\":\"https:\\\/\\\/newsinfoco.com.br\\\/inicio\\\/bahia-oficializa-venda-de-matheus-bahia-ao-internacional\\\/#blogposting\",\"name\":\"Bahia oficializa venda de Matheus Bahia ao Internacional - News In Foco - Editado por Caio Pimenta\",\"headline\":\"Bahia oficializa venda de Matheus Bahia ao Internacional\",\"author\":{\"@id\":\"https:\\\/\\\/newsinfoco.com.br\\\/inicio\\\/author\\\/administrador\\\/#author\"},\"publisher\":{\"@id\":\"https:\\\/\\\/newsinfoco.com.br\\\/inicio\\\/#organization\"},\"image\":{\"@type\":\"ImageObject\",\"url\":\"https:\\\/\\\/newsinfoco.com.br\\\/inicio\\\/wp-content\\\/uploads\\\/2026\\\/02\\\/Matheus-Bahia.png\",\"width\":600,\"height\":420},\"datePublished\":\"2026-02-14T18:22:28-03:00\",\"dateModified\":\"2026-02-14T18:22:28-03:00\",\"inLanguage\":\"pt-BR\",\"mainEntityOfPage\":{\"@id\":\"https:\\\/\\\/newsinfoco.com.br\\\/inicio\\\/bahia-oficializa-venda-de-matheus-bahia-ao-internacional\\\/#webpage\"},\"isPartOf\":{\"@id\":\"https:\\\/\\\/newsinfoco.com.br\\\/inicio\\\/bahia-oficializa-venda-de-matheus-bahia-ao-internacional\\\/#webpage\"},\"articleSection\":\"Bahia\"},{\"@type\":\"BreadcrumbList\",\"@id\":\"https:\\\/\\\/newsinfoco.com.br\\\/inicio\\\/bahia-oficializa-venda-de-matheus-bahia-ao-internacional\\\/#breadcrumblist\",\"itemListElement\":[{\"@type\":\"ListItem\",\"@id\":\"https:\\\/\\\/newsinfoco.com.br\\\/inicio#listItem\",\"position\":1,\"name\":\"In\\u00edcio\",\"item\":\"https:\\\/\\\/newsinfoco.com.br\\\/inicio\",\"nextItem\":{\"@type\":\"ListItem\",\"@id\":\"https:\\\/\\\/newsinfoco.com.br\\\/inicio\\\/category\\\/bahia\\\/#listItem\",\"name\":\"Bahia\"}},{\"@type\":\"ListItem\",\"@id\":\"https:\\\/\\\/newsinfoco.com.br\\\/inicio\\\/category\\\/bahia\\\/#listItem\",\"position\":2,\"name\":\"Bahia\",\"item\":\"https:\\\/\\\/newsinfoco.com.br\\\/inicio\\\/category\\\/bahia\\\/\",\"nextItem\":{\"@type\":\"ListItem\",\"@id\":\"https:\\\/\\\/newsinfoco.com.br\\\/inicio\\\/bahia-oficializa-venda-de-matheus-bahia-ao-internacional\\\/#listItem\",\"name\":\"Bahia oficializa venda de Matheus Bahia ao Internacional\"},\"previousItem\":{\"@type\":\"ListItem\",\"@id\":\"https:\\\/\\\/newsinfoco.com.br\\\/inicio#listItem\",\"name\":\"In\\u00edcio\"}},{\"@type\":\"ListItem\",\"@id\":\"https:\\\/\\\/newsinfoco.com.br\\\/inicio\\\/bahia-oficializa-venda-de-matheus-bahia-ao-internacional\\\/#listItem\",\"position\":3,\"name\":\"Bahia oficializa venda de Matheus Bahia ao Internacional\",\"previousItem\":{\"@type\":\"ListItem\",\"@id\":\"https:\\\/\\\/newsinfoco.com.br\\\/inicio\\\/category\\\/bahia\\\/#listItem\",\"name\":\"Bahia\"}}]},{\"@type\":\"Organization\",\"@id\":\"https:\\\/\\\/newsinfoco.com.br\\\/inicio\\\/#organization\",\"name\":\"News In Foco - Editado por Caio Pimenta\",\"description\":\"O principal site de noticias de Alagoinhas e regi\\u00e3o\",\"url\":\"https:\\\/\\\/newsinfoco.com.br\\\/inicio\\\/\"},{\"@type\":\"Person\",\"@id\":\"https:\\\/\\\/newsinfoco.com.br\\\/inicio\\\/author\\\/administrador\\\/#author\",\"url\":\"https:\\\/\\\/newsinfoco.com.br\\\/inicio\\\/author\\\/administrador\\\/\",\"name\":\"administrador\",\"image\":{\"@type\":\"ImageObject\",\"@id\":\"https:\\\/\\\/newsinfoco.com.br\\\/inicio\\\/bahia-oficializa-venda-de-matheus-bahia-ao-internacional\\\/#authorImage\",\"url\":\"https:\\\/\\\/secure.gravatar.com\\\/avatar\\\/c17a617433de8c1dc9584bb79aab7563b46f5bb7e1728c9b17d9cc3ce6a08e49?s=96&d=mm&r=g\",\"width\":96,\"height\":96,\"caption\":\"administrador\"}},{\"@type\":\"WebPage\",\"@id\":\"https:\\\/\\\/newsinfoco.com.br\\\/inicio\\\/bahia-oficializa-venda-de-matheus-bahia-ao-internacional\\\/#webpage\",\"url\":\"https:\\\/\\\/newsinfoco.com.br\\\/inicio\\\/bahia-oficializa-venda-de-matheus-bahia-ao-internacional\\\/\",\"name\":\"Bahia oficializa venda de Matheus Bahia ao Internacional - News In Foco - Editado por Caio Pimenta\",\"description\":\"O Bahia confirmou, neste s\\u00e1bado (14), a transfer\\u00eancia em definitivo do lateral-esquerdo Matheus Bahia para o Internacional. O jogador, que j\\u00e1 vinha despertando o interesse do clube ga\\u00facho ap\\u00f3s se destacar na temporada de 2025, encerra seu ciclo no Tricolor aos 26 anos. Na opera\\u00e7\\u00e3o, o Esquadr\\u00e3o de A\\u00e7o negociou o atleta por aproximadamente R$\",\"inLanguage\":\"pt-BR\",\"isPartOf\":{\"@id\":\"https:\\\/\\\/newsinfoco.com.br\\\/inicio\\\/#website\"},\"breadcrumb\":{\"@id\":\"https:\\\/\\\/newsinfoco.com.br\\\/inicio\\\/bahia-oficializa-venda-de-matheus-bahia-ao-internacional\\\/#breadcrumblist\"},\"author\":{\"@id\":\"https:\\\/\\\/newsinfoco.com.br\\\/inicio\\\/author\\\/administrador\\\/#author\"},\"creator\":{\"@id\":\"https:\\\/\\\/newsinfoco.com.br\\\/inicio\\\/author\\\/administrador\\\/#author\"},\"image\":{\"@type\":\"ImageObject\",\"url\":\"https:\\\/\\\/newsinfoco.com.br\\\/inicio\\\/wp-content\\\/uploads\\\/2026\\\/02\\\/Matheus-Bahia.png\",\"@id\":\"https:\\\/\\\/newsinfoco.com.br\\\/inicio\\\/bahia-oficializa-venda-de-matheus-bahia-ao-internacional\\\/#mainImage\",\"width\":600,\"height\":420},\"primaryImageOfPage\":{\"@id\":\"https:\\\/\\\/newsinfoco.com.br\\\/inicio\\\/bahia-oficializa-venda-de-matheus-bahia-ao-internacional\\\/#mainImage\"},\"datePublished\":\"2026-02-14T18:22:28-03:00\",\"dateModified\":\"2026-02-14T18:22:28-03:00\"},{\"@type\":\"WebSite\",\"@id\":\"https:\\\/\\\/newsinfoco.com.br\\\/inicio\\\/#website\",\"url\":\"https:\\\/\\\/newsinfoco.com.br\\\/inicio\\\/\",\"name\":\"News In Foco - Editado por Caio Pimenta\",\"description\":\"O principal site de noticias de Alagoinhas e regi\\u00e3o\",\"inLanguage\":\"pt-BR\",\"publisher\":{\"@id\":\"https:\\\/\\\/newsinfoco.com.br\\\/inicio\\\/#organization\"}}]}\n\t\t<\/script>\n\t\t<!-- All in One SEO -->\n\n","aioseo_head_json":{"title":"Bahia oficializa venda de Matheus Bahia ao Internacional - News In Foco - Editado por Caio Pimenta","description":"O Bahia confirmou, neste s\u00e1bado (14), a transfer\u00eancia em definitivo do lateral-esquerdo Matheus Bahia para o Internacional. O jogador, que j\u00e1 vinha despertando o interesse do clube ga\u00facho ap\u00f3s se destacar na temporada de 2025, encerra seu ciclo no Tricolor aos 26 anos. Na opera\u00e7\u00e3o, o Esquadr\u00e3o de A\u00e7o negociou o atleta por aproximadamente R$","canonical_url":"https:\/\/newsinfoco.com.br\/inicio\/bahia-oficializa-venda-de-matheus-bahia-ao-internacional\/","robots":"max-image-preview:large","keywords":"","webmasterTools":{"miscellaneous":""},"schema":{"@context":"https:\/\/schema.org","@graph":[{"@type":"BlogPosting","@id":"https:\/\/newsinfoco.com.br\/inicio\/bahia-oficializa-venda-de-matheus-bahia-ao-internacional\/#blogposting","name":"Bahia oficializa venda de Matheus Bahia ao Internacional - News In Foco - Editado por Caio Pimenta","headline":"Bahia oficializa venda de Matheus Bahia ao Internacional","author":{"@id":"https:\/\/newsinfoco.com.br\/inicio\/author\/administrador\/#author"},"publisher":{"@id":"https:\/\/newsinfoco.com.br\/inicio\/#organization"},"image":{"@type":"ImageObject","url":"https:\/\/newsinfoco.com.br\/inicio\/wp-content\/uploads\/2026\/02\/Matheus-Bahia.png","width":600,"height":420},"datePublished":"2026-02-14T18:22:28-03:00","dateModified":"2026-02-14T18:22:28-03:00","inLanguage":"pt-BR","mainEntityOfPage":{"@id":"https:\/\/newsinfoco.com.br\/inicio\/bahia-oficializa-venda-de-matheus-bahia-ao-internacional\/#webpage"},"isPartOf":{"@id":"https:\/\/newsinfoco.com.br\/inicio\/bahia-oficializa-venda-de-matheus-bahia-ao-internacional\/#webpage"},"articleSection":"Bahia"},{"@type":"BreadcrumbList","@id":"https:\/\/newsinfoco.com.br\/inicio\/bahia-oficializa-venda-de-matheus-bahia-ao-internacional\/#breadcrumblist","itemListElement":[{"@type":"ListItem","@id":"https:\/\/newsinfoco.com.br\/inicio#listItem","position":1,"name":"In\u00edcio","item":"https:\/\/newsinfoco.com.br\/inicio","nextItem":{"@type":"ListItem","@id":"https:\/\/newsinfoco.com.br\/inicio\/category\/bahia\/#listItem","name":"Bahia"}},{"@type":"ListItem","@id":"https:\/\/newsinfoco.com.br\/inicio\/category\/bahia\/#listItem","position":2,"name":"Bahia","item":"https:\/\/newsinfoco.com.br\/inicio\/category\/bahia\/","nextItem":{"@type":"ListItem","@id":"https:\/\/newsinfoco.com.br\/inicio\/bahia-oficializa-venda-de-matheus-bahia-ao-internacional\/#listItem","name":"Bahia oficializa venda de Matheus Bahia ao Internacional"},"previousItem":{"@type":"ListItem","@id":"https:\/\/newsinfoco.com.br\/inicio#listItem","name":"In\u00edcio"}},{"@type":"ListItem","@id":"https:\/\/newsinfoco.com.br\/inicio\/bahia-oficializa-venda-de-matheus-bahia-ao-internacional\/#listItem","position":3,"name":"Bahia oficializa venda de Matheus Bahia ao Internacional","previousItem":{"@type":"ListItem","@id":"https:\/\/newsinfoco.com.br\/inicio\/category\/bahia\/#listItem","name":"Bahia"}}]},{"@type":"Organization","@id":"https:\/\/newsinfoco.com.br\/inicio\/#organization","name":"News In Foco - Editado por Caio Pimenta","description":"O principal site de noticias de Alagoinhas e regi\u00e3o","url":"https:\/\/newsinfoco.com.br\/inicio\/"},{"@type":"Person","@id":"https:\/\/newsinfoco.com.br\/inicio\/author\/administrador\/#author","url":"https:\/\/newsinfoco.com.br\/inicio\/author\/administrador\/","name":"administrador","image":{"@type":"ImageObject","@id":"https:\/\/newsinfoco.com.br\/inicio\/bahia-oficializa-venda-de-matheus-bahia-ao-internacional\/#authorImage","url":"https:\/\/secure.gravatar.com\/avatar\/c17a617433de8c1dc9584bb79aab7563b46f5bb7e1728c9b17d9cc3ce6a08e49?s=96&d=mm&r=g","width":96,"height":96,"caption":"administrador"}},{"@type":"WebPage","@id":"https:\/\/newsinfoco.com.br\/inicio\/bahia-oficializa-venda-de-matheus-bahia-ao-internacional\/#webpage","url":"https:\/\/newsinfoco.com.br\/inicio\/bahia-oficializa-venda-de-matheus-bahia-ao-internacional\/","name":"Bahia oficializa venda de Matheus Bahia ao Internacional - News In Foco - Editado por Caio Pimenta","description":"O Bahia confirmou, neste s\u00e1bado (14), a transfer\u00eancia em definitivo do lateral-esquerdo Matheus Bahia para o Internacional. O jogador, que j\u00e1 vinha despertando o interesse do clube ga\u00facho ap\u00f3s se destacar na temporada de 2025, encerra seu ciclo no Tricolor aos 26 anos. Na opera\u00e7\u00e3o, o Esquadr\u00e3o de A\u00e7o negociou o atleta por aproximadamente R$","inLanguage":"pt-BR","isPartOf":{"@id":"https:\/\/newsinfoco.com.br\/inicio\/#website"},"breadcrumb":{"@id":"https:\/\/newsinfoco.com.br\/inicio\/bahia-oficializa-venda-de-matheus-bahia-ao-internacional\/#breadcrumblist"},"author":{"@id":"https:\/\/newsinfoco.com.br\/inicio\/author\/administrador\/#author"},"creator":{"@id":"https:\/\/newsinfoco.com.br\/inicio\/author\/administrador\/#author"},"image":{"@type":"ImageObject","url":"https:\/\/newsinfoco.com.br\/inicio\/wp-content\/uploads\/2026\/02\/Matheus-Bahia.png","@id":"https:\/\/newsinfoco.com.br\/inicio\/bahia-oficializa-venda-de-matheus-bahia-ao-internacional\/#mainImage","width":600,"height":420},"primaryImageOfPage":{"@id":"https:\/\/newsinfoco.com.br\/inicio\/bahia-oficializa-venda-de-matheus-bahia-ao-internacional\/#mainImage"},"datePublished":"2026-02-14T18:22:28-03:00","dateModified":"2026-02-14T18:22:28-03:00"},{"@type":"WebSite","@id":"https:\/\/newsinfoco.com.br\/inicio\/#website","url":"https:\/\/newsinfoco.com.br\/inicio\/","name":"News In Foco - Editado por Caio Pimenta","description":"O principal site de noticias de Alagoinhas e regi\u00e3o","inLanguage":"pt-BR","publisher":{"@id":"https:\/\/newsinfoco.com.br\/inicio\/#organization"}}]},"og:locale":"pt_BR","og:site_name":"News In Foco - Editado por Caio Pimenta - O principal site de noticias de Alagoinhas e regi\u00e3o","og:type":"article","og:title":"Bahia oficializa venda de Matheus Bahia ao Internacional - News In Foco - Editado por Caio Pimenta","og:description":"O Bahia confirmou, neste s\u00e1bado (14), a transfer\u00eancia em definitivo do lateral-esquerdo Matheus Bahia para o Internacional. O jogador, que j\u00e1 vinha despertando o interesse do clube ga\u00facho ap\u00f3s se destacar na temporada de 2025, encerra seu ciclo no Tricolor aos 26 anos. Na opera\u00e7\u00e3o, o Esquadr\u00e3o de A\u00e7o negociou o atleta por aproximadamente R$","og:url":"https:\/\/newsinfoco.com.br\/inicio\/bahia-oficializa-venda-de-matheus-bahia-ao-internacional\/","article:published_time":"2026-02-14T21:22:28+00:00","article:modified_time":"2026-02-14T21:22:28+00:00","twitter:card":"summary_large_image","twitter:title":"Bahia oficializa venda de Matheus Bahia ao Internacional - News In Foco - Editado por Caio Pimenta","twitter:description":"O Bahia confirmou, neste s\u00e1bado (14), a transfer\u00eancia em definitivo do lateral-esquerdo Matheus Bahia para o Internacional. O jogador, que j\u00e1 vinha despertando o interesse do clube ga\u00facho ap\u00f3s se destacar na temporada de 2025, encerra seu ciclo no Tricolor aos 26 anos. Na opera\u00e7\u00e3o, o Esquadr\u00e3o de A\u00e7o negociou o atleta por aproximadamente R$"},"aioseo_meta_data":{"post_id":"48845","title":null,"description":null,"keywords":null,"keyphrases":{"focus":{"keyphrase":"","score":0,"analysis":{"keyphraseInTitle":{"score":0,"maxScore":9,"error":1}}},"additional":[]},"primary_term":null,"canonical_url":null,"og_title":null,"og_description":null,"og_object_type":"default","og_image_type":"default","og_image_url":null,"og_image_width":null,"og_image_height":null,"og_image_custom_url":null,"og_image_custom_fields":null,"og_video":"","og_custom_url":null,"og_article_section":null,"og_article_tags":null,"twitter_use_og":false,"twitter_card":"default","twitter_image_type":"default","twitter_image_url":null,"twitter_image_custom_url":null,"twitter_image_custom_fields":null,"twitter_title":null,"twitter_description":null,"schema":{"blockGraphs":[],"customGraphs":[],"default":{"data":{"Article":[],"Course":[],"Dataset":[],"FAQPage":[],"Movie":[],"Person":[],"Product":[],"ProductReview":[],"Car":[],"Recipe":[],"Service":[],"SoftwareApplication":[],"WebPage":[]},"graphName":"BlogPosting","isEnabled":true},"graphs":[]},"schema_type":"default","schema_type_options":null,"pillar_content":false,"robots_default":true,"robots_noindex":false,"robots_noarchive":false,"robots_nosnippet":false,"robots_nofollow":false,"robots_noimageindex":false,"robots_noodp":false,"robots_notranslate":false,"robots_max_snippet":"-1","robots_max_videopreview":"-1","robots_max_imagepreview":"large","priority":null,"frequency":"default","local_seo":null,"breadcrumb_settings":null,"limit_modified_date":false,"ai":{"faqs":[],"keyPoints":[],"titles":[],"descriptions":[],"socialPosts":{"email":[],"linkedin":[],"twitter":[],"facebook":[],"instagram":[]}},"created":"2026-02-14 21:22:28","updated":"2026-02-14 21:34:50","seo_analyzer_scan_date":null},"aioseo_breadcrumb":"<div class=\"aioseo-breadcrumbs\"><span class=\"aioseo-breadcrumb\">\n\t\t\t<a href=\"https:\/\/newsinfoco.com.br\/inicio\" title=\"In\u00edcio\">In\u00edcio<\/a>\n\t\t<\/span><span class=\"aioseo-breadcrumb-separator\">&raquo;<\/span><span class=\"aioseo-breadcrumb\">\n\t\t\t<a href=\"https:\/\/newsinfoco.com.br\/inicio\/category\/bahia\/\" title=\"Bahia\">Bahia<\/a>\n\t\t<\/span><span class=\"aioseo-breadcrumb-separator\">&raquo;<\/span><span class=\"aioseo-breadcrumb\">\n\t\t\tBahia oficializa venda de Matheus Bahia ao Internacional\n\t\t<\/span><\/div>","aioseo_breadcrumb_json":[{"label":"In\u00edcio","link":"https:\/\/newsinfoco.com.br\/inicio"},{"label":"Bahia","link":"https:\/\/newsinfoco.com.br\/inicio\/category\/bahia\/"},{"label":"Bahia oficializa venda de Matheus Bahia ao Internacional","link":"https:\/\/newsinfoco.com.br\/inicio\/bahia-oficializa-venda-de-matheus-bahia-ao-internacional\/"}],"_links":{"self":[{"href":"https:\/\/newsinfoco.com.br\/inicio\/wp-json\/wp\/v2\/posts\/48845","targetHints":{"allow":["GET"]}}],"collection":[{"href":"https:\/\/newsinfoco.com.br\/inicio\/wp-json\/wp\/v2\/posts"}],"about":[{"href":"https:\/\/newsinfoco.com.br\/inicio\/wp-json\/wp\/v2\/types\/post"}],"author":[{"embeddable":true,"href":"https:\/\/newsinfoco.com.br\/inicio\/wp-json\/wp\/v2\/users\/1"}],"replies":[{"embeddable":true,"href":"https:\/\/newsinfoco.com.br\/inicio\/wp-json\/wp\/v2\/comments?post=48845"}],"version-history":[{"count":1,"href":"https:\/\/newsinfoco.com.br\/inicio\/wp-json\/wp\/v2\/posts\/48845\/revisions"}],"predecessor-version":[{"id":48847,"href":"https:\/\/newsinfoco.com.br\/inicio\/wp-json\/wp\/v2\/posts\/48845\/revisions\/48847"}],"wp:featuredmedia":[{"embeddable":true,"href":"https:\/\/newsinfoco.com.br\/inicio\/wp-json\/wp\/v2\/media\/48846"}],"wp:attachment":[{"href":"https:\/\/newsinfoco.com.br\/inicio\/wp-json\/wp\/v2\/media?parent=48845"}],"wp:term":[{"taxonomy":"category","embeddable":true,"href":"https:\/\/newsinfoco.com.br\/inicio\/wp-json\/wp\/v2\/categories?post=48845"},{"taxonomy":"post_tag","embeddable":true,"href":"https:\/\/newsinfoco.com.br\/inicio\/wp-json\/wp\/v2\/tags?post=48845"}],"curies":[{"name":"wp","href":"https:\/\/api.w.org\/{rel}","templated":true}]}}