{"id":48848,"date":"2026-02-14T18:32:07","date_gmt":"2026-02-14T21:32:07","guid":{"rendered":"https:\/\/newsinfoco.com.br\/inicio\/?p=48848"},"modified":"2026-02-14T18:32:07","modified_gmt":"2026-02-14T21:32:07","slug":"presidentes-tem-autonomia-diz-bruno-reis-sobre-apoio-do-uniao-brasil-e-pp-a-dias-toffoli","status":"publish","type":"post","link":"https:\/\/newsinfoco.com.br\/inicio\/presidentes-tem-autonomia-diz-bruno-reis-sobre-apoio-do-uniao-brasil-e-pp-a-dias-toffoli\/","title":{"rendered":"\u2018Presidentes t\u00eam autonomia\u2019, diz Bruno Reis sobre apoio do Uni\u00e3o Brasil e PP a Dias Toffoli"},"content":{"rendered":"<div class=\"conteudo_post\">\n<p>O prefeito de Salvador, Bruno Reis (Uni\u00e3o Brasil), comentou neste s\u00e1bado (14) a nota oficial emitida pela Federa\u00e7\u00e3o Uni\u00e3o Progressista (composta por Uni\u00e3o Brasil e PP) em apoio ao ministro do Supremo Tribunal Federal (STF), Dias Toffoli. Ele pontuou que a manifesta\u00e7\u00e3o foi centralizada nas c\u00fapulas nacionais das legendas.<\/p>\n<p>\u201cFoi uma decis\u00e3o dos presidentes [Antonio] Rueda e Ciro [Nogueira] que tem autonomia para isso, que podem falar na condi\u00e7\u00e3o de presidentes dos dois partidos e Rueda no caso de presidente da Federa\u00e7\u00e3o\u201d, afirmou o prefeito durante o balan\u00e7o do Carnaval.<\/p>\n<p>O posicionamento dos partidos ocorreu ap\u00f3s o magistrado deixar a relatoria do caso Banco Master, diante de ind\u00edcios de irregularidades apresentados pela Pol\u00edcia Federal.<\/p>\n<div>\n<div>\n<div class=\"trv-player-container\">\n<div class=\"trv-wrapper\">\n<div id=\"br_video_player_5c880b3a22f4b8091aa263d8f319ef9dc3c659f9\" class=\"trvd_video_player trvdinstream\">A nota divulgada na sexta-feira (13) classificou as suspeitas contra Toffoli como \u201cnarrativas\u201d e um \u201cataque aos pilares do sistema democr\u00e1tico\u201d. Bruno justificou a aus\u00eancia de uma consulta mais ampla \u00e0s bases regionais ou \u00e0 executiva devido \u00e0 urg\u00eancia do calend\u00e1rio e \u00e0 log\u00edstica do per\u00edodo carnavalesco.<\/div>\n<\/div>\n<\/div>\n<\/div>\n<\/div>\n<p>\u201cNaturalmente, num per\u00edodo como esse, n\u00e3o d\u00e1 para reunir a executiva, os integrantes que comp\u00f5em a nominata da forma\u00e7\u00e3o da federa\u00e7\u00e3o\u201d, disse o gestor. Para ele, o documento expressa a vis\u00e3o das lideran\u00e7as \u201cnaturalmente refletindo as duas opini\u00f5es\u201d.<\/p>\n<p>Bahia.Ba<\/p>\n<\/div>\n<div id=\"author-info\" class=\"ui items\">\n<div class=\"item\"><\/div>\n<\/div>\n<div class='share-to-whatsapp-wrapper'><div class='share-on-whsp'>Share on: <\/div><a data-text='\u2018Presidentes t\u00eam autonomia\u2019, diz Bruno Reis sobre apoio do Uni\u00e3o Brasil e PP a Dias Toffoli' data-link='https:\/\/newsinfoco.com.br\/inicio\/presidentes-tem-autonomia-diz-bruno-reis-sobre-apoio-do-uniao-brasil-e-pp-a-dias-toffoli\/' class='whatsapp-button whatsapp-share'>WhatsApp<\/a><div class='clear '><\/div><\/div>","protected":false},"excerpt":{"rendered":"<p>O prefeito de Salvador, Bruno Reis (Uni\u00e3o Brasil), comentou neste s\u00e1bado (14) a nota oficial emitida pela Federa\u00e7\u00e3o Uni\u00e3o Progressista (composta por Uni\u00e3o Brasil e PP) em apoio ao ministro do Supremo Tribunal Federal (STF), Dias Toffoli. Ele pontuou que a manifesta\u00e7\u00e3o foi centralizada nas c\u00fapulas nacionais das legendas. \u201cFoi uma decis\u00e3o dos presidentes [Antonio] [&hellip;]<\/p>\n","protected":false},"author":1,"featured_media":48849,"comment_status":"closed","ping_status":"closed","sticky":false,"template":"","format":"standard","meta":{"om_disable_all_campaigns":false,"rop_custom_images_group":[],"rop_custom_messages_group":[],"rop_publish_now":"initial","rop_publish_now_accounts":[],"rop_publish_now_history":[],"rop_publish_now_status":"pending","_exactmetrics_skip_tracking":false,"footnotes":""},"categories":[19],"tags":[],"class_list":["post-48848","post","type-post","status-publish","format-standard","has-post-thumbnail","hentry","category-bahia"],"aioseo_notices":[],"aioseo_head":"\n\t\t<!-- All in One SEO 4.9.10 - aioseo.com -->\n\t<meta name=\"description\" content=\"O prefeito de Salvador, Bruno Reis (Uni\u00e3o Brasil), comentou neste s\u00e1bado (14) a nota oficial emitida pela Federa\u00e7\u00e3o Uni\u00e3o Progressista (composta por Uni\u00e3o Brasil e PP) em apoio ao ministro do Supremo Tribunal Federal (STF), Dias Toffoli. Ele pontuou que a manifesta\u00e7\u00e3o foi centralizada nas c\u00fapulas nacionais das legendas. \u201cFoi uma decis\u00e3o dos presidentes [Antonio]\" \/>\n\t<meta name=\"robots\" content=\"max-image-preview:large\" \/>\n\t<meta name=\"author\" content=\"administrador\"\/>\n\t<link rel=\"canonical\" href=\"https:\/\/newsinfoco.com.br\/inicio\/presidentes-tem-autonomia-diz-bruno-reis-sobre-apoio-do-uniao-brasil-e-pp-a-dias-toffoli\/\" \/>\n\t<meta name=\"generator\" content=\"All in One SEO (AIOSEO) 4.9.10\" \/>\n\t\t<meta property=\"og:locale\" content=\"pt_BR\" \/>\n\t\t<meta property=\"og:site_name\" content=\"News In Foco - Editado por Caio Pimenta - O principal site de noticias de Alagoinhas e regi\u00e3o\" \/>\n\t\t<meta property=\"og:type\" content=\"article\" \/>\n\t\t<meta property=\"og:title\" content=\"\u2018Presidentes t\u00eam autonomia\u2019, diz Bruno Reis sobre apoio do Uni\u00e3o Brasil e PP a Dias Toffoli - News In Foco - Editado por Caio Pimenta\" \/>\n\t\t<meta property=\"og:description\" content=\"O prefeito de Salvador, Bruno Reis (Uni\u00e3o Brasil), comentou neste s\u00e1bado (14) a nota oficial emitida pela Federa\u00e7\u00e3o Uni\u00e3o Progressista (composta por Uni\u00e3o Brasil e PP) em apoio ao ministro do Supremo Tribunal Federal (STF), Dias Toffoli. Ele pontuou que a manifesta\u00e7\u00e3o foi centralizada nas c\u00fapulas nacionais das legendas. \u201cFoi uma decis\u00e3o dos presidentes [Antonio]\" \/>\n\t\t<meta property=\"og:url\" content=\"https:\/\/newsinfoco.com.br\/inicio\/presidentes-tem-autonomia-diz-bruno-reis-sobre-apoio-do-uniao-brasil-e-pp-a-dias-toffoli\/\" \/>\n\t\t<meta property=\"article:published_time\" content=\"2026-02-14T21:32:07+00:00\" \/>\n\t\t<meta property=\"article:modified_time\" content=\"2026-02-14T21:32:07+00:00\" \/>\n\t\t<meta name=\"twitter:card\" content=\"summary_large_image\" \/>\n\t\t<meta name=\"twitter:title\" content=\"\u2018Presidentes t\u00eam autonomia\u2019, diz Bruno Reis sobre apoio do Uni\u00e3o Brasil e PP a Dias Toffoli - News In Foco - Editado por Caio Pimenta\" \/>\n\t\t<meta name=\"twitter:description\" content=\"O prefeito de Salvador, Bruno Reis (Uni\u00e3o Brasil), comentou neste s\u00e1bado (14) a nota oficial emitida pela Federa\u00e7\u00e3o Uni\u00e3o Progressista (composta por Uni\u00e3o Brasil e PP) em apoio ao ministro do Supremo Tribunal Federal (STF), Dias Toffoli. Ele pontuou que a manifesta\u00e7\u00e3o foi centralizada nas c\u00fapulas nacionais das legendas. \u201cFoi uma decis\u00e3o dos presidentes [Antonio]\" \/>\n\t\t<script type=\"application\/ld+json\" class=\"aioseo-schema\">\n\t\t\t{\"@context\":\"https:\\\/\\\/schema.org\",\"@graph\":[{\"@type\":\"BlogPosting\",\"@id\":\"https:\\\/\\\/newsinfoco.com.br\\\/inicio\\\/presidentes-tem-autonomia-diz-bruno-reis-sobre-apoio-do-uniao-brasil-e-pp-a-dias-toffoli\\\/#blogposting\",\"name\":\"\\u2018Presidentes t\\u00eam autonomia\\u2019, diz Bruno Reis sobre apoio do Uni\\u00e3o Brasil e PP a Dias Toffoli - News In Foco - Editado por Caio Pimenta\",\"headline\":\"\\u2018Presidentes t\\u00eam autonomia\\u2019, diz Bruno Reis sobre apoio do Uni\\u00e3o Brasil e PP a Dias Toffoli\",\"author\":{\"@id\":\"https:\\\/\\\/newsinfoco.com.br\\\/inicio\\\/author\\\/administrador\\\/#author\"},\"publisher\":{\"@id\":\"https:\\\/\\\/newsinfoco.com.br\\\/inicio\\\/#organization\"},\"image\":{\"@type\":\"ImageObject\",\"url\":\"https:\\\/\\\/newsinfoco.com.br\\\/inicio\\\/wp-content\\\/uploads\\\/2026\\\/02\\\/bruno-reis-dias-toffoli.png\",\"width\":600,\"height\":420},\"datePublished\":\"2026-02-14T18:32:07-03:00\",\"dateModified\":\"2026-02-14T18:32:07-03:00\",\"inLanguage\":\"pt-BR\",\"mainEntityOfPage\":{\"@id\":\"https:\\\/\\\/newsinfoco.com.br\\\/inicio\\\/presidentes-tem-autonomia-diz-bruno-reis-sobre-apoio-do-uniao-brasil-e-pp-a-dias-toffoli\\\/#webpage\"},\"isPartOf\":{\"@id\":\"https:\\\/\\\/newsinfoco.com.br\\\/inicio\\\/presidentes-tem-autonomia-diz-bruno-reis-sobre-apoio-do-uniao-brasil-e-pp-a-dias-toffoli\\\/#webpage\"},\"articleSection\":\"Bahia\"},{\"@type\":\"BreadcrumbList\",\"@id\":\"https:\\\/\\\/newsinfoco.com.br\\\/inicio\\\/presidentes-tem-autonomia-diz-bruno-reis-sobre-apoio-do-uniao-brasil-e-pp-a-dias-toffoli\\\/#breadcrumblist\",\"itemListElement\":[{\"@type\":\"ListItem\",\"@id\":\"https:\\\/\\\/newsinfoco.com.br\\\/inicio#listItem\",\"position\":1,\"name\":\"In\\u00edcio\",\"item\":\"https:\\\/\\\/newsinfoco.com.br\\\/inicio\",\"nextItem\":{\"@type\":\"ListItem\",\"@id\":\"https:\\\/\\\/newsinfoco.com.br\\\/inicio\\\/category\\\/bahia\\\/#listItem\",\"name\":\"Bahia\"}},{\"@type\":\"ListItem\",\"@id\":\"https:\\\/\\\/newsinfoco.com.br\\\/inicio\\\/category\\\/bahia\\\/#listItem\",\"position\":2,\"name\":\"Bahia\",\"item\":\"https:\\\/\\\/newsinfoco.com.br\\\/inicio\\\/category\\\/bahia\\\/\",\"nextItem\":{\"@type\":\"ListItem\",\"@id\":\"https:\\\/\\\/newsinfoco.com.br\\\/inicio\\\/presidentes-tem-autonomia-diz-bruno-reis-sobre-apoio-do-uniao-brasil-e-pp-a-dias-toffoli\\\/#listItem\",\"name\":\"\\u2018Presidentes t\\u00eam autonomia\\u2019, diz Bruno Reis sobre apoio do Uni\\u00e3o Brasil e PP a Dias Toffoli\"},\"previousItem\":{\"@type\":\"ListItem\",\"@id\":\"https:\\\/\\\/newsinfoco.com.br\\\/inicio#listItem\",\"name\":\"In\\u00edcio\"}},{\"@type\":\"ListItem\",\"@id\":\"https:\\\/\\\/newsinfoco.com.br\\\/inicio\\\/presidentes-tem-autonomia-diz-bruno-reis-sobre-apoio-do-uniao-brasil-e-pp-a-dias-toffoli\\\/#listItem\",\"position\":3,\"name\":\"\\u2018Presidentes t\\u00eam autonomia\\u2019, diz Bruno Reis sobre apoio do Uni\\u00e3o Brasil e PP a Dias Toffoli\",\"previousItem\":{\"@type\":\"ListItem\",\"@id\":\"https:\\\/\\\/newsinfoco.com.br\\\/inicio\\\/category\\\/bahia\\\/#listItem\",\"name\":\"Bahia\"}}]},{\"@type\":\"Organization\",\"@id\":\"https:\\\/\\\/newsinfoco.com.br\\\/inicio\\\/#organization\",\"name\":\"News In Foco - Editado por Caio Pimenta\",\"description\":\"O principal site de noticias de Alagoinhas e regi\\u00e3o\",\"url\":\"https:\\\/\\\/newsinfoco.com.br\\\/inicio\\\/\"},{\"@type\":\"Person\",\"@id\":\"https:\\\/\\\/newsinfoco.com.br\\\/inicio\\\/author\\\/administrador\\\/#author\",\"url\":\"https:\\\/\\\/newsinfoco.com.br\\\/inicio\\\/author\\\/administrador\\\/\",\"name\":\"administrador\",\"image\":{\"@type\":\"ImageObject\",\"@id\":\"https:\\\/\\\/newsinfoco.com.br\\\/inicio\\\/presidentes-tem-autonomia-diz-bruno-reis-sobre-apoio-do-uniao-brasil-e-pp-a-dias-toffoli\\\/#authorImage\",\"url\":\"https:\\\/\\\/secure.gravatar.com\\\/avatar\\\/c17a617433de8c1dc9584bb79aab7563b46f5bb7e1728c9b17d9cc3ce6a08e49?s=96&d=mm&r=g\",\"width\":96,\"height\":96,\"caption\":\"administrador\"}},{\"@type\":\"WebPage\",\"@id\":\"https:\\\/\\\/newsinfoco.com.br\\\/inicio\\\/presidentes-tem-autonomia-diz-bruno-reis-sobre-apoio-do-uniao-brasil-e-pp-a-dias-toffoli\\\/#webpage\",\"url\":\"https:\\\/\\\/newsinfoco.com.br\\\/inicio\\\/presidentes-tem-autonomia-diz-bruno-reis-sobre-apoio-do-uniao-brasil-e-pp-a-dias-toffoli\\\/\",\"name\":\"\\u2018Presidentes t\\u00eam autonomia\\u2019, diz Bruno Reis sobre apoio do Uni\\u00e3o Brasil e PP a Dias Toffoli - News In Foco - Editado por Caio Pimenta\",\"description\":\"O prefeito de Salvador, Bruno Reis (Uni\\u00e3o Brasil), comentou neste s\\u00e1bado (14) a nota oficial emitida pela Federa\\u00e7\\u00e3o Uni\\u00e3o Progressista (composta por Uni\\u00e3o Brasil e PP) em apoio ao ministro do Supremo Tribunal Federal (STF), Dias Toffoli. Ele pontuou que a manifesta\\u00e7\\u00e3o foi centralizada nas c\\u00fapulas nacionais das legendas. \\u201cFoi uma decis\\u00e3o dos presidentes [Antonio]\",\"inLanguage\":\"pt-BR\",\"isPartOf\":{\"@id\":\"https:\\\/\\\/newsinfoco.com.br\\\/inicio\\\/#website\"},\"breadcrumb\":{\"@id\":\"https:\\\/\\\/newsinfoco.com.br\\\/inicio\\\/presidentes-tem-autonomia-diz-bruno-reis-sobre-apoio-do-uniao-brasil-e-pp-a-dias-toffoli\\\/#breadcrumblist\"},\"author\":{\"@id\":\"https:\\\/\\\/newsinfoco.com.br\\\/inicio\\\/author\\\/administrador\\\/#author\"},\"creator\":{\"@id\":\"https:\\\/\\\/newsinfoco.com.br\\\/inicio\\\/author\\\/administrador\\\/#author\"},\"image\":{\"@type\":\"ImageObject\",\"url\":\"https:\\\/\\\/newsinfoco.com.br\\\/inicio\\\/wp-content\\\/uploads\\\/2026\\\/02\\\/bruno-reis-dias-toffoli.png\",\"@id\":\"https:\\\/\\\/newsinfoco.com.br\\\/inicio\\\/presidentes-tem-autonomia-diz-bruno-reis-sobre-apoio-do-uniao-brasil-e-pp-a-dias-toffoli\\\/#mainImage\",\"width\":600,\"height\":420},\"primaryImageOfPage\":{\"@id\":\"https:\\\/\\\/newsinfoco.com.br\\\/inicio\\\/presidentes-tem-autonomia-diz-bruno-reis-sobre-apoio-do-uniao-brasil-e-pp-a-dias-toffoli\\\/#mainImage\"},\"datePublished\":\"2026-02-14T18:32:07-03:00\",\"dateModified\":\"2026-02-14T18:32:07-03:00\"},{\"@type\":\"WebSite\",\"@id\":\"https:\\\/\\\/newsinfoco.com.br\\\/inicio\\\/#website\",\"url\":\"https:\\\/\\\/newsinfoco.com.br\\\/inicio\\\/\",\"name\":\"News In Foco - Editado por Caio Pimenta\",\"description\":\"O principal site de noticias de Alagoinhas e regi\\u00e3o\",\"inLanguage\":\"pt-BR\",\"publisher\":{\"@id\":\"https:\\\/\\\/newsinfoco.com.br\\\/inicio\\\/#organization\"}}]}\n\t\t<\/script>\n\t\t<!-- All in One SEO -->\n\n","aioseo_head_json":{"title":"\u2018Presidentes t\u00eam autonomia\u2019, diz Bruno Reis sobre apoio do Uni\u00e3o Brasil e PP a Dias Toffoli - News In Foco - Editado por Caio Pimenta","description":"O prefeito de Salvador, Bruno Reis (Uni\u00e3o Brasil), comentou neste s\u00e1bado (14) a nota oficial emitida pela Federa\u00e7\u00e3o Uni\u00e3o Progressista (composta por Uni\u00e3o Brasil e PP) em apoio ao ministro do Supremo Tribunal Federal (STF), Dias Toffoli. Ele pontuou que a manifesta\u00e7\u00e3o foi centralizada nas c\u00fapulas nacionais das legendas. \u201cFoi uma decis\u00e3o dos presidentes [Antonio]","canonical_url":"https:\/\/newsinfoco.com.br\/inicio\/presidentes-tem-autonomia-diz-bruno-reis-sobre-apoio-do-uniao-brasil-e-pp-a-dias-toffoli\/","robots":"max-image-preview:large","keywords":"","webmasterTools":{"miscellaneous":""},"schema":{"@context":"https:\/\/schema.org","@graph":[{"@type":"BlogPosting","@id":"https:\/\/newsinfoco.com.br\/inicio\/presidentes-tem-autonomia-diz-bruno-reis-sobre-apoio-do-uniao-brasil-e-pp-a-dias-toffoli\/#blogposting","name":"\u2018Presidentes t\u00eam autonomia\u2019, diz Bruno Reis sobre apoio do Uni\u00e3o Brasil e PP a Dias Toffoli - News In Foco - Editado por Caio Pimenta","headline":"\u2018Presidentes t\u00eam autonomia\u2019, diz Bruno Reis sobre apoio do Uni\u00e3o Brasil e PP a Dias Toffoli","author":{"@id":"https:\/\/newsinfoco.com.br\/inicio\/author\/administrador\/#author"},"publisher":{"@id":"https:\/\/newsinfoco.com.br\/inicio\/#organization"},"image":{"@type":"ImageObject","url":"https:\/\/newsinfoco.com.br\/inicio\/wp-content\/uploads\/2026\/02\/bruno-reis-dias-toffoli.png","width":600,"height":420},"datePublished":"2026-02-14T18:32:07-03:00","dateModified":"2026-02-14T18:32:07-03:00","inLanguage":"pt-BR","mainEntityOfPage":{"@id":"https:\/\/newsinfoco.com.br\/inicio\/presidentes-tem-autonomia-diz-bruno-reis-sobre-apoio-do-uniao-brasil-e-pp-a-dias-toffoli\/#webpage"},"isPartOf":{"@id":"https:\/\/newsinfoco.com.br\/inicio\/presidentes-tem-autonomia-diz-bruno-reis-sobre-apoio-do-uniao-brasil-e-pp-a-dias-toffoli\/#webpage"},"articleSection":"Bahia"},{"@type":"BreadcrumbList","@id":"https:\/\/newsinfoco.com.br\/inicio\/presidentes-tem-autonomia-diz-bruno-reis-sobre-apoio-do-uniao-brasil-e-pp-a-dias-toffoli\/#breadcrumblist","itemListElement":[{"@type":"ListItem","@id":"https:\/\/newsinfoco.com.br\/inicio#listItem","position":1,"name":"In\u00edcio","item":"https:\/\/newsinfoco.com.br\/inicio","nextItem":{"@type":"ListItem","@id":"https:\/\/newsinfoco.com.br\/inicio\/category\/bahia\/#listItem","name":"Bahia"}},{"@type":"ListItem","@id":"https:\/\/newsinfoco.com.br\/inicio\/category\/bahia\/#listItem","position":2,"name":"Bahia","item":"https:\/\/newsinfoco.com.br\/inicio\/category\/bahia\/","nextItem":{"@type":"ListItem","@id":"https:\/\/newsinfoco.com.br\/inicio\/presidentes-tem-autonomia-diz-bruno-reis-sobre-apoio-do-uniao-brasil-e-pp-a-dias-toffoli\/#listItem","name":"\u2018Presidentes t\u00eam autonomia\u2019, diz Bruno Reis sobre apoio do Uni\u00e3o Brasil e PP a Dias Toffoli"},"previousItem":{"@type":"ListItem","@id":"https:\/\/newsinfoco.com.br\/inicio#listItem","name":"In\u00edcio"}},{"@type":"ListItem","@id":"https:\/\/newsinfoco.com.br\/inicio\/presidentes-tem-autonomia-diz-bruno-reis-sobre-apoio-do-uniao-brasil-e-pp-a-dias-toffoli\/#listItem","position":3,"name":"\u2018Presidentes t\u00eam autonomia\u2019, diz Bruno Reis sobre apoio do Uni\u00e3o Brasil e PP a Dias Toffoli","previousItem":{"@type":"ListItem","@id":"https:\/\/newsinfoco.com.br\/inicio\/category\/bahia\/#listItem","name":"Bahia"}}]},{"@type":"Organization","@id":"https:\/\/newsinfoco.com.br\/inicio\/#organization","name":"News In Foco - Editado por Caio Pimenta","description":"O principal site de noticias de Alagoinhas e regi\u00e3o","url":"https:\/\/newsinfoco.com.br\/inicio\/"},{"@type":"Person","@id":"https:\/\/newsinfoco.com.br\/inicio\/author\/administrador\/#author","url":"https:\/\/newsinfoco.com.br\/inicio\/author\/administrador\/","name":"administrador","image":{"@type":"ImageObject","@id":"https:\/\/newsinfoco.com.br\/inicio\/presidentes-tem-autonomia-diz-bruno-reis-sobre-apoio-do-uniao-brasil-e-pp-a-dias-toffoli\/#authorImage","url":"https:\/\/secure.gravatar.com\/avatar\/c17a617433de8c1dc9584bb79aab7563b46f5bb7e1728c9b17d9cc3ce6a08e49?s=96&d=mm&r=g","width":96,"height":96,"caption":"administrador"}},{"@type":"WebPage","@id":"https:\/\/newsinfoco.com.br\/inicio\/presidentes-tem-autonomia-diz-bruno-reis-sobre-apoio-do-uniao-brasil-e-pp-a-dias-toffoli\/#webpage","url":"https:\/\/newsinfoco.com.br\/inicio\/presidentes-tem-autonomia-diz-bruno-reis-sobre-apoio-do-uniao-brasil-e-pp-a-dias-toffoli\/","name":"\u2018Presidentes t\u00eam autonomia\u2019, diz Bruno Reis sobre apoio do Uni\u00e3o Brasil e PP a Dias Toffoli - News In Foco - Editado por Caio Pimenta","description":"O prefeito de Salvador, Bruno Reis (Uni\u00e3o Brasil), comentou neste s\u00e1bado (14) a nota oficial emitida pela Federa\u00e7\u00e3o Uni\u00e3o Progressista (composta por Uni\u00e3o Brasil e PP) em apoio ao ministro do Supremo Tribunal Federal (STF), Dias Toffoli. Ele pontuou que a manifesta\u00e7\u00e3o foi centralizada nas c\u00fapulas nacionais das legendas. \u201cFoi uma decis\u00e3o dos presidentes [Antonio]","inLanguage":"pt-BR","isPartOf":{"@id":"https:\/\/newsinfoco.com.br\/inicio\/#website"},"breadcrumb":{"@id":"https:\/\/newsinfoco.com.br\/inicio\/presidentes-tem-autonomia-diz-bruno-reis-sobre-apoio-do-uniao-brasil-e-pp-a-dias-toffoli\/#breadcrumblist"},"author":{"@id":"https:\/\/newsinfoco.com.br\/inicio\/author\/administrador\/#author"},"creator":{"@id":"https:\/\/newsinfoco.com.br\/inicio\/author\/administrador\/#author"},"image":{"@type":"ImageObject","url":"https:\/\/newsinfoco.com.br\/inicio\/wp-content\/uploads\/2026\/02\/bruno-reis-dias-toffoli.png","@id":"https:\/\/newsinfoco.com.br\/inicio\/presidentes-tem-autonomia-diz-bruno-reis-sobre-apoio-do-uniao-brasil-e-pp-a-dias-toffoli\/#mainImage","width":600,"height":420},"primaryImageOfPage":{"@id":"https:\/\/newsinfoco.com.br\/inicio\/presidentes-tem-autonomia-diz-bruno-reis-sobre-apoio-do-uniao-brasil-e-pp-a-dias-toffoli\/#mainImage"},"datePublished":"2026-02-14T18:32:07-03:00","dateModified":"2026-02-14T18:32:07-03:00"},{"@type":"WebSite","@id":"https:\/\/newsinfoco.com.br\/inicio\/#website","url":"https:\/\/newsinfoco.com.br\/inicio\/","name":"News In Foco - Editado por Caio Pimenta","description":"O principal site de noticias de Alagoinhas e regi\u00e3o","inLanguage":"pt-BR","publisher":{"@id":"https:\/\/newsinfoco.com.br\/inicio\/#organization"}}]},"og:locale":"pt_BR","og:site_name":"News In Foco - Editado por Caio Pimenta - O principal site de noticias de Alagoinhas e regi\u00e3o","og:type":"article","og:title":"\u2018Presidentes t\u00eam autonomia\u2019, diz Bruno Reis sobre apoio do Uni\u00e3o Brasil e PP a Dias Toffoli - News In Foco - Editado por Caio Pimenta","og:description":"O prefeito de Salvador, Bruno Reis (Uni\u00e3o Brasil), comentou neste s\u00e1bado (14) a nota oficial emitida pela Federa\u00e7\u00e3o Uni\u00e3o Progressista (composta por Uni\u00e3o Brasil e PP) em apoio ao ministro do Supremo Tribunal Federal (STF), Dias Toffoli. Ele pontuou que a manifesta\u00e7\u00e3o foi centralizada nas c\u00fapulas nacionais das legendas. \u201cFoi uma decis\u00e3o dos presidentes [Antonio]","og:url":"https:\/\/newsinfoco.com.br\/inicio\/presidentes-tem-autonomia-diz-bruno-reis-sobre-apoio-do-uniao-brasil-e-pp-a-dias-toffoli\/","article:published_time":"2026-02-14T21:32:07+00:00","article:modified_time":"2026-02-14T21:32:07+00:00","twitter:card":"summary_large_image","twitter:title":"\u2018Presidentes t\u00eam autonomia\u2019, diz Bruno Reis sobre apoio do Uni\u00e3o Brasil e PP a Dias Toffoli - News In Foco - Editado por Caio Pimenta","twitter:description":"O prefeito de Salvador, Bruno Reis (Uni\u00e3o Brasil), comentou neste s\u00e1bado (14) a nota oficial emitida pela Federa\u00e7\u00e3o Uni\u00e3o Progressista (composta por Uni\u00e3o Brasil e PP) em apoio ao ministro do Supremo Tribunal Federal (STF), Dias Toffoli. Ele pontuou que a manifesta\u00e7\u00e3o foi centralizada nas c\u00fapulas nacionais das legendas. \u201cFoi uma decis\u00e3o dos presidentes [Antonio]"},"aioseo_meta_data":{"post_id":"48848","title":null,"description":null,"keywords":null,"keyphrases":{"focus":{"keyphrase":"","score":0,"analysis":{"keyphraseInTitle":{"score":0,"maxScore":9,"error":1}}},"additional":[]},"primary_term":null,"canonical_url":null,"og_title":null,"og_description":null,"og_object_type":"default","og_image_type":"default","og_image_url":null,"og_image_width":null,"og_image_height":null,"og_image_custom_url":null,"og_image_custom_fields":null,"og_video":"","og_custom_url":null,"og_article_section":null,"og_article_tags":null,"twitter_use_og":false,"twitter_card":"default","twitter_image_type":"default","twitter_image_url":null,"twitter_image_custom_url":null,"twitter_image_custom_fields":null,"twitter_title":null,"twitter_description":null,"schema":{"blockGraphs":[],"customGraphs":[],"default":{"data":{"Article":[],"Course":[],"Dataset":[],"FAQPage":[],"Movie":[],"Person":[],"Product":[],"ProductReview":[],"Car":[],"Recipe":[],"Service":[],"SoftwareApplication":[],"WebPage":[]},"graphName":"BlogPosting","isEnabled":true},"graphs":[]},"schema_type":"default","schema_type_options":null,"pillar_content":false,"robots_default":true,"robots_noindex":false,"robots_noarchive":false,"robots_nosnippet":false,"robots_nofollow":false,"robots_noimageindex":false,"robots_noodp":false,"robots_notranslate":false,"robots_max_snippet":"-1","robots_max_videopreview":"-1","robots_max_imagepreview":"large","priority":null,"frequency":"default","local_seo":null,"breadcrumb_settings":null,"limit_modified_date":false,"ai":{"faqs":[],"keyPoints":[],"titles":[],"descriptions":[],"socialPosts":{"email":[],"linkedin":[],"twitter":[],"facebook":[],"instagram":[]}},"created":"2026-02-14 21:32:07","updated":"2026-02-14 21:34:50","seo_analyzer_scan_date":null},"aioseo_breadcrumb":"<div class=\"aioseo-breadcrumbs\"><span class=\"aioseo-breadcrumb\">\n\t\t\t<a href=\"https:\/\/newsinfoco.com.br\/inicio\" title=\"In\u00edcio\">In\u00edcio<\/a>\n\t\t<\/span><span class=\"aioseo-breadcrumb-separator\">&raquo;<\/span><span class=\"aioseo-breadcrumb\">\n\t\t\t<a href=\"https:\/\/newsinfoco.com.br\/inicio\/category\/bahia\/\" title=\"Bahia\">Bahia<\/a>\n\t\t<\/span><span class=\"aioseo-breadcrumb-separator\">&raquo;<\/span><span class=\"aioseo-breadcrumb\">\n\t\t\t\u2018Presidentes t\u00eam autonomia\u2019, diz Bruno Reis sobre apoio do Uni\u00e3o Brasil e PP a Dias Toffoli\n\t\t<\/span><\/div>","aioseo_breadcrumb_json":[{"label":"In\u00edcio","link":"https:\/\/newsinfoco.com.br\/inicio"},{"label":"Bahia","link":"https:\/\/newsinfoco.com.br\/inicio\/category\/bahia\/"},{"label":"\u2018Presidentes t\u00eam autonomia\u2019, diz Bruno Reis sobre apoio do Uni\u00e3o Brasil e PP a Dias Toffoli","link":"https:\/\/newsinfoco.com.br\/inicio\/presidentes-tem-autonomia-diz-bruno-reis-sobre-apoio-do-uniao-brasil-e-pp-a-dias-toffoli\/"}],"_links":{"self":[{"href":"https:\/\/newsinfoco.com.br\/inicio\/wp-json\/wp\/v2\/posts\/48848","targetHints":{"allow":["GET"]}}],"collection":[{"href":"https:\/\/newsinfoco.com.br\/inicio\/wp-json\/wp\/v2\/posts"}],"about":[{"href":"https:\/\/newsinfoco.com.br\/inicio\/wp-json\/wp\/v2\/types\/post"}],"author":[{"embeddable":true,"href":"https:\/\/newsinfoco.com.br\/inicio\/wp-json\/wp\/v2\/users\/1"}],"replies":[{"embeddable":true,"href":"https:\/\/newsinfoco.com.br\/inicio\/wp-json\/wp\/v2\/comments?post=48848"}],"version-history":[{"count":1,"href":"https:\/\/newsinfoco.com.br\/inicio\/wp-json\/wp\/v2\/posts\/48848\/revisions"}],"predecessor-version":[{"id":48850,"href":"https:\/\/newsinfoco.com.br\/inicio\/wp-json\/wp\/v2\/posts\/48848\/revisions\/48850"}],"wp:featuredmedia":[{"embeddable":true,"href":"https:\/\/newsinfoco.com.br\/inicio\/wp-json\/wp\/v2\/media\/48849"}],"wp:attachment":[{"href":"https:\/\/newsinfoco.com.br\/inicio\/wp-json\/wp\/v2\/media?parent=48848"}],"wp:term":[{"taxonomy":"category","embeddable":true,"href":"https:\/\/newsinfoco.com.br\/inicio\/wp-json\/wp\/v2\/categories?post=48848"},{"taxonomy":"post_tag","embeddable":true,"href":"https:\/\/newsinfoco.com.br\/inicio\/wp-json\/wp\/v2\/tags?post=48848"}],"curies":[{"name":"wp","href":"https:\/\/api.w.org\/{rel}","templated":true}]}}