{"id":49488,"date":"2026-03-05T11:34:48","date_gmt":"2026-03-05T14:34:48","guid":{"rendered":"https:\/\/newsinfoco.com.br\/inicio\/?p=49488"},"modified":"2026-03-05T11:34:48","modified_gmt":"2026-03-05T14:34:48","slug":"senado-aprova-ampliacao-da-licenca-paternidade-para-ate-20-dias","status":"publish","type":"post","link":"https:\/\/newsinfoco.com.br\/inicio\/senado-aprova-ampliacao-da-licenca-paternidade-para-ate-20-dias\/","title":{"rendered":"Senado aprova amplia\u00e7\u00e3o da licen\u00e7a-paternidade para at\u00e9 20 dias"},"content":{"rendered":"<div class=\"conteudo_post\">\n<p>O Senado Federal aprovou por unanimidade, nesta quarta-feira (4), o Projeto de Lei que amplia a licen\u00e7a-paternidade no Brasil. O texto estabelece um cronograma de aumento gradual do benef\u00edcio, que hoje \u00e9 de apenas cinco dias, permitindo que o per\u00edodo de afastamento chegue a 20 dias at\u00e9 o ano de 2029.<\/p>\n<p>Uma das principais inova\u00e7\u00f5es do projeto \u00e9 a cria\u00e7\u00e3o do sal\u00e1rio-paternidade, garantindo que o trabalhador receba sua remunera\u00e7\u00e3o integral durante o tempo em que estiver dedicado aos cuidados do rec\u00e9m-nascido. A medida visa fortalecer o v\u00ednculo entre pai e filho nos primeiros dias de vida e promover uma divis\u00e3o mais equilibrada das responsabilidades dom\u00e9sticas.<\/p><div class=\"newsi-conteudo_19\" id=\"newsi-3987618040\"><a href=\"https:\/\/www.instagram.com\/prefeituraalagoinhas?igsh=YzgzdDJ1bWR3aWI4\" aria-label=\"SAVE_20251006_221555\"><img loading=\"lazy\" decoding=\"async\" src=\"https:\/\/newsinfoco.com.br\/inicio\/wp-content\/uploads\/2025\/10\/SAVE_20251006_221555-rotated.jpg\" alt=\"\"  srcset=\"https:\/\/newsinfoco.com.br\/inicio\/wp-content\/uploads\/2025\/10\/SAVE_20251006_221555-rotated.jpg 1140w, https:\/\/newsinfoco.com.br\/inicio\/wp-content\/uploads\/2025\/10\/SAVE_20251006_221555-300x52.jpg 300w, https:\/\/newsinfoco.com.br\/inicio\/wp-content\/uploads\/2025\/10\/SAVE_20251006_221555-1024x177.jpg 1024w, https:\/\/newsinfoco.com.br\/inicio\/wp-content\/uploads\/2025\/10\/SAVE_20251006_221555-768x133.jpg 768w, https:\/\/newsinfoco.com.br\/inicio\/wp-content\/uploads\/2025\/10\/SAVE_20251006_221555-600x104.jpg 600w, https:\/\/newsinfoco.com.br\/inicio\/wp-content\/uploads\/2025\/10\/SAVE_20251006_221555-696x120.jpg 696w, https:\/\/newsinfoco.com.br\/inicio\/wp-content\/uploads\/2025\/10\/SAVE_20251006_221555-1068x185.jpg 1068w\" sizes=\"(max-width: 1140px) 100vw, 1140px\" width=\"1140\" height=\"197\"   \/><\/a><\/div>\n<div>\n<div>\n<div class=\"trv-player-container\">\n<div class=\"trv-wrapper\">\n<div id=\"br_video_player_9736eb3b4c0f2ca709b5ea1f19e1a19dc3c659f9\" class=\"trvd_video_player trvdinstream\">\n<div class=\"media-player\">\n<div class=\"trv-video\">\n<div id=\"truvid_ima_container29422\" class=\"truvid_ima_container\">\n<div>\n<div><\/div>\n<\/div>\n<\/div>\n<\/div>\n<\/div>\n<\/div>\n<\/div>\n<\/div>\n<\/div>\n<\/div>\n<p>Apesar do avan\u00e7o social, o projeto ainda deixa lacunas em rela\u00e7\u00e3o ao impacto financeiro para o setor produtivo, especialmente para os pequenos neg\u00f3cios. At\u00e9 o momento, o texto n\u00e3o detalha mecanismos de compensa\u00e7\u00e3o para que micro e pequenas empresas sejam reembolsadas pelos valores pagos a t\u00edtulo de sal\u00e1rio-paternidade.<\/p>\n<p>Ap\u00f3s a decis\u00e3o dos senadores, a proposta segue agora para a san\u00e7\u00e3o do presidente Lula (PT), que dar\u00e1 a palavra final sobre a nova regra.<\/p>\n<\/div>\n<div id=\"div-share\">Bahia.Ba<\/div>\n<div class='share-to-whatsapp-wrapper'><div class='share-on-whsp'>Share on: <\/div><a data-text='Senado aprova amplia\u00e7\u00e3o da licen\u00e7a-paternidade para at\u00e9 20 dias' data-link='https:\/\/newsinfoco.com.br\/inicio\/senado-aprova-ampliacao-da-licenca-paternidade-para-ate-20-dias\/' class='whatsapp-button whatsapp-share'>WhatsApp<\/a><div class='clear '><\/div><\/div>","protected":false},"excerpt":{"rendered":"<p>O Senado Federal aprovou por unanimidade, nesta quarta-feira (4), o Projeto de Lei que amplia a licen\u00e7a-paternidade no Brasil. O texto estabelece um cronograma de aumento gradual do benef\u00edcio, que hoje \u00e9 de apenas cinco dias, permitindo que o per\u00edodo de afastamento chegue a 20 dias at\u00e9 o ano de 2029. Uma das principais inova\u00e7\u00f5es [&hellip;]<\/p>\n","protected":false},"author":1,"featured_media":49490,"comment_status":"closed","ping_status":"closed","sticky":false,"template":"","format":"standard","meta":{"om_disable_all_campaigns":false,"_exactmetrics_skip_tracking":false,"_exactmetrics_sitenote_active":false,"_exactmetrics_sitenote_note":"","_exactmetrics_sitenote_category":0,"footnotes":""},"categories":[21],"tags":[],"class_list":["post-49488","post","type-post","status-publish","format-standard","has-post-thumbnail","hentry","category-brasil"],"aioseo_notices":[],"_links":{"self":[{"href":"https:\/\/newsinfoco.com.br\/inicio\/wp-json\/wp\/v2\/posts\/49488","targetHints":{"allow":["GET"]}}],"collection":[{"href":"https:\/\/newsinfoco.com.br\/inicio\/wp-json\/wp\/v2\/posts"}],"about":[{"href":"https:\/\/newsinfoco.com.br\/inicio\/wp-json\/wp\/v2\/types\/post"}],"author":[{"embeddable":true,"href":"https:\/\/newsinfoco.com.br\/inicio\/wp-json\/wp\/v2\/users\/1"}],"replies":[{"embeddable":true,"href":"https:\/\/newsinfoco.com.br\/inicio\/wp-json\/wp\/v2\/comments?post=49488"}],"version-history":[{"count":1,"href":"https:\/\/newsinfoco.com.br\/inicio\/wp-json\/wp\/v2\/posts\/49488\/revisions"}],"predecessor-version":[{"id":49491,"href":"https:\/\/newsinfoco.com.br\/inicio\/wp-json\/wp\/v2\/posts\/49488\/revisions\/49491"}],"wp:featuredmedia":[{"embeddable":true,"href":"https:\/\/newsinfoco.com.br\/inicio\/wp-json\/wp\/v2\/media\/49490"}],"wp:attachment":[{"href":"https:\/\/newsinfoco.com.br\/inicio\/wp-json\/wp\/v2\/media?parent=49488"}],"wp:term":[{"taxonomy":"category","embeddable":true,"href":"https:\/\/newsinfoco.com.br\/inicio\/wp-json\/wp\/v2\/categories?post=49488"},{"taxonomy":"post_tag","embeddable":true,"href":"https:\/\/newsinfoco.com.br\/inicio\/wp-json\/wp\/v2\/tags?post=49488"}],"curies":[{"name":"wp","href":"https:\/\/api.w.org\/{rel}","templated":true}]}}