{"id":49495,"date":"2026-03-05T11:59:56","date_gmt":"2026-03-05T14:59:56","guid":{"rendered":"https:\/\/newsinfoco.com.br\/inicio\/?p=49495"},"modified":"2026-03-05T11:59:56","modified_gmt":"2026-03-05T14:59:56","slug":"wagner-moura-diz-em-talk-show-que-o-agente-secreto-e-reacao-a-bolsonaro","status":"publish","type":"post","link":"https:\/\/newsinfoco.com.br\/inicio\/wagner-moura-diz-em-talk-show-que-o-agente-secreto-e-reacao-a-bolsonaro\/","title":{"rendered":"Wagner Moura diz em talk show que \u2018O Agente Secreto\u2019 \u00e9 rea\u00e7\u00e3o a Bolsonaro"},"content":{"rendered":"<p data-start=\"217\" data-end=\"722\">O ator brasileiro\u00a0<span class=\"hover:entity-accent entity-underline inline cursor-pointer align-baseline\"><span class=\"whitespace-normal\">Wagner Moura<\/span><\/span>\u00a0afirmou que o filme\u00a0<em><strong><span class=\"hover:entity-accent entity-underline inline cursor-pointer align-baseline\"><span class=\"whitespace-normal\">O Agente Secreto<\/span><\/span><\/strong><\/em>\u00a0surgiu da perplexidade dele e do diretor\u00a0<span class=\"hover:entity-accent entity-underline inline cursor-pointer align-baseline\"><span class=\"whitespace-normal\">Kleber Mendon\u00e7a Filho<\/span><\/span>\u00a0diante do governo do ex-presidente\u00a0<span class=\"hover:entity-accent entity-underline inline cursor-pointer align-baseline\"><span class=\"whitespace-normal\">Jair Bolsonaro<\/span><\/span>.<\/p>\n<p data-start=\"217\" data-end=\"722\">A declara\u00e7\u00e3o foi feita nesta quarta-feira (4), durante participa\u00e7\u00e3o no talk show\u00a0<em><strong><span class=\"hover:entity-accent entity-underline inline cursor-pointer align-baseline\"><span class=\"whitespace-normal\">Jimmy Kimmel Live!<\/span><\/span><\/strong><\/em>, nos Estados Unidos, poucos dias antes da cerim\u00f4nia do\u00a0<span class=\"hover:entity-accent entity-underline inline cursor-pointer align-baseline\"><span class=\"whitespace-normal\">Oscar<\/span><\/span>, marcada para 15 de mar\u00e7o.<\/p><div class=\"newsi-conteudo_19\" id=\"newsi-1433209651\"><a href=\"https:\/\/www.instagram.com\/prefeituraalagoinhas?igsh=YzgzdDJ1bWR3aWI4\" aria-label=\"SAVE_20251006_221555\"><img loading=\"lazy\" decoding=\"async\" src=\"https:\/\/newsinfoco.com.br\/inicio\/wp-content\/uploads\/2025\/10\/SAVE_20251006_221555-rotated.jpg\" alt=\"\"  srcset=\"https:\/\/newsinfoco.com.br\/inicio\/wp-content\/uploads\/2025\/10\/SAVE_20251006_221555-rotated.jpg 1140w, https:\/\/newsinfoco.com.br\/inicio\/wp-content\/uploads\/2025\/10\/SAVE_20251006_221555-300x52.jpg 300w, https:\/\/newsinfoco.com.br\/inicio\/wp-content\/uploads\/2025\/10\/SAVE_20251006_221555-1024x177.jpg 1024w, https:\/\/newsinfoco.com.br\/inicio\/wp-content\/uploads\/2025\/10\/SAVE_20251006_221555-768x133.jpg 768w, https:\/\/newsinfoco.com.br\/inicio\/wp-content\/uploads\/2025\/10\/SAVE_20251006_221555-600x104.jpg 600w, https:\/\/newsinfoco.com.br\/inicio\/wp-content\/uploads\/2025\/10\/SAVE_20251006_221555-696x120.jpg 696w, https:\/\/newsinfoco.com.br\/inicio\/wp-content\/uploads\/2025\/10\/SAVE_20251006_221555-1068x185.jpg 1068w\" sizes=\"(max-width: 1140px) 100vw, 1140px\" width=\"1140\" height=\"197\"   \/><\/a><\/div>\n<p data-start=\"724\" data-end=\"965\">Indicado ao pr\u00eamio de\u00a0<em>Melhor Ator<\/em>\u00a0pelo longa, Moura afirmou que a produ\u00e7\u00e3o est\u00e1 diretamente ligada ao contexto pol\u00edtico recente do Brasil. \u201cEsse filme n\u00e3o teria acontecido se n\u00e3o fosse por causa dele\u201d, disse o ator, referindo-se a Bolsonaro.<\/p>\n<p data-start=\"967\" data-end=\"1409\">Durante a conversa com o apresentador\u00a0<span class=\"hover:entity-accent entity-underline inline cursor-pointer align-baseline\"><span class=\"whitespace-normal\">Jimmy Kimmel<\/span><\/span>, o ator tamb\u00e9m comentou que, caso ven\u00e7a o Oscar, cogita repetir um gesto ir\u00f4nico feito pelo apresentador ao agradecer ao ex-presidente dos Estados Unidos\u00a0<span class=\"hover:entity-accent entity-underline inline cursor-pointer align-baseline\"><span class=\"whitespace-normal\">Donald Trump<\/span><\/span>\u00a0quando venceu o Critics Choice Awards de melhor talk show. Na ocasi\u00e3o, Kimmel disse: \u201cObrigado, Sr. Presidente, por todas as muitas coisas rid\u00edculas que voc\u00ea faz a cada dia\u201d.<\/p>\n<p data-start=\"1411\" data-end=\"1626\">Moura afirmou que poderia adaptar a brincadeira ao cen\u00e1rio pol\u00edtico brasileiro. \u201cMas o nosso Trump est\u00e1 na pris\u00e3o\u201d, declarou, ao chamar Bolsonaro de \u201co Trump brasileiro\u201d, coment\u00e1rio que arrancou aplausos da plateia.<\/p>\n<h4 data-start=\"1628\" data-end=\"1672\">Caminho at\u00e9 o Oscar<\/h4>\n<p data-start=\"1674\" data-end=\"1869\">Durante a entrevista, Kimmel perguntou ao ator como ele se sente ao ver o ex-presidente responder judicialmente pela chamada trama golpista. Moura respondeu de forma direta: \u201c\u00c9 uma sensa\u00e7\u00e3o boa\u201d.<\/p>\n<p data-start=\"1871\" data-end=\"2258\">O ator tamb\u00e9m relacionou o atual cen\u00e1rio pol\u00edtico brasileiro \u00e0 mem\u00f3ria da ditadura militar. Segundo ele, os efeitos desse per\u00edodo ainda ecoam no pa\u00eds e ajudam a explicar a elei\u00e7\u00e3o de Bolsonaro.<\/p>\n<p data-start=\"1871\" data-end=\"2258\">Ao mesmo tempo, destacou que a rea\u00e7\u00e3o das institui\u00e7\u00f5es \u00e0s tentativas de ruptura democr\u00e1tica ocorreu de forma r\u00e1pida justamente porque o Brasil conhece as consequ\u00eancias de um regime autorit\u00e1rio.<\/p>\n<p data-start=\"2260\" data-end=\"2618\">Moura comentou ainda as dificuldades enfrentadas para lan\u00e7ar o filme\u00a0<span class=\"hover:entity-accent entity-underline inline cursor-pointer align-baseline\"><span class=\"whitespace-normal\">Marighella<\/span><\/span>, dirigido por ele, durante o governo Bolsonaro. Na conversa, o ator tamb\u00e9m abordou temas da pol\u00edtica internacional, incluindo amea\u00e7as tarif\u00e1rias de Trump contra o Brasil e epis\u00f3dios recentes envolvendo agentes federais de imigra\u00e7\u00e3o nos Estados Unidos.<\/p>\n<h4 data-start=\"2620\" data-end=\"2653\">Momentos leves e curiosidades<\/h4>\n<p data-start=\"2655\" data-end=\"2948\">A entrevista tamb\u00e9m teve momentos descontra\u00eddos. Kimmel mostrou uma imagem do Carnaval de Olinda em que Moura aparece homenageado com um dos tradicionais bonecos gigantes da festa e perguntou se ele havia levado a pe\u00e7a para casa. \u201cEu levaria para todas as reuni\u00f5es de fam\u00edlia\u201d, brincou o ator.<\/p>\n<p data-start=\"2950\" data-end=\"3119\">Moura revelou ainda que ir\u00e1 \u00e0 cerim\u00f4nia do Oscar acompanhado da esposa, Sandra Delgado, e de tr\u00eas amigos, entre eles o tamb\u00e9m ator\u00a0<span class=\"hover:entity-accent entity-underline inline cursor-pointer align-baseline\"><span class=\"whitespace-normal\">L\u00e1zaro Ramos<\/span><\/span>.<\/p>\n<p data-start=\"3121\" data-end=\"3498\">Esta n\u00e3o foi a primeira participa\u00e7\u00e3o do brasileiro no programa. Em 2016, ele esteve no\u00a0<em><strong><span class=\"hover:entity-accent entity-underline inline cursor-pointer align-baseline\"><span class=\"whitespace-normal\">Jimmy Kimmel Live!<\/span><\/span>\u00a0<\/strong><\/em>para divulgar a s\u00e9rie\u00a0<em><strong><span class=\"hover:entity-accent entity-underline inline cursor-pointer align-baseline\"><span class=\"whitespace-normal\">Narcos<\/span><\/span><\/strong><\/em>, na qual interpretou o traficante\u00a0<span class=\"hover:entity-accent entity-underline inline cursor-pointer align-baseline\"><span class=\"whitespace-normal\">Pablo Escobar<\/span><\/span>\u00a0\u2014 papel que lhe rendeu uma indica\u00e7\u00e3o ao\u00a0<span class=\"hover:entity-accent entity-underline inline cursor-pointer align-baseline\"><span class=\"whitespace-normal\">Globo de Ouro<\/span><\/span>\u00a0de\u00a0<em>Melhor Ator em S\u00e9rie Dram\u00e1tica<\/em>.<\/p>\n<p data-start=\"3500\" data-end=\"3855\" data-is-last-node=\"\" data-is-only-node=\"\">Embora n\u00e3o tenha transmiss\u00e3o oficial no Brasil, o programa costuma disponibilizar trechos e entrevistas completas em seu canal oficial no YouTube um dia ap\u00f3s a exibi\u00e7\u00e3o nos Estados Unidos. O talk show \u00e9 exibido pela emissora\u00a0<span class=\"hover:entity-accent entity-underline inline cursor-pointer align-baseline\"><span class=\"whitespace-normal\">ABC<\/span><\/span>\u00a0e combina entrevistas com celebridades, quadros de humor e apresenta\u00e7\u00f5es musicais ao vivo.<\/p>\n<p data-start=\"3500\" data-end=\"3855\" data-is-last-node=\"\" data-is-only-node=\"\">Bahia.Ba<\/p>\n<div class='share-to-whatsapp-wrapper'><div class='share-on-whsp'>Share on: <\/div><a data-text='Wagner Moura diz em talk show que \u2018O Agente Secreto\u2019 \u00e9 rea\u00e7\u00e3o a Bolsonaro' data-link='https:\/\/newsinfoco.com.br\/inicio\/wagner-moura-diz-em-talk-show-que-o-agente-secreto-e-reacao-a-bolsonaro\/' class='whatsapp-button whatsapp-share'>WhatsApp<\/a><div class='clear '><\/div><\/div>","protected":false},"excerpt":{"rendered":"<p>O ator brasileiro\u00a0Wagner Moura\u00a0afirmou que o filme\u00a0O Agente Secreto\u00a0surgiu da perplexidade dele e do diretor\u00a0Kleber Mendon\u00e7a Filho\u00a0diante do governo do ex-presidente\u00a0Jair Bolsonaro. A declara\u00e7\u00e3o foi feita nesta quarta-feira (4), durante participa\u00e7\u00e3o no talk show\u00a0Jimmy Kimmel Live!, nos Estados Unidos, poucos dias antes da cerim\u00f4nia do\u00a0Oscar, marcada para 15 de mar\u00e7o. Indicado ao pr\u00eamio de\u00a0Melhor Ator\u00a0pelo [&hellip;]<\/p>\n","protected":false},"author":1,"featured_media":49496,"comment_status":"closed","ping_status":"closed","sticky":false,"template":"","format":"standard","meta":{"om_disable_all_campaigns":false,"_exactmetrics_skip_tracking":false,"_exactmetrics_sitenote_active":false,"_exactmetrics_sitenote_note":"","_exactmetrics_sitenote_category":0,"footnotes":""},"categories":[21],"tags":[],"class_list":["post-49495","post","type-post","status-publish","format-standard","has-post-thumbnail","hentry","category-brasil"],"aioseo_notices":[],"_links":{"self":[{"href":"https:\/\/newsinfoco.com.br\/inicio\/wp-json\/wp\/v2\/posts\/49495","targetHints":{"allow":["GET"]}}],"collection":[{"href":"https:\/\/newsinfoco.com.br\/inicio\/wp-json\/wp\/v2\/posts"}],"about":[{"href":"https:\/\/newsinfoco.com.br\/inicio\/wp-json\/wp\/v2\/types\/post"}],"author":[{"embeddable":true,"href":"https:\/\/newsinfoco.com.br\/inicio\/wp-json\/wp\/v2\/users\/1"}],"replies":[{"embeddable":true,"href":"https:\/\/newsinfoco.com.br\/inicio\/wp-json\/wp\/v2\/comments?post=49495"}],"version-history":[{"count":1,"href":"https:\/\/newsinfoco.com.br\/inicio\/wp-json\/wp\/v2\/posts\/49495\/revisions"}],"predecessor-version":[{"id":49497,"href":"https:\/\/newsinfoco.com.br\/inicio\/wp-json\/wp\/v2\/posts\/49495\/revisions\/49497"}],"wp:featuredmedia":[{"embeddable":true,"href":"https:\/\/newsinfoco.com.br\/inicio\/wp-json\/wp\/v2\/media\/49496"}],"wp:attachment":[{"href":"https:\/\/newsinfoco.com.br\/inicio\/wp-json\/wp\/v2\/media?parent=49495"}],"wp:term":[{"taxonomy":"category","embeddable":true,"href":"https:\/\/newsinfoco.com.br\/inicio\/wp-json\/wp\/v2\/categories?post=49495"},{"taxonomy":"post_tag","embeddable":true,"href":"https:\/\/newsinfoco.com.br\/inicio\/wp-json\/wp\/v2\/tags?post=49495"}],"curies":[{"name":"wp","href":"https:\/\/api.w.org\/{rel}","templated":true}]}}