{"id":49504,"date":"2026-03-05T18:50:24","date_gmt":"2026-03-05T21:50:24","guid":{"rendered":"https:\/\/newsinfoco.com.br\/inicio\/?p=49504"},"modified":"2026-03-05T18:51:27","modified_gmt":"2026-03-05T21:51:27","slug":"construcao-de-nova-fabrica-deve-gerar-300-empregos-e-ampliar-parque-industrial-de-alagoinhas","status":"publish","type":"post","link":"https:\/\/newsinfoco.com.br\/inicio\/construcao-de-nova-fabrica-deve-gerar-300-empregos-e-ampliar-parque-industrial-de-alagoinhas\/","title":{"rendered":"Constru\u00e7\u00e3o de nova f\u00e1brica deve gerar 300 empregos e ampliar Parque Industrial de Alagoinhas"},"content":{"rendered":"<p>O prefeito de Alagoinhas, Gustavo Carmo, assinou na manh\u00e3 desta quinta-feira, 5, o termo de doa\u00e7\u00e3o de um terreno para a instala\u00e7\u00e3o da empresa Otimiza Engenharia Ltda no munic\u00edpio. Localizada na regi\u00e3o de Buracica, \u00e0s margens da BA-516, a \u00e1rea abrange 10 mil m\u00b2 e integra o plano de expans\u00e3o do Parque Industrial do Munic\u00edpio.<\/p>\n<p>No local ser\u00e1 instalada uma f\u00e1brica especializada em concretos utilizados na constru\u00e7\u00e3o civil, com mais de 3 mil metros quadrados de \u00e1rea constru\u00edda e investimento estimado em aproximadamente R$ 32 milh\u00f5es.<\/p><div class=\"newsi-conteudo_19\" id=\"newsi-3910880302\"><a href=\"https:\/\/www.instagram.com\/prefeituraalagoinhas?igsh=YzgzdDJ1bWR3aWI4\" aria-label=\"SAVE_20251006_221555\"><img loading=\"lazy\" decoding=\"async\" src=\"https:\/\/newsinfoco.com.br\/inicio\/wp-content\/uploads\/2025\/10\/SAVE_20251006_221555-rotated.jpg\" alt=\"\"  srcset=\"https:\/\/newsinfoco.com.br\/inicio\/wp-content\/uploads\/2025\/10\/SAVE_20251006_221555-rotated.jpg 1140w, https:\/\/newsinfoco.com.br\/inicio\/wp-content\/uploads\/2025\/10\/SAVE_20251006_221555-300x52.jpg 300w, https:\/\/newsinfoco.com.br\/inicio\/wp-content\/uploads\/2025\/10\/SAVE_20251006_221555-1024x177.jpg 1024w, https:\/\/newsinfoco.com.br\/inicio\/wp-content\/uploads\/2025\/10\/SAVE_20251006_221555-768x133.jpg 768w, https:\/\/newsinfoco.com.br\/inicio\/wp-content\/uploads\/2025\/10\/SAVE_20251006_221555-600x104.jpg 600w, https:\/\/newsinfoco.com.br\/inicio\/wp-content\/uploads\/2025\/10\/SAVE_20251006_221555-696x120.jpg 696w, https:\/\/newsinfoco.com.br\/inicio\/wp-content\/uploads\/2025\/10\/SAVE_20251006_221555-1068x185.jpg 1068w\" sizes=\"(max-width: 1140px) 100vw, 1140px\" width=\"1140\" height=\"197\"   \/><\/a><\/div>\n<p>De acordo com a empresa, a previs\u00e3o \u00e9 que as obras de instala\u00e7\u00e3o sejam iniciadas em aproximadamente 90 dias, gerando cerca de 300 empregos diretos e indiretos durante a fase de constru\u00e7\u00e3o, com previs\u00e3o de inaugura\u00e7\u00e3o para 2027.<\/p>\n<p>Segundo o s\u00f3cio e diretor-executivo da Otimiza, Derik Gon\u00e7alves, a escolha por Alagoinhas se deu em decorr\u00eancia de fatores como localiza\u00e7\u00e3o estrat\u00e9gica, infraestrutura, log\u00edstica e disponibilidade de m\u00e3o de obra.<\/p>\n<p>\u201cSabemos do potencial que existe na cidade, tanto em recursos humanos quanto em transporte e localiza\u00e7\u00e3o. Por isso vislumbramos essa oportunidade e encontramos aqui o local ideal para instalar nossa f\u00e1brica\u201d, destaca Derik.<\/p>\n<p>O prefeito Gustavo Carmo ressalta a import\u00e2ncia da chegada de novos empreendimentos para o fortalecimento da economia local. \u201cEstamos entregando \u00e0 empresa o termo de doa\u00e7\u00e3o de uma \u00e1rea que faz parte do nosso plano de expans\u00e3o. Fico muito feliz com essa conquista e aproveito para agradecer \u00e0 C\u00e2mara Municipal, que aprovou o projeto que possibilita a amplia\u00e7\u00e3o do nosso polo industrial, com a disponibiliza\u00e7\u00e3o dessas \u00e1reas para novas empresas\u201d, afirma.<\/p>\n<p>O secret\u00e1rio municipal de Desenvolvimento Econ\u00f4mico e Emprego (SDEE), Deraldo Alves, refor\u00e7a que o munic\u00edpio vem adotando medidas de incentivo para atrair novos investimentos. \u201cReduzimos em at\u00e9 50% as taxas de ISS e IPTU para estimular a instala\u00e7\u00e3o de empresas. Nosso objetivo \u00e9 capitalizar Alagoinhas, atrair investimentos e gerar mais emprego e renda para a nossa popula\u00e7\u00e3o\u201d, conclui.<\/p>\n<p>&nbsp;<\/p>\n<div class='share-to-whatsapp-wrapper'><div class='share-on-whsp'>Share on: <\/div><a data-text='Constru\u00e7\u00e3o de nova f\u00e1brica deve gerar 300 empregos e ampliar Parque Industrial de Alagoinhas' data-link='https:\/\/newsinfoco.com.br\/inicio\/construcao-de-nova-fabrica-deve-gerar-300-empregos-e-ampliar-parque-industrial-de-alagoinhas\/' class='whatsapp-button whatsapp-share'>WhatsApp<\/a><div class='clear '><\/div><\/div>","protected":false},"excerpt":{"rendered":"<p>O prefeito de Alagoinhas, Gustavo Carmo, assinou na manh\u00e3 desta quinta-feira, 5, o termo de doa\u00e7\u00e3o de um terreno para a instala\u00e7\u00e3o da empresa Otimiza Engenharia Ltda no munic\u00edpio. Localizada na regi\u00e3o de Buracica, \u00e0s margens da BA-516, a \u00e1rea abrange 10 mil m\u00b2 e integra o plano de expans\u00e3o do Parque Industrial do Munic\u00edpio. [&hellip;]<\/p>\n","protected":false},"author":1,"featured_media":49505,"comment_status":"closed","ping_status":"closed","sticky":false,"template":"","format":"standard","meta":{"om_disable_all_campaigns":false,"_exactmetrics_skip_tracking":false,"_exactmetrics_sitenote_active":false,"_exactmetrics_sitenote_note":"","_exactmetrics_sitenote_category":0,"footnotes":""},"categories":[38,167],"tags":[],"class_list":["post-49504","post","type-post","status-publish","format-standard","has-post-thumbnail","hentry","category-alagoinhas-e-regiao","category-exclusivas"],"aioseo_notices":[],"_links":{"self":[{"href":"https:\/\/newsinfoco.com.br\/inicio\/wp-json\/wp\/v2\/posts\/49504","targetHints":{"allow":["GET"]}}],"collection":[{"href":"https:\/\/newsinfoco.com.br\/inicio\/wp-json\/wp\/v2\/posts"}],"about":[{"href":"https:\/\/newsinfoco.com.br\/inicio\/wp-json\/wp\/v2\/types\/post"}],"author":[{"embeddable":true,"href":"https:\/\/newsinfoco.com.br\/inicio\/wp-json\/wp\/v2\/users\/1"}],"replies":[{"embeddable":true,"href":"https:\/\/newsinfoco.com.br\/inicio\/wp-json\/wp\/v2\/comments?post=49504"}],"version-history":[{"count":2,"href":"https:\/\/newsinfoco.com.br\/inicio\/wp-json\/wp\/v2\/posts\/49504\/revisions"}],"predecessor-version":[{"id":49507,"href":"https:\/\/newsinfoco.com.br\/inicio\/wp-json\/wp\/v2\/posts\/49504\/revisions\/49507"}],"wp:featuredmedia":[{"embeddable":true,"href":"https:\/\/newsinfoco.com.br\/inicio\/wp-json\/wp\/v2\/media\/49505"}],"wp:attachment":[{"href":"https:\/\/newsinfoco.com.br\/inicio\/wp-json\/wp\/v2\/media?parent=49504"}],"wp:term":[{"taxonomy":"category","embeddable":true,"href":"https:\/\/newsinfoco.com.br\/inicio\/wp-json\/wp\/v2\/categories?post=49504"},{"taxonomy":"post_tag","embeddable":true,"href":"https:\/\/newsinfoco.com.br\/inicio\/wp-json\/wp\/v2\/tags?post=49504"}],"curies":[{"name":"wp","href":"https:\/\/api.w.org\/{rel}","templated":true}]}}