{"id":49508,"date":"2026-03-05T18:59:46","date_gmt":"2026-03-05T21:59:46","guid":{"rendered":"https:\/\/newsinfoco.com.br\/inicio\/?p=49508"},"modified":"2026-03-05T18:59:46","modified_gmt":"2026-03-05T21:59:46","slug":"acao-solidaria-arrecada-doacoes-para-familias-afetadas-pela-chuva-em-alagoinhas","status":"publish","type":"post","link":"https:\/\/newsinfoco.com.br\/inicio\/acao-solidaria-arrecada-doacoes-para-familias-afetadas-pela-chuva-em-alagoinhas\/","title":{"rendered":"A\u00e7\u00e3o Solid\u00e1ria arrecada doa\u00e7\u00f5es para fam\u00edlias afetadas pela chuva em Alagoinhas"},"content":{"rendered":"<p>A Prefeitura de Alagoinhas realiza campanha para arrecadar doa\u00e7\u00f5es para as fam\u00edlias afetadas pela forte chuva, que atingiram o munic\u00edpio desde a semana passada. A iniciativa busca mobilizar a popula\u00e7\u00e3o em um gesto coletivo de cuidado e solidariedade, fazendo a diferen\u00e7a na vida de quem enfrenta preju\u00edzos causados por alagamentos.<\/p>\n<p>Est\u00e3o sendo arrecadados alimentos n\u00e3o perec\u00edveis, produtos de higiene pessoal, materiais de limpeza, colch\u00f5es, m\u00f3veis, eletrodom\u00e9sticos e itens de cama e banho. As doa\u00e7\u00f5es devem ser entregues na sede da Secretaria de Desenvolvimento Social, localizada na Avenida Luiz Viana, pr\u00f3ximo \u00e0 Pra\u00e7a dos Esportes, das 8h \u00e0s 18h30.<\/p><div class=\"newsi-conteudo_19\" id=\"newsi-285658582\"><a href=\"https:\/\/www.instagram.com\/prefeituraalagoinhas?igsh=YzgzdDJ1bWR3aWI4\" aria-label=\"SAVE_20251006_221555\"><img loading=\"lazy\" decoding=\"async\" src=\"https:\/\/newsinfoco.com.br\/inicio\/wp-content\/uploads\/2025\/10\/SAVE_20251006_221555-rotated.jpg\" alt=\"\"  srcset=\"https:\/\/newsinfoco.com.br\/inicio\/wp-content\/uploads\/2025\/10\/SAVE_20251006_221555-rotated.jpg 1140w, https:\/\/newsinfoco.com.br\/inicio\/wp-content\/uploads\/2025\/10\/SAVE_20251006_221555-300x52.jpg 300w, https:\/\/newsinfoco.com.br\/inicio\/wp-content\/uploads\/2025\/10\/SAVE_20251006_221555-1024x177.jpg 1024w, https:\/\/newsinfoco.com.br\/inicio\/wp-content\/uploads\/2025\/10\/SAVE_20251006_221555-768x133.jpg 768w, https:\/\/newsinfoco.com.br\/inicio\/wp-content\/uploads\/2025\/10\/SAVE_20251006_221555-600x104.jpg 600w, https:\/\/newsinfoco.com.br\/inicio\/wp-content\/uploads\/2025\/10\/SAVE_20251006_221555-696x120.jpg 696w, https:\/\/newsinfoco.com.br\/inicio\/wp-content\/uploads\/2025\/10\/SAVE_20251006_221555-1068x185.jpg 1068w\" sizes=\"(max-width: 1140px) 100vw, 1140px\" width=\"1140\" height=\"197\"   \/><\/a><\/div>\n<p>A secret\u00e1ria de Desenvolvimento Social, Lianne Carmo, afirma que a colabora\u00e7\u00e3o da popula\u00e7\u00e3o \u00e9 essencial neste momento. \u201cEstamos mobilizados para prestar toda a assist\u00eancia necess\u00e1ria \u00e0s fam\u00edlias atingidas, mas a uni\u00e3o da comunidade \u00e9 fundamental. Cada doa\u00e7\u00e3o representa um gesto de empatia e cuidado com o pr\u00f3ximo. Contamos com o apoio de todos que puderem para fortalecer essa corrente do bem e garantir mais dignidade \u00e0s pessoas que est\u00e3o enfrentando dificuldades\u201d.<\/p>\n<p>Para facilitar a participa\u00e7\u00e3o da comunidade, a equipe da Sedes disponibilizar\u00e1 transporte para o recolhimento de itens de maior volume. O cidad\u00e3o que precisar desse suporte pode solicitar pelo n\u00famero (75) 99198-0335.<\/p>\n<p>&nbsp;<\/p>\n<div class='share-to-whatsapp-wrapper'><div class='share-on-whsp'>Share on: <\/div><a data-text='A\u00e7\u00e3o Solid\u00e1ria arrecada doa\u00e7\u00f5es para fam\u00edlias afetadas pela chuva em Alagoinhas' data-link='https:\/\/newsinfoco.com.br\/inicio\/acao-solidaria-arrecada-doacoes-para-familias-afetadas-pela-chuva-em-alagoinhas\/' class='whatsapp-button whatsapp-share'>WhatsApp<\/a><div class='clear '><\/div><\/div>","protected":false},"excerpt":{"rendered":"<p>A Prefeitura de Alagoinhas realiza campanha para arrecadar doa\u00e7\u00f5es para as fam\u00edlias afetadas pela forte chuva, que atingiram o munic\u00edpio desde a semana passada. A iniciativa busca mobilizar a popula\u00e7\u00e3o em um gesto coletivo de cuidado e solidariedade, fazendo a diferen\u00e7a na vida de quem enfrenta preju\u00edzos causados por alagamentos. Est\u00e3o sendo arrecadados alimentos n\u00e3o [&hellip;]<\/p>\n","protected":false},"author":1,"featured_media":49509,"comment_status":"closed","ping_status":"closed","sticky":false,"template":"","format":"standard","meta":{"om_disable_all_campaigns":false,"_exactmetrics_skip_tracking":false,"_exactmetrics_sitenote_active":false,"_exactmetrics_sitenote_note":"","_exactmetrics_sitenote_category":0,"footnotes":""},"categories":[38,167],"tags":[],"class_list":["post-49508","post","type-post","status-publish","format-standard","has-post-thumbnail","hentry","category-alagoinhas-e-regiao","category-exclusivas"],"aioseo_notices":[],"_links":{"self":[{"href":"https:\/\/newsinfoco.com.br\/inicio\/wp-json\/wp\/v2\/posts\/49508","targetHints":{"allow":["GET"]}}],"collection":[{"href":"https:\/\/newsinfoco.com.br\/inicio\/wp-json\/wp\/v2\/posts"}],"about":[{"href":"https:\/\/newsinfoco.com.br\/inicio\/wp-json\/wp\/v2\/types\/post"}],"author":[{"embeddable":true,"href":"https:\/\/newsinfoco.com.br\/inicio\/wp-json\/wp\/v2\/users\/1"}],"replies":[{"embeddable":true,"href":"https:\/\/newsinfoco.com.br\/inicio\/wp-json\/wp\/v2\/comments?post=49508"}],"version-history":[{"count":1,"href":"https:\/\/newsinfoco.com.br\/inicio\/wp-json\/wp\/v2\/posts\/49508\/revisions"}],"predecessor-version":[{"id":49510,"href":"https:\/\/newsinfoco.com.br\/inicio\/wp-json\/wp\/v2\/posts\/49508\/revisions\/49510"}],"wp:featuredmedia":[{"embeddable":true,"href":"https:\/\/newsinfoco.com.br\/inicio\/wp-json\/wp\/v2\/media\/49509"}],"wp:attachment":[{"href":"https:\/\/newsinfoco.com.br\/inicio\/wp-json\/wp\/v2\/media?parent=49508"}],"wp:term":[{"taxonomy":"category","embeddable":true,"href":"https:\/\/newsinfoco.com.br\/inicio\/wp-json\/wp\/v2\/categories?post=49508"},{"taxonomy":"post_tag","embeddable":true,"href":"https:\/\/newsinfoco.com.br\/inicio\/wp-json\/wp\/v2\/tags?post=49508"}],"curies":[{"name":"wp","href":"https:\/\/api.w.org\/{rel}","templated":true}]}}