{"id":49514,"date":"2026-03-05T19:09:41","date_gmt":"2026-03-05T22:09:41","guid":{"rendered":"https:\/\/newsinfoco.com.br\/inicio\/?p=49514"},"modified":"2026-03-05T19:09:41","modified_gmt":"2026-03-05T22:09:41","slug":"programa-de-atencao-ao-paciente-diabetico-e-hipertenso-intensifica-acompanhamento-de-usuarios","status":"publish","type":"post","link":"https:\/\/newsinfoco.com.br\/inicio\/programa-de-atencao-ao-paciente-diabetico-e-hipertenso-intensifica-acompanhamento-de-usuarios\/","title":{"rendered":"Programa de Aten\u00e7\u00e3o ao Paciente Diab\u00e9tico e Hipertenso intensifica acompanhamento de usu\u00e1rios"},"content":{"rendered":"<p>Com o objetivo de ampliar o cuidado e promover um atendimento mais humanizado \u00e0s pessoas com diabetes, a Secretaria Municipal de Sa\u00fade (Sesau) tem intensificado as a\u00e7\u00f5es do Programa de Aten\u00e7\u00e3o ao Paciente Diab\u00e9tico e Hipertenso (PAIDH). Na \u00faltima ter\u00e7a-feira, 3, as equipes de sa\u00fade estiveram no bairro Estev\u00e3o, onde atenderam 45 pacientes e realizaram orienta\u00e7\u00f5es sobre o controle da doen\u00e7a no dia a dia, refor\u00e7ando a import\u00e2ncia do diagn\u00f3stico precoce e da ades\u00e3o correta ao tratamento para garantir mais qualidade de vida.<\/p>\n<p>\u201cO trabalho que fizemos no Estev\u00e3o faz parte de um cronograma de descentraliza\u00e7\u00e3o e busca ativa, aproximando os servi\u00e7os especializados das comunidades e garantindo que o suporte p\u00fablico chegue a quem mais precisa\u201d, disse a gerente do PAIDH, Rita de C\u00e1ssia Cerqueira.<\/p><div class=\"newsi-conteudo_19\" id=\"newsi-3304213024\"><a href=\"https:\/\/www.instagram.com\/prefeituraalagoinhas?igsh=YzgzdDJ1bWR3aWI4\" aria-label=\"SAVE_20251006_221555\"><img loading=\"lazy\" decoding=\"async\" src=\"https:\/\/newsinfoco.com.br\/inicio\/wp-content\/uploads\/2025\/10\/SAVE_20251006_221555-rotated.jpg\" alt=\"\"  srcset=\"https:\/\/newsinfoco.com.br\/inicio\/wp-content\/uploads\/2025\/10\/SAVE_20251006_221555-rotated.jpg 1140w, https:\/\/newsinfoco.com.br\/inicio\/wp-content\/uploads\/2025\/10\/SAVE_20251006_221555-300x52.jpg 300w, https:\/\/newsinfoco.com.br\/inicio\/wp-content\/uploads\/2025\/10\/SAVE_20251006_221555-1024x177.jpg 1024w, https:\/\/newsinfoco.com.br\/inicio\/wp-content\/uploads\/2025\/10\/SAVE_20251006_221555-768x133.jpg 768w, https:\/\/newsinfoco.com.br\/inicio\/wp-content\/uploads\/2025\/10\/SAVE_20251006_221555-600x104.jpg 600w, https:\/\/newsinfoco.com.br\/inicio\/wp-content\/uploads\/2025\/10\/SAVE_20251006_221555-696x120.jpg 696w, https:\/\/newsinfoco.com.br\/inicio\/wp-content\/uploads\/2025\/10\/SAVE_20251006_221555-1068x185.jpg 1068w\" sizes=\"(max-width: 1140px) 100vw, 1140px\" width=\"1140\" height=\"197\"   \/><\/a><\/div>\n<p>Segundo a t\u00e9cnica, os pacientes diab\u00e9ticos s\u00e3o encaminhados \u00e0s Unidades de Sa\u00fade da Fam\u00edlia e, ap\u00f3s o processo administrativo, s\u00e3o direcionados \u00e0 coordena\u00e7\u00e3o do PAIDH. Uma vez integrados, os mesmos recebem o kit completo para monitoramento domiciliar, contendo aparelho glicos\u00edmetro, fitas reagentes e lancetas.<\/p>\n<p>Mensalmente, os pacientes comparecem para a retirada de suas fitas e, paralelamente, t\u00eam acesso a uma rede de suporte que inclui consultas com endocrinologistas; suporte com nutricionistas e psic\u00f3logos; realiza\u00e7\u00e3o de exames laboratoriais e marca\u00e7\u00f5es de outras especialidades, conforme a necessidade.<\/p>\n<p>\u201cO programa se destaca pela integralidade do cuidado. Essa abordagem garante que os pacientes n\u00e3o apenas monitorem os \u00edndices, mas tamb\u00e9m recebam orienta\u00e7\u00e3o nutricional e emocional para conviver com a patologia de forma saud\u00e1vel\u201d, concluiu a gerente.<\/p>\n<p>&nbsp;<\/p>\n<div class='share-to-whatsapp-wrapper'><div class='share-on-whsp'>Share on: <\/div><a data-text='Programa de Aten\u00e7\u00e3o ao Paciente Diab\u00e9tico e Hipertenso intensifica acompanhamento de usu\u00e1rios' data-link='https:\/\/newsinfoco.com.br\/inicio\/programa-de-atencao-ao-paciente-diabetico-e-hipertenso-intensifica-acompanhamento-de-usuarios\/' class='whatsapp-button whatsapp-share'>WhatsApp<\/a><div class='clear '><\/div><\/div>","protected":false},"excerpt":{"rendered":"<p>Com o objetivo de ampliar o cuidado e promover um atendimento mais humanizado \u00e0s pessoas com diabetes, a Secretaria Municipal de Sa\u00fade (Sesau) tem intensificado as a\u00e7\u00f5es do Programa de Aten\u00e7\u00e3o ao Paciente Diab\u00e9tico e Hipertenso (PAIDH). Na \u00faltima ter\u00e7a-feira, 3, as equipes de sa\u00fade estiveram no bairro Estev\u00e3o, onde atenderam 45 pacientes e realizaram [&hellip;]<\/p>\n","protected":false},"author":1,"featured_media":49515,"comment_status":"closed","ping_status":"closed","sticky":false,"template":"","format":"standard","meta":{"om_disable_all_campaigns":false,"_exactmetrics_skip_tracking":false,"_exactmetrics_sitenote_active":false,"_exactmetrics_sitenote_note":"","_exactmetrics_sitenote_category":0,"footnotes":""},"categories":[38,167],"tags":[],"class_list":["post-49514","post","type-post","status-publish","format-standard","has-post-thumbnail","hentry","category-alagoinhas-e-regiao","category-exclusivas"],"aioseo_notices":[],"_links":{"self":[{"href":"https:\/\/newsinfoco.com.br\/inicio\/wp-json\/wp\/v2\/posts\/49514","targetHints":{"allow":["GET"]}}],"collection":[{"href":"https:\/\/newsinfoco.com.br\/inicio\/wp-json\/wp\/v2\/posts"}],"about":[{"href":"https:\/\/newsinfoco.com.br\/inicio\/wp-json\/wp\/v2\/types\/post"}],"author":[{"embeddable":true,"href":"https:\/\/newsinfoco.com.br\/inicio\/wp-json\/wp\/v2\/users\/1"}],"replies":[{"embeddable":true,"href":"https:\/\/newsinfoco.com.br\/inicio\/wp-json\/wp\/v2\/comments?post=49514"}],"version-history":[{"count":1,"href":"https:\/\/newsinfoco.com.br\/inicio\/wp-json\/wp\/v2\/posts\/49514\/revisions"}],"predecessor-version":[{"id":49516,"href":"https:\/\/newsinfoco.com.br\/inicio\/wp-json\/wp\/v2\/posts\/49514\/revisions\/49516"}],"wp:featuredmedia":[{"embeddable":true,"href":"https:\/\/newsinfoco.com.br\/inicio\/wp-json\/wp\/v2\/media\/49515"}],"wp:attachment":[{"href":"https:\/\/newsinfoco.com.br\/inicio\/wp-json\/wp\/v2\/media?parent=49514"}],"wp:term":[{"taxonomy":"category","embeddable":true,"href":"https:\/\/newsinfoco.com.br\/inicio\/wp-json\/wp\/v2\/categories?post=49514"},{"taxonomy":"post_tag","embeddable":true,"href":"https:\/\/newsinfoco.com.br\/inicio\/wp-json\/wp\/v2\/tags?post=49514"}],"curies":[{"name":"wp","href":"https:\/\/api.w.org\/{rel}","templated":true}]}}