{"id":49517,"date":"2026-03-05T19:16:19","date_gmt":"2026-03-05T22:16:19","guid":{"rendered":"https:\/\/newsinfoco.com.br\/inicio\/?p=49517"},"modified":"2026-03-05T19:16:19","modified_gmt":"2026-03-05T22:16:19","slug":"catadores-recebem-apoio-da-prefeitura-com-suplemento-para-alimentacao-dos-equinos","status":"publish","type":"post","link":"https:\/\/newsinfoco.com.br\/inicio\/catadores-recebem-apoio-da-prefeitura-com-suplemento-para-alimentacao-dos-equinos\/","title":{"rendered":"Catadores recebem apoio da Prefeitura com suplemento para alimenta\u00e7\u00e3o dos equinos"},"content":{"rendered":"<p>O prefeito Gustavo Carmo realizou, nesta quinta-feira, 5, a entrega de suplemento nutritivo \u00e0 base de farelo de trigo para animais utilizados na coleta complementar de res\u00edduos no per\u00edmetro urbano. A a\u00e7\u00e3o, que contemplou 27 trabalhadores da Associa\u00e7\u00e3o dos Catadores e Catadoras de Material Recicl\u00e1vel (Acrian), acontecer\u00e1 mensalmente, como forma de garantir um complemento aliment\u00edcio para os equinos.<\/p>\n<p>\u201cA Prefeitura ir\u00e1 contribuir para que esses animais estejam sempre em suas melhores condi\u00e7\u00f5es. Faremos tamb\u00e9m um acompanhamento, trazendo em breve veterin\u00e1rios que realizar\u00e3o exames e prescrever\u00e3o suplementa\u00e7\u00e3o para os animais que necessitam desse refor\u00e7o\u201d, informou o prefeito Gustavo Carmo.<\/p><div class=\"newsi-conteudo_19\" id=\"newsi-647541033\"><a href=\"https:\/\/www.instagram.com\/prefeituraalagoinhas?igsh=YzgzdDJ1bWR3aWI4\" aria-label=\"SAVE_20251006_221555\"><img loading=\"lazy\" decoding=\"async\" src=\"https:\/\/newsinfoco.com.br\/inicio\/wp-content\/uploads\/2025\/10\/SAVE_20251006_221555-rotated.jpg\" alt=\"\"  srcset=\"https:\/\/newsinfoco.com.br\/inicio\/wp-content\/uploads\/2025\/10\/SAVE_20251006_221555-rotated.jpg 1140w, https:\/\/newsinfoco.com.br\/inicio\/wp-content\/uploads\/2025\/10\/SAVE_20251006_221555-300x52.jpg 300w, https:\/\/newsinfoco.com.br\/inicio\/wp-content\/uploads\/2025\/10\/SAVE_20251006_221555-1024x177.jpg 1024w, https:\/\/newsinfoco.com.br\/inicio\/wp-content\/uploads\/2025\/10\/SAVE_20251006_221555-768x133.jpg 768w, https:\/\/newsinfoco.com.br\/inicio\/wp-content\/uploads\/2025\/10\/SAVE_20251006_221555-600x104.jpg 600w, https:\/\/newsinfoco.com.br\/inicio\/wp-content\/uploads\/2025\/10\/SAVE_20251006_221555-696x120.jpg 696w, https:\/\/newsinfoco.com.br\/inicio\/wp-content\/uploads\/2025\/10\/SAVE_20251006_221555-1068x185.jpg 1068w\" sizes=\"(max-width: 1140px) 100vw, 1140px\" width=\"1140\" height=\"197\"   \/><\/a><\/div>\n<p>Lindinalva Silva de Arag\u00e3o, que atua na parte administrativa da Acrian, contou que a doa\u00e7\u00e3o da Prefeitura vem para contribuir tamb\u00e9m com a economia familiar dos catadores. \u201cA quest\u00e3o econ\u00f4mica pesa muito no dia a dia deles, principalmente, para aqueles que compram esse alimento e agora passar\u00e3o a receber gratuitamente\u201d.<\/p>\n<p>Com 13 anos de atua\u00e7\u00e3o na coleta, Jos\u00e9 Bispo dos Santos destacou a garantia da gest\u00e3o p\u00fablica em enviar mensalmente os insumos. Segundo ele, o apoio contribuir\u00e1 para reduzir os custos com a alimenta\u00e7\u00e3o dos animais utilizados na atividade di\u00e1ria de trabalho. \u201cUm saco de 30 quilos de farelo de trigo custa, em m\u00e9dia, R$ 52, e precisamos de dois por m\u00eas, al\u00e9m de milho e outros alimentos. Com essa entrega, conseguiremos economizar um pouco mais e direcionar esse dinheiro para melhorar ainda mais a vida dos nossos bichos\u201d, afirmou.<\/p>\n<p>Na ocasi\u00e3o, o prefeito tamb\u00e9m informou aos catadores sobre a aten\u00e7\u00e3o especial que a Secretaria Municipal de Educa\u00e7\u00e3o (Seduc) est\u00e1 direcionando aos estudantes do Programa Municipal de Incentivo \u00e0 Educa\u00e7\u00e3o de Jovens e Adultos (EJA), por meio do Projeto de Lei n\u00ba 2.899\/2026, no qual os alunos matriculados passar\u00e3o a receber uma bolsa mensal de R$ 100.<\/p>\n<p>\u201cEssa \u00e9 uma oportunidade para aquelas pessoas que n\u00e3o estudaram na inf\u00e2ncia. Temos turmas especiais formadas por pessoas na mesma faixa et\u00e1ria e n\u00edvel educacional, aprendendo a ler e escrever, nas quais os matriculados receber\u00e3o uma bolsa mensal como forma de apoio. Pensamos que esses profissionais, que atuam na coleta de nossa cidade, tamb\u00e9m podem aproveitar para continuar estudando e buscando uma forma\u00e7\u00e3o educacional\u201d, concluiu Gustavo.<\/p>\n<p>&nbsp;<\/p>\n<div class='share-to-whatsapp-wrapper'><div class='share-on-whsp'>Share on: <\/div><a data-text='Catadores recebem apoio da Prefeitura com suplemento para alimenta\u00e7\u00e3o dos equinos' data-link='https:\/\/newsinfoco.com.br\/inicio\/catadores-recebem-apoio-da-prefeitura-com-suplemento-para-alimentacao-dos-equinos\/' class='whatsapp-button whatsapp-share'>WhatsApp<\/a><div class='clear '><\/div><\/div>","protected":false},"excerpt":{"rendered":"<p>O prefeito Gustavo Carmo realizou, nesta quinta-feira, 5, a entrega de suplemento nutritivo \u00e0 base de farelo de trigo para animais utilizados na coleta complementar de res\u00edduos no per\u00edmetro urbano. A a\u00e7\u00e3o, que contemplou 27 trabalhadores da Associa\u00e7\u00e3o dos Catadores e Catadoras de Material Recicl\u00e1vel (Acrian), acontecer\u00e1 mensalmente, como forma de garantir um complemento aliment\u00edcio [&hellip;]<\/p>\n","protected":false},"author":1,"featured_media":49519,"comment_status":"closed","ping_status":"closed","sticky":false,"template":"","format":"standard","meta":{"om_disable_all_campaigns":false,"_exactmetrics_skip_tracking":false,"_exactmetrics_sitenote_active":false,"_exactmetrics_sitenote_note":"","_exactmetrics_sitenote_category":0,"footnotes":""},"categories":[38,167],"tags":[],"class_list":["post-49517","post","type-post","status-publish","format-standard","has-post-thumbnail","hentry","category-alagoinhas-e-regiao","category-exclusivas"],"aioseo_notices":[],"_links":{"self":[{"href":"https:\/\/newsinfoco.com.br\/inicio\/wp-json\/wp\/v2\/posts\/49517","targetHints":{"allow":["GET"]}}],"collection":[{"href":"https:\/\/newsinfoco.com.br\/inicio\/wp-json\/wp\/v2\/posts"}],"about":[{"href":"https:\/\/newsinfoco.com.br\/inicio\/wp-json\/wp\/v2\/types\/post"}],"author":[{"embeddable":true,"href":"https:\/\/newsinfoco.com.br\/inicio\/wp-json\/wp\/v2\/users\/1"}],"replies":[{"embeddable":true,"href":"https:\/\/newsinfoco.com.br\/inicio\/wp-json\/wp\/v2\/comments?post=49517"}],"version-history":[{"count":1,"href":"https:\/\/newsinfoco.com.br\/inicio\/wp-json\/wp\/v2\/posts\/49517\/revisions"}],"predecessor-version":[{"id":49520,"href":"https:\/\/newsinfoco.com.br\/inicio\/wp-json\/wp\/v2\/posts\/49517\/revisions\/49520"}],"wp:featuredmedia":[{"embeddable":true,"href":"https:\/\/newsinfoco.com.br\/inicio\/wp-json\/wp\/v2\/media\/49519"}],"wp:attachment":[{"href":"https:\/\/newsinfoco.com.br\/inicio\/wp-json\/wp\/v2\/media?parent=49517"}],"wp:term":[{"taxonomy":"category","embeddable":true,"href":"https:\/\/newsinfoco.com.br\/inicio\/wp-json\/wp\/v2\/categories?post=49517"},{"taxonomy":"post_tag","embeddable":true,"href":"https:\/\/newsinfoco.com.br\/inicio\/wp-json\/wp\/v2\/tags?post=49517"}],"curies":[{"name":"wp","href":"https:\/\/api.w.org\/{rel}","templated":true}]}}