{"id":49521,"date":"2026-03-05T19:24:55","date_gmt":"2026-03-05T22:24:55","guid":{"rendered":"https:\/\/newsinfoco.com.br\/inicio\/?p=49521"},"modified":"2026-03-05T19:24:55","modified_gmt":"2026-03-05T22:24:55","slug":"alagode-celebra-identidade-e-memorias-de-alagoinhas-em-nova-producao-musical","status":"publish","type":"post","link":"https:\/\/newsinfoco.com.br\/inicio\/alagode-celebra-identidade-e-memorias-de-alagoinhas-em-nova-producao-musical\/","title":{"rendered":"\u201cAlagod\u00e9\u201d celebra identidade e mem\u00f3rias de Alagoinhas em nova produ\u00e7\u00e3o musical"},"content":{"rendered":"<p>A cidade de Alagoinhas ganhou uma nova homenagem em forma de m\u00fasica. A can\u00e7\u00e3o \u201cAlagod\u00e9\u201d, interpretada por Jo\u00e3o S\u00e9, Hiran e Adri\u00e3o Filho (Arrepio Po\u00e9tico), foi lan\u00e7ada acompanhada de videoclipe e prop\u00f5e uma celebra\u00e7\u00e3o da mem\u00f3ria, da cultura e do sentimento de pertencimento que marcam a identidade da cidade.<\/p>\n<p>A m\u00fasica surge como uma dedicat\u00f3ria \u00e0 chamada \u201cterra rainha\u201d, conhecida por suas \u00e1guas e por sua hist\u00f3ria. A proposta da can\u00e7\u00e3o \u00e9 transformar em arte lembran\u00e7as de inf\u00e2ncia, paisagens, afetos e elementos que fazem parte da identidade cultural de quem nasceu, cresceu ou construiu v\u00ednculos com Alagoinhas.<\/p><div class=\"newsi-conteudo_19\" id=\"newsi-2763700702\"><a href=\"https:\/\/www.instagram.com\/prefeituraalagoinhas?igsh=YzgzdDJ1bWR3aWI4\" aria-label=\"SAVE_20251006_221555\"><img loading=\"lazy\" decoding=\"async\" src=\"https:\/\/newsinfoco.com.br\/inicio\/wp-content\/uploads\/2025\/10\/SAVE_20251006_221555-rotated.jpg\" alt=\"\"  srcset=\"https:\/\/newsinfoco.com.br\/inicio\/wp-content\/uploads\/2025\/10\/SAVE_20251006_221555-rotated.jpg 1140w, https:\/\/newsinfoco.com.br\/inicio\/wp-content\/uploads\/2025\/10\/SAVE_20251006_221555-300x52.jpg 300w, https:\/\/newsinfoco.com.br\/inicio\/wp-content\/uploads\/2025\/10\/SAVE_20251006_221555-1024x177.jpg 1024w, https:\/\/newsinfoco.com.br\/inicio\/wp-content\/uploads\/2025\/10\/SAVE_20251006_221555-768x133.jpg 768w, https:\/\/newsinfoco.com.br\/inicio\/wp-content\/uploads\/2025\/10\/SAVE_20251006_221555-600x104.jpg 600w, https:\/\/newsinfoco.com.br\/inicio\/wp-content\/uploads\/2025\/10\/SAVE_20251006_221555-696x120.jpg 696w, https:\/\/newsinfoco.com.br\/inicio\/wp-content\/uploads\/2025\/10\/SAVE_20251006_221555-1068x185.jpg 1068w\" sizes=\"(max-width: 1140px) 100vw, 1140px\" width=\"1140\" height=\"197\"   \/><\/a><\/div>\n<p>A faixa conta com dire\u00e7\u00e3o e produ\u00e7\u00e3o musical assinadas por Lucas Costa. O projeto tamb\u00e9m conta com videoclipe oficial, ampliando a proposta art\u00edstica da obra. O audiovisual tem dire\u00e7\u00e3o de Bruna Meyer, produ\u00e7\u00e3o de Thierri Barbosa e roteiro assinado pelos dois profissionais.<\/p>\n<p>Em entrevista \u00e0 Assessoria de Comunica\u00e7\u00e3o da C\u00e2mara Municipal de Alagoinhas, o compositor Jo\u00e3o Sereno (Jo\u00e3o S\u00e9) explicou que o processo criativo da can\u00e7\u00e3o partiu de uma reflex\u00e3o sobre as refer\u00eancias musicais presentes na mem\u00f3ria cultural da regi\u00e3o.<\/p>\n<p>\u201cFoi um processo muito cuidadoso e atencioso. Antes de iniciar o processo de composi\u00e7\u00e3o, eu quis refletir sobre os ritmos musicais que habitam a nossa mem\u00f3ria coletiva alagoinhense-baiana. Me inspirei muito no samba reggae mas quis trazer uma roupagem mais moderna. J\u00e1 em rela\u00e7\u00e3o harmonia, busquei a leveza e nostalgia como base do arranjo e repassei as ideias pra Lucas Costa que, com maestria, entendeu a ess\u00eancia da can\u00e7\u00e3o e fez uma produ\u00e7\u00e3o musical impec\u00e1vel\u201d, afirmou.<\/p>\n<p>Para o artista, al\u00e9m de uma homenagem, a can\u00e7\u00e3o tamb\u00e9m cumpre um papel de valoriza\u00e7\u00e3o da identidade cultural da cidade.<\/p>\n<p>\u201cNa minha vis\u00e3o, \u2018Alagod\u00e9\u2019 cumpre um papel de reafirma\u00e7\u00e3o e resgate afetivo da identidade cultural de Alagoinhas nos dias de hoje. Vivemos um tempo em que as refer\u00eancias culturais muitas vezes v\u00eam de fora, e falar da pr\u00f3pria terra com orgulho se torna quase um ato de resist\u00eancia. \u2018Alagod\u00e9\u2019 valoriza a cidade ao transformar suas mem\u00f3rias, suas \u00e1guas, suas express\u00f5es e seu jeito de ser em arte\u201d, destacou.<\/p>\n<p>Segundo Jo\u00e3o Sereno, a m\u00fasica tamb\u00e9m fortalece o sentimento de pertencimento entre os moradores e pode contribuir para que novas gera\u00e7\u00f5es reconhe\u00e7am o valor cultural da cidade.<\/p>\n<p>\u201cQuando a popula\u00e7\u00e3o se reconhece numa obra, quando escuta sua hist\u00f3ria e sua viv\u00eancia retratadas com respeito e poesia, cria-se um senso de identidade compartilhada. Isso impacta principalmente as novas gera\u00e7\u00f5es, que passam a enxergar sua cidade como lugar de pot\u00eancia, n\u00e3o apenas de passagem\u201d, completou.<\/p>\n<p>Mais do que uma homenagem, a Alagod\u00e9 busca registrar em forma de arte elementos da mem\u00f3ria afetiva e cultural de Alagoinhas, transformando experi\u00eancias e hist\u00f3rias locais em patrim\u00f4nio art\u00edstico.<\/p>\n<div class='share-to-whatsapp-wrapper'><div class='share-on-whsp'>Share on: <\/div><a data-text='\u201cAlagod\u00e9\u201d celebra identidade e mem\u00f3rias de Alagoinhas em nova produ\u00e7\u00e3o musical' data-link='https:\/\/newsinfoco.com.br\/inicio\/alagode-celebra-identidade-e-memorias-de-alagoinhas-em-nova-producao-musical\/' class='whatsapp-button whatsapp-share'>WhatsApp<\/a><div class='clear '><\/div><\/div>","protected":false},"excerpt":{"rendered":"<p>A cidade de Alagoinhas ganhou uma nova homenagem em forma de m\u00fasica. A can\u00e7\u00e3o \u201cAlagod\u00e9\u201d, interpretada por Jo\u00e3o S\u00e9, Hiran e Adri\u00e3o Filho (Arrepio Po\u00e9tico), foi lan\u00e7ada acompanhada de videoclipe e prop\u00f5e uma celebra\u00e7\u00e3o da mem\u00f3ria, da cultura e do sentimento de pertencimento que marcam a identidade da cidade. A m\u00fasica surge como uma dedicat\u00f3ria [&hellip;]<\/p>\n","protected":false},"author":1,"featured_media":49522,"comment_status":"closed","ping_status":"closed","sticky":false,"template":"","format":"standard","meta":{"om_disable_all_campaigns":false,"_exactmetrics_skip_tracking":false,"_exactmetrics_sitenote_active":false,"_exactmetrics_sitenote_note":"","_exactmetrics_sitenote_category":0,"footnotes":""},"categories":[19],"tags":[],"class_list":["post-49521","post","type-post","status-publish","format-standard","has-post-thumbnail","hentry","category-bahia"],"aioseo_notices":[],"_links":{"self":[{"href":"https:\/\/newsinfoco.com.br\/inicio\/wp-json\/wp\/v2\/posts\/49521","targetHints":{"allow":["GET"]}}],"collection":[{"href":"https:\/\/newsinfoco.com.br\/inicio\/wp-json\/wp\/v2\/posts"}],"about":[{"href":"https:\/\/newsinfoco.com.br\/inicio\/wp-json\/wp\/v2\/types\/post"}],"author":[{"embeddable":true,"href":"https:\/\/newsinfoco.com.br\/inicio\/wp-json\/wp\/v2\/users\/1"}],"replies":[{"embeddable":true,"href":"https:\/\/newsinfoco.com.br\/inicio\/wp-json\/wp\/v2\/comments?post=49521"}],"version-history":[{"count":1,"href":"https:\/\/newsinfoco.com.br\/inicio\/wp-json\/wp\/v2\/posts\/49521\/revisions"}],"predecessor-version":[{"id":49523,"href":"https:\/\/newsinfoco.com.br\/inicio\/wp-json\/wp\/v2\/posts\/49521\/revisions\/49523"}],"wp:featuredmedia":[{"embeddable":true,"href":"https:\/\/newsinfoco.com.br\/inicio\/wp-json\/wp\/v2\/media\/49522"}],"wp:attachment":[{"href":"https:\/\/newsinfoco.com.br\/inicio\/wp-json\/wp\/v2\/media?parent=49521"}],"wp:term":[{"taxonomy":"category","embeddable":true,"href":"https:\/\/newsinfoco.com.br\/inicio\/wp-json\/wp\/v2\/categories?post=49521"},{"taxonomy":"post_tag","embeddable":true,"href":"https:\/\/newsinfoco.com.br\/inicio\/wp-json\/wp\/v2\/tags?post=49521"}],"curies":[{"name":"wp","href":"https:\/\/api.w.org\/{rel}","templated":true}]}}