{"id":49524,"date":"2026-03-05T19:30:51","date_gmt":"2026-03-05T22:30:51","guid":{"rendered":"https:\/\/newsinfoco.com.br\/inicio\/?p=49524"},"modified":"2026-03-05T19:30:51","modified_gmt":"2026-03-05T22:30:51","slug":"secretario-de-saude-apresenta-relatorio-do-3o-quadrimestre-de-2025-na-camara-municipal","status":"publish","type":"post","link":"https:\/\/newsinfoco.com.br\/inicio\/secretario-de-saude-apresenta-relatorio-do-3o-quadrimestre-de-2025-na-camara-municipal\/","title":{"rendered":"Secret\u00e1rio de Sa\u00fade apresenta relat\u00f3rio do 3\u00ba quadrimestre de 2025 na C\u00e2mara Municipal"},"content":{"rendered":"<div class=\"elementor-column elementor-col-50 elementor-top-column elementor-element elementor-element-166fa74c\" data-id=\"166fa74c\" data-element_type=\"column\">\n<div class=\"elementor-widget-wrap elementor-element-populated\">\n<div class=\"elementor-element elementor-element-8956c80 elementor-widget elementor-widget-theme-post-content\" data-id=\"8956c80\" data-element_type=\"widget\" data-widget_type=\"theme-post-content.default\">\n<div class=\"elementor-widget-container\">\n<p>Na manh\u00e3 de ontem (03), o vice-prefeito e secret\u00e1rio municipal de Sa\u00fade, Luciano S\u00e9rgio, apresentou na C\u00e2mara Municipal o 3\u00ba Relat\u00f3rio Detalhado do Quadrimestre da Sa\u00fade de 2025, com indicadores, dados financeiros e o balan\u00e7o do ciclo do Plano Municipal de Sa\u00fade 2022\u20132025.<\/p>\n<p>Durante a apresenta\u00e7\u00e3o, o secret\u00e1rio destacou que o munic\u00edpio aplicou 20,65% das receitas em a\u00e7\u00f5es e servi\u00e7os de sa\u00fade, percentual superior ao m\u00ednimo constitucional de 15%. O relat\u00f3rio tamb\u00e9m apontou 101,35% de arrecada\u00e7\u00e3o no per\u00edodo, al\u00e9m da estrutura da rede municipal, que conta atualmente com 92 estabelecimentos de sa\u00fade e 1.056 profissionais atuando no Sistema \u00danico de Sa\u00fade (SUS) em Alagoinhas.<\/p><div class=\"newsi-conteudo_19\" id=\"newsi-570642535\"><a href=\"https:\/\/www.instagram.com\/prefeituraalagoinhas?igsh=YzgzdDJ1bWR3aWI4\" aria-label=\"SAVE_20251006_221555\"><img loading=\"lazy\" decoding=\"async\" src=\"https:\/\/newsinfoco.com.br\/inicio\/wp-content\/uploads\/2025\/10\/SAVE_20251006_221555-rotated.jpg\" alt=\"\"  srcset=\"https:\/\/newsinfoco.com.br\/inicio\/wp-content\/uploads\/2025\/10\/SAVE_20251006_221555-rotated.jpg 1140w, https:\/\/newsinfoco.com.br\/inicio\/wp-content\/uploads\/2025\/10\/SAVE_20251006_221555-300x52.jpg 300w, https:\/\/newsinfoco.com.br\/inicio\/wp-content\/uploads\/2025\/10\/SAVE_20251006_221555-1024x177.jpg 1024w, https:\/\/newsinfoco.com.br\/inicio\/wp-content\/uploads\/2025\/10\/SAVE_20251006_221555-768x133.jpg 768w, https:\/\/newsinfoco.com.br\/inicio\/wp-content\/uploads\/2025\/10\/SAVE_20251006_221555-600x104.jpg 600w, https:\/\/newsinfoco.com.br\/inicio\/wp-content\/uploads\/2025\/10\/SAVE_20251006_221555-696x120.jpg 696w, https:\/\/newsinfoco.com.br\/inicio\/wp-content\/uploads\/2025\/10\/SAVE_20251006_221555-1068x185.jpg 1068w\" sizes=\"(max-width: 1140px) 100vw, 1140px\" width=\"1140\" height=\"197\"   \/><\/a><\/div>\n<p>Outro dado apresentado foi o desempenho da Aten\u00e7\u00e3o B\u00e1sica, que mant\u00e9m cobertura populacional superior a 90%, com indicadores de avalia\u00e7\u00e3o classificados majoritariamente como bons ou \u00f3timos. Na \u00e1rea materno-infantil, o relat\u00f3rio registra 885 nascidos vivos entre o primeiro e o terceiro quadrimestres de 2025, al\u00e9m do monitoramento de indicadores de mortalidade infantil e interna\u00e7\u00f5es hospitalares.<\/p>\n<p>Luciano S\u00e9rgio tamb\u00e9m destacou avan\u00e7os estruturais do ciclo do Plano Municipal de Sa\u00fade 2022\u20132025, como o novo Laborat\u00f3rio Municipal, a reinaugura\u00e7\u00e3o do Centro de Cirurgias Eletivas, a amplia\u00e7\u00e3o da Policl\u00ednica Municipal, a consolida\u00e7\u00e3o do programa Melhor em Casa e a amplia\u00e7\u00e3o da Unidade de Reintegra\u00e7\u00e3o Funcional.<\/p>\n<p>Na apresenta\u00e7\u00e3o, o secret\u00e1rio tamb\u00e9m apontou iniciativas em andamento para moderniza\u00e7\u00e3o da rede, entre elas a implanta\u00e7\u00e3o do prontu\u00e1rio eletr\u00f4nico nas unidades de sa\u00fade, com objetivo de aprimorar a gest\u00e3o das informa\u00e7\u00f5es e melhorar o acesso aos servi\u00e7os.<\/p>\n<p>\u201cEu n\u00e3o sou e n\u00e3o serei o secret\u00e1rio de respostas f\u00e1ceis. N\u00e3o farei promessas de resolver tudo em determinado prazo. O que posso garantir \u00e9 trabalho t\u00e9cnico e compromisso\u201d, afirmou.<\/p>\n<p>Luciano S\u00e9rgio tamb\u00e9m informou que a secretaria trabalha em frentes para avan\u00e7ar no processo licitat\u00f3rio do Hospital Materno Infantil, al\u00e9m de estudar a implanta\u00e7\u00e3o de uma sede pr\u00f3pria para o SAMU, servi\u00e7o que atende Alagoinhas e munic\u00edpios da regi\u00e3o.<\/p>\n<p>Ao final da exposi\u00e7\u00e3o, o secret\u00e1rio refor\u00e7ou a import\u00e2ncia do di\u00e1logo institucional entre Executivo e Legislativo. \u201cSei onde estou pisando, sei de onde vim e respeito profundamente esta Casa. O respeito se demonstra com a\u00e7\u00e3o\u201d, declarou.<\/p>\n<p><strong>Coment\u00e1rios<\/strong><\/p>\n<p>Ap\u00f3s a apresenta\u00e7\u00e3o, vereadores utilizaram a tribuna para comentar os dados do relat\u00f3rio e levantar pontos relacionados ao funcionamento da rede municipal de sa\u00fade.<\/p>\n<p>A vereadora Juci Cardoso destacou a import\u00e2ncia da an\u00e1lise dos indicadores e chamou aten\u00e7\u00e3o para quest\u00f5es relacionadas \u00e0 sa\u00fade das mulheres, especialmente no per\u00edodo p\u00f3s-parto.<\/p>\n<p>\u201cEstamos falando de dados que projetam impactos para os pr\u00f3ximos cinco anos. Precisamos olhar para dentro e perguntar o que est\u00e1 errado nesse processo\u201d, afirmou.<\/p>\n<p>Em seguida, defendeu maior escuta das mulheres durante o atendimento de sa\u00fade. \u201cEscutar quem est\u00e1 sentindo dor n\u00e3o \u00e9 favor. \u00c9 dever\u201d, declarou.<\/p>\n<div class=\"wp-block-image\"><\/div>\n<p>O vereador Cl\u00e1udio Abi\u00fade chamou aten\u00e7\u00e3o para o impacto dos acidentes motocicl\u00edsticos na rede hospitalar, destacando que grande parte das cirurgias ortop\u00e9dicas realizadas no Hospital Regional Dantas Bi\u00e3o est\u00e1 relacionada a esse tipo de ocorr\u00eancia.<\/p>\n<p>\u201cEstamos falando de amputa\u00e7\u00f5es, fraturas expostas e cirurgias complexas que ocupam leitos e estruturas hospitalares por longos per\u00edodos\u201d, pontuou.<\/p>\n<div class=\"wp-block-image\"><\/div>\n<p>O vereador Luciano Almeida parabenizou o secret\u00e1rio pela condu\u00e7\u00e3o da pasta e destacou desafios estruturais enfrentados pela sa\u00fade municipal, como filas para exames e cirurgias. Ele tamb\u00e9m solicitou melhorias na sede do SAMU e sugeriu estudos para ampliar parcerias com cl\u00ednicas privadas.<\/p>\n<p>\u201cZerar filas \u00e9 uma miss\u00e3o complexa, mas minorar o sofrimento das pessoas \u00e9 poss\u00edvel\u201d, afirmou.<\/p>\n<div class=\"wp-block-image\"><\/div>\n<p>A vereadora Luma Menezes refor\u00e7ou a necessidade de implementa\u00e7\u00e3o de legisla\u00e7\u00f5es j\u00e1 aprovadas no munic\u00edpio, como a cria\u00e7\u00e3o da Farm\u00e1cia Solid\u00e1ria e medidas de transpar\u00eancia sobre a disponibilidade de medicamentos nas unidades de sa\u00fade.<\/p>\n<p>\u201cA popula\u00e7\u00e3o precisa ter acesso \u00e0s informa\u00e7\u00f5es sobre quais medicamentos est\u00e3o dispon\u00edveis e onde podem ser encontrados\u201d, disse.<\/p>\n<div class=\"wp-block-image\"><\/div>\n<p>J\u00e1 o vereador Jos\u00e9 Ed\u00e9sio fez uma reflex\u00e3o sobre o financiamento do Sistema \u00danico de Sa\u00fade (SUS) e os desafios estruturais enfrentados pelo sistema em todo o pa\u00eds.<\/p>\n<p>\u201cO SUS \u00e9 o maior sistema p\u00fablico de sa\u00fade do mundo, mas foi criado sem uma garantia plena de financiamento permanente\u201d, avaliou.<\/p>\n<div class=\"wp-block-image\"><\/div>\n<p><strong>Fotos \u2013 Jh\u00f4 Paz<\/strong><\/p>\n<\/div>\n<\/div>\n<\/div>\n<\/div>\n<div class=\"elementor-column elementor-col-50 elementor-top-column elementor-element elementor-element-263f143b\" data-id=\"263f143b\" data-element_type=\"column\">\n<div class=\"elementor-widget-wrap elementor-element-populated\">\n<div class=\"elementor-element elementor-element-19118fd7 elementor-widget elementor-widget-heading\" data-id=\"19118fd7\" data-element_type=\"widget\" data-widget_type=\"heading.default\">\n<div class=\"elementor-widget-container\"><\/div>\n<\/div>\n<\/div>\n<\/div>\n<div class='share-to-whatsapp-wrapper'><div class='share-on-whsp'>Share on: <\/div><a data-text='Secret\u00e1rio de Sa\u00fade apresenta relat\u00f3rio do 3\u00ba quadrimestre de 2025 na C\u00e2mara Municipal' data-link='https:\/\/newsinfoco.com.br\/inicio\/secretario-de-saude-apresenta-relatorio-do-3o-quadrimestre-de-2025-na-camara-municipal\/' class='whatsapp-button whatsapp-share'>WhatsApp<\/a><div class='clear '><\/div><\/div>","protected":false},"excerpt":{"rendered":"<p>Na manh\u00e3 de ontem (03), o vice-prefeito e secret\u00e1rio municipal de Sa\u00fade, Luciano S\u00e9rgio, apresentou na C\u00e2mara Municipal o 3\u00ba Relat\u00f3rio Detalhado do Quadrimestre da Sa\u00fade de 2025, com indicadores, dados financeiros e o balan\u00e7o do ciclo do Plano Municipal de Sa\u00fade 2022\u20132025. Durante a apresenta\u00e7\u00e3o, o secret\u00e1rio destacou que o munic\u00edpio aplicou 20,65% das [&hellip;]<\/p>\n","protected":false},"author":1,"featured_media":49525,"comment_status":"closed","ping_status":"closed","sticky":false,"template":"","format":"standard","meta":{"om_disable_all_campaigns":false,"_exactmetrics_skip_tracking":false,"_exactmetrics_sitenote_active":false,"_exactmetrics_sitenote_note":"","_exactmetrics_sitenote_category":0,"footnotes":""},"categories":[19],"tags":[],"class_list":["post-49524","post","type-post","status-publish","format-standard","has-post-thumbnail","hentry","category-bahia"],"aioseo_notices":[],"_links":{"self":[{"href":"https:\/\/newsinfoco.com.br\/inicio\/wp-json\/wp\/v2\/posts\/49524","targetHints":{"allow":["GET"]}}],"collection":[{"href":"https:\/\/newsinfoco.com.br\/inicio\/wp-json\/wp\/v2\/posts"}],"about":[{"href":"https:\/\/newsinfoco.com.br\/inicio\/wp-json\/wp\/v2\/types\/post"}],"author":[{"embeddable":true,"href":"https:\/\/newsinfoco.com.br\/inicio\/wp-json\/wp\/v2\/users\/1"}],"replies":[{"embeddable":true,"href":"https:\/\/newsinfoco.com.br\/inicio\/wp-json\/wp\/v2\/comments?post=49524"}],"version-history":[{"count":1,"href":"https:\/\/newsinfoco.com.br\/inicio\/wp-json\/wp\/v2\/posts\/49524\/revisions"}],"predecessor-version":[{"id":49526,"href":"https:\/\/newsinfoco.com.br\/inicio\/wp-json\/wp\/v2\/posts\/49524\/revisions\/49526"}],"wp:featuredmedia":[{"embeddable":true,"href":"https:\/\/newsinfoco.com.br\/inicio\/wp-json\/wp\/v2\/media\/49525"}],"wp:attachment":[{"href":"https:\/\/newsinfoco.com.br\/inicio\/wp-json\/wp\/v2\/media?parent=49524"}],"wp:term":[{"taxonomy":"category","embeddable":true,"href":"https:\/\/newsinfoco.com.br\/inicio\/wp-json\/wp\/v2\/categories?post=49524"},{"taxonomy":"post_tag","embeddable":true,"href":"https:\/\/newsinfoco.com.br\/inicio\/wp-json\/wp\/v2\/tags?post=49524"}],"curies":[{"name":"wp","href":"https:\/\/api.w.org\/{rel}","templated":true}]}}