{"id":49530,"date":"2026-03-06T17:36:53","date_gmt":"2026-03-06T20:36:53","guid":{"rendered":"https:\/\/newsinfoco.com.br\/inicio\/?p=49530"},"modified":"2026-03-06T17:36:53","modified_gmt":"2026-03-06T20:36:53","slug":"alagoinhas-inicia-entrega-de-material-escolar-e-fardamento-para-estudantes-da-rede-municipal","status":"publish","type":"post","link":"https:\/\/newsinfoco.com.br\/inicio\/alagoinhas-inicia-entrega-de-material-escolar-e-fardamento-para-estudantes-da-rede-municipal\/","title":{"rendered":"Alagoinhas inicia entrega de material escolar e fardamento para estudantes da rede municipal"},"content":{"rendered":"<p>A Prefeitura de Alagoinhas iniciou a distribui\u00e7\u00e3o de kits pedag\u00f3gicos e fardamentos escolares para os estudantes da rede municipal de ensino. A a\u00e7\u00e3o ir\u00e1 contemplar mais de 12 mil alunos da Educa\u00e7\u00e3o Infantil, do Ensino Fundamental e da Educa\u00e7\u00e3o de Jovens e Adultos (EJA), refor\u00e7ando o apoio \u00e0s atividades educacionais e garantindo melhores condi\u00e7\u00f5es para o aprendizado no in\u00edcio do ano letivo.<\/p>\n<p>Para os estudantes da Educa\u00e7\u00e3o Infantil, a Prefeitura distribui kits com massinha de modelar, caderno de desenho, agenda, estojo, caderno, l\u00e1pis de cor, cola colorida, caneta hidrocor, tesoura, apontador e classificador. Os alunos do Ensino Fundamental recebem, al\u00e9m do kit pedag\u00f3gico, os m\u00f3dulos do programa Aprendea\u00ea Alagoinhas, nas \u00e1reas de portugu\u00eas e matem\u00e1tica. J\u00e1 o fardamento \u00e9 composto por duas camisas e um short.<\/p><div class=\"newsi-conteudo_19\" id=\"newsi-564330741\"><a href=\"https:\/\/www.instagram.com\/prefeituraalagoinhas?igsh=YzgzdDJ1bWR3aWI4\" aria-label=\"SAVE_20251006_221555\"><img loading=\"lazy\" decoding=\"async\" src=\"https:\/\/newsinfoco.com.br\/inicio\/wp-content\/uploads\/2025\/10\/SAVE_20251006_221555-rotated.jpg\" alt=\"\"  srcset=\"https:\/\/newsinfoco.com.br\/inicio\/wp-content\/uploads\/2025\/10\/SAVE_20251006_221555-rotated.jpg 1140w, https:\/\/newsinfoco.com.br\/inicio\/wp-content\/uploads\/2025\/10\/SAVE_20251006_221555-300x52.jpg 300w, https:\/\/newsinfoco.com.br\/inicio\/wp-content\/uploads\/2025\/10\/SAVE_20251006_221555-1024x177.jpg 1024w, https:\/\/newsinfoco.com.br\/inicio\/wp-content\/uploads\/2025\/10\/SAVE_20251006_221555-768x133.jpg 768w, https:\/\/newsinfoco.com.br\/inicio\/wp-content\/uploads\/2025\/10\/SAVE_20251006_221555-600x104.jpg 600w, https:\/\/newsinfoco.com.br\/inicio\/wp-content\/uploads\/2025\/10\/SAVE_20251006_221555-696x120.jpg 696w, https:\/\/newsinfoco.com.br\/inicio\/wp-content\/uploads\/2025\/10\/SAVE_20251006_221555-1068x185.jpg 1068w\" sizes=\"(max-width: 1140px) 100vw, 1140px\" width=\"1140\" height=\"197\"   \/><\/a><\/div>\n<p>A iniciativa tem como objetivo fortalecer o v\u00ednculo entre escola e fam\u00edlia, contribuir para a autoestima dos estudantes e reduzir os custos das fam\u00edlias com material escolar, destacou a diretora interina da Creche do Santo Ant\u00f4nio, Zuleide Paes Sim\u00f5es. \u201c\u00c9 de suma import\u00e2ncia essa entrega, pois contribui para o aprendizado dos nossos estudantes e faz com que eles se sintam valorizados dentro da institui\u00e7\u00e3o\u201d.<\/p>\n<p>A coordenadora pedag\u00f3gica da Creche do Santo Ant\u00f4nio, Giovana Teresa de Souza Cardoso, enfatizou que os kits representam um importante apoio \u00e0s fam\u00edlias. \u201cMuitas vezes a crian\u00e7a n\u00e3o tem mochila, caderno ou tesoura em casa. Ter um material que \u00e9 dela melhora muito a autoestima\u201d, destacou.<\/p>\n<p>Para a dona de casa Marciella Oliveira, de 31 anos, m\u00e3e de crian\u00e7as matriculadas na Rede Municipal de Ensino, o material facilitar\u00e1 o cotidiano. \u201cQuando soubemos que a Prefeitura ia entregar esse material, ficamos felizes, porque acaba nos ajudando na nossa organiza\u00e7\u00e3o do dia a dia\u201d.<\/p>\n<p>A secret\u00e1ria municipal de Educa\u00e7\u00e3o, Rita Bastos, pontuou que a entrega faz parte do compromisso da gest\u00e3o p\u00fablica com os estudantes. \u201cAo garantirmos o uniforme, fortalecemos a identidade escolar e a seguran\u00e7a dos nossos estudantes. Somado a isso, a entrega dos m\u00f3dulos de Portugu\u00eas e Matem\u00e1tica do programa Aprendea\u00ea Alagoinhas oferece um material estruturado de excel\u00eancia, que \u00e9 o suporte necess\u00e1rio para que professores e estudantes alcancem resultados cada vez melhores. Nosso objetivo \u00e9 oferecer as condi\u00e7\u00f5es reais para um ambiente de aprendizado rico, l\u00fadico e, acima de tudo, de qualidade para todos\u201d, disse a secret\u00e1ria.<\/p>\n<p>&nbsp;<\/p>\n<div class='share-to-whatsapp-wrapper'><div class='share-on-whsp'>Share on: <\/div><a data-text='Alagoinhas inicia entrega de material escolar e fardamento para estudantes da rede municipal' data-link='https:\/\/newsinfoco.com.br\/inicio\/alagoinhas-inicia-entrega-de-material-escolar-e-fardamento-para-estudantes-da-rede-municipal\/' class='whatsapp-button whatsapp-share'>WhatsApp<\/a><div class='clear '><\/div><\/div>","protected":false},"excerpt":{"rendered":"<p>A Prefeitura de Alagoinhas iniciou a distribui\u00e7\u00e3o de kits pedag\u00f3gicos e fardamentos escolares para os estudantes da rede municipal de ensino. A a\u00e7\u00e3o ir\u00e1 contemplar mais de 12 mil alunos da Educa\u00e7\u00e3o Infantil, do Ensino Fundamental e da Educa\u00e7\u00e3o de Jovens e Adultos (EJA), refor\u00e7ando o apoio \u00e0s atividades educacionais e garantindo melhores condi\u00e7\u00f5es para [&hellip;]<\/p>\n","protected":false},"author":1,"featured_media":49531,"comment_status":"closed","ping_status":"closed","sticky":false,"template":"","format":"standard","meta":{"om_disable_all_campaigns":false,"_exactmetrics_skip_tracking":false,"_exactmetrics_sitenote_active":false,"_exactmetrics_sitenote_note":"","_exactmetrics_sitenote_category":0,"footnotes":""},"categories":[38,167],"tags":[],"class_list":["post-49530","post","type-post","status-publish","format-standard","has-post-thumbnail","hentry","category-alagoinhas-e-regiao","category-exclusivas"],"aioseo_notices":[],"_links":{"self":[{"href":"https:\/\/newsinfoco.com.br\/inicio\/wp-json\/wp\/v2\/posts\/49530","targetHints":{"allow":["GET"]}}],"collection":[{"href":"https:\/\/newsinfoco.com.br\/inicio\/wp-json\/wp\/v2\/posts"}],"about":[{"href":"https:\/\/newsinfoco.com.br\/inicio\/wp-json\/wp\/v2\/types\/post"}],"author":[{"embeddable":true,"href":"https:\/\/newsinfoco.com.br\/inicio\/wp-json\/wp\/v2\/users\/1"}],"replies":[{"embeddable":true,"href":"https:\/\/newsinfoco.com.br\/inicio\/wp-json\/wp\/v2\/comments?post=49530"}],"version-history":[{"count":1,"href":"https:\/\/newsinfoco.com.br\/inicio\/wp-json\/wp\/v2\/posts\/49530\/revisions"}],"predecessor-version":[{"id":49532,"href":"https:\/\/newsinfoco.com.br\/inicio\/wp-json\/wp\/v2\/posts\/49530\/revisions\/49532"}],"wp:featuredmedia":[{"embeddable":true,"href":"https:\/\/newsinfoco.com.br\/inicio\/wp-json\/wp\/v2\/media\/49531"}],"wp:attachment":[{"href":"https:\/\/newsinfoco.com.br\/inicio\/wp-json\/wp\/v2\/media?parent=49530"}],"wp:term":[{"taxonomy":"category","embeddable":true,"href":"https:\/\/newsinfoco.com.br\/inicio\/wp-json\/wp\/v2\/categories?post=49530"},{"taxonomy":"post_tag","embeddable":true,"href":"https:\/\/newsinfoco.com.br\/inicio\/wp-json\/wp\/v2\/tags?post=49530"}],"curies":[{"name":"wp","href":"https:\/\/api.w.org\/{rel}","templated":true}]}}