{"id":49533,"date":"2026-03-06T17:46:29","date_gmt":"2026-03-06T20:46:29","guid":{"rendered":"https:\/\/newsinfoco.com.br\/inicio\/?p=49533"},"modified":"2026-03-06T17:46:29","modified_gmt":"2026-03-06T20:46:29","slug":"sedes-apresenta-prestacao-de-contas-do-terceiro-quadrimestre-de-2025-na-camara-municipal","status":"publish","type":"post","link":"https:\/\/newsinfoco.com.br\/inicio\/sedes-apresenta-prestacao-de-contas-do-terceiro-quadrimestre-de-2025-na-camara-municipal\/","title":{"rendered":"SEDES apresenta presta\u00e7\u00e3o de contas do terceiro quadrimestre de 2025 na C\u00e2mara Municipal"},"content":{"rendered":"<div class=\"elementor-column elementor-col-50 elementor-top-column elementor-element elementor-element-166fa74c\" data-id=\"166fa74c\" data-element_type=\"column\">\n<div class=\"elementor-widget-wrap elementor-element-populated\">\n<div class=\"elementor-element elementor-element-8956c80 elementor-widget elementor-widget-theme-post-content\" data-id=\"8956c80\" data-element_type=\"widget\" data-widget_type=\"theme-post-content.default\">\n<div class=\"elementor-widget-container\">\n<p>Na sess\u00e3o realizada ontem (05), a Secretaria de Desenvolvimento Social (SEDES) apresentou na C\u00e2mara Municipal a presta\u00e7\u00e3o de contas referente ao terceiro quadrimestre de 2025, com dados sobre a execu\u00e7\u00e3o da pol\u00edtica de assist\u00eancia social em Alagoinhas.<\/p>\n<p>Representando a secretaria, o diretor administrativo da SEDES, Rildo Souza, destacou o monitoramento das metas previstas e realizadas nos equipamentos da rede socioassistencial, entre eles o CRAS Mangal\u00f4, al\u00e9m da execu\u00e7\u00e3o do Programa Crian\u00e7a Feliz. Segundo a apresenta\u00e7\u00e3o, o munic\u00edpio conta com duas equipes de atendimento, cada uma com capacidade para acompanhar at\u00e9 400 usu\u00e1rios dentro da rede municipal de assist\u00eancia.<\/p><div class=\"newsi-conteudo_19\" id=\"newsi-3137003965\"><a href=\"https:\/\/www.instagram.com\/prefeituraalagoinhas?igsh=YzgzdDJ1bWR3aWI4\" aria-label=\"SAVE_20251006_221555\"><img loading=\"lazy\" decoding=\"async\" src=\"https:\/\/newsinfoco.com.br\/inicio\/wp-content\/uploads\/2025\/10\/SAVE_20251006_221555-rotated.jpg\" alt=\"\"  srcset=\"https:\/\/newsinfoco.com.br\/inicio\/wp-content\/uploads\/2025\/10\/SAVE_20251006_221555-rotated.jpg 1140w, https:\/\/newsinfoco.com.br\/inicio\/wp-content\/uploads\/2025\/10\/SAVE_20251006_221555-300x52.jpg 300w, https:\/\/newsinfoco.com.br\/inicio\/wp-content\/uploads\/2025\/10\/SAVE_20251006_221555-1024x177.jpg 1024w, https:\/\/newsinfoco.com.br\/inicio\/wp-content\/uploads\/2025\/10\/SAVE_20251006_221555-768x133.jpg 768w, https:\/\/newsinfoco.com.br\/inicio\/wp-content\/uploads\/2025\/10\/SAVE_20251006_221555-600x104.jpg 600w, https:\/\/newsinfoco.com.br\/inicio\/wp-content\/uploads\/2025\/10\/SAVE_20251006_221555-696x120.jpg 696w, https:\/\/newsinfoco.com.br\/inicio\/wp-content\/uploads\/2025\/10\/SAVE_20251006_221555-1068x185.jpg 1068w\" sizes=\"(max-width: 1140px) 100vw, 1140px\" width=\"1140\" height=\"197\"   \/><\/a><\/div>\n<p>Durante a explana\u00e7\u00e3o tamb\u00e9m foram apresentados dados sobre o financiamento da assist\u00eancia social, que funciona por meio do cofinanciamento entre Uni\u00e3o, Estado e Munic\u00edpio, com repasses autom\u00e1ticos e regulares entre os fundos das tr\u00eas esferas de governo. A presta\u00e7\u00e3o de contas incluiu ainda informa\u00e7\u00f5es sobre receitas correntes e de capital, despesas correntes e de capital, al\u00e9m das transfer\u00eancias de recursos para Organiza\u00e7\u00f5es da Sociedade Civil e parcerias voltadas \u00e0 amplia\u00e7\u00e3o dos servi\u00e7os socioassistenciais.<\/p>\n<p>Ao abordar a execu\u00e7\u00e3o das pol\u00edticas p\u00fablicas, Rildo destacou que as a\u00e7\u00f5es seguem as diretrizes do Sistema \u00danico de Assist\u00eancia Social (SUAS) e refor\u00e7ou a necessidade de que os programas ofertados contribuam para a transforma\u00e7\u00e3o social das fam\u00edlias atendidas.<\/p>\n<p>\u201cN\u00e3o \u00e9 aceit\u00e1vel oferecer cursos apenas para cumprir uma determina\u00e7\u00e3o do SUAS. Queremos que cada curso e cada a\u00e7\u00e3o desenvolvida contribuam efetivamente para transformar a vida das pessoas\u201d, afirmou.<\/p>\n<p>Ao responder aos questionamentos dos vereadores, o representante da SEDES ressaltou que a secretaria tem buscado di\u00e1logo com a Secretaria de Desenvolvimento Econ\u00f4mico para alinhar cursos e capacita\u00e7\u00f5es \u00e0s demandas reais do mercado de trabalho. Ele defendeu a participa\u00e7\u00e3o das for\u00e7as empresariais do munic\u00edpio nesse processo e afirmou que a gest\u00e3o pretende estruturar forma\u00e7\u00f5es voltadas \u00e0s necessidades do com\u00e9rcio, da ind\u00fastria e do setor de servi\u00e7os.<\/p>\n<p>Rildo tamb\u00e9m tratou de temas como a implanta\u00e7\u00e3o de uma creche na Central de Abastecimento, o atendimento a fam\u00edlias em situa\u00e7\u00e3o de vulnerabilidade, a limita\u00e7\u00e3o legal para concess\u00e3o de cadeiras de rodas pela assist\u00eancia social, a dificuldade t\u00e9cnica para execu\u00e7\u00e3o de reformas habitacionais e a necessidade de sistematizar os dados sobre inclus\u00e3o j\u00e1 existentes no munic\u00edpio. Segundo ele, a secretaria ampliou o atendimento com alugu\u00e9is sociais e trabalha para fortalecer a integra\u00e7\u00e3o entre assist\u00eancia, sa\u00fade, educa\u00e7\u00e3o e desenvolvimento econ\u00f4mico.<\/p>\n<p><strong>Coment\u00e1rios<\/strong><\/p>\n<p>A vereadora Jaldice Nunes parabenizou a apresenta\u00e7\u00e3o e chamou aten\u00e7\u00e3o para a necessidade de aproximar a pol\u00edtica de assist\u00eancia social das estrat\u00e9gias de qualifica\u00e7\u00e3o profissional e gera\u00e7\u00e3o de renda. Segundo ela, \u00e9 preciso que os cursos ofertados dialoguem com as necessidades do mercado e contribuam de forma concreta para retirar as pessoas da condi\u00e7\u00e3o de vulnerabilidade.<\/p>\n<p>\u201c\u00c9 necess\u00e1rio que a SEDES mantenha um di\u00e1logo mais pr\u00f3ximo com as ind\u00fastrias e com o empresariado da nossa cidade. Precisamos compreender diretamente com essas empresas quais conte\u00fados e compet\u00eancias s\u00e3o necess\u00e1rios para a forma\u00e7\u00e3o da nossa m\u00e3o de obra\u201d, declarou.<\/p>\n<div class=\"wp-block-image\"><\/div>\n<p>Jaldice tamb\u00e9m defendeu o fortalecimento do Conselho Tutelar, a cria\u00e7\u00e3o de mecanismos de den\u00fancia para casos de venda de bebidas alco\u00f3licas e drogas a crian\u00e7as e adolescentes, a retomada da proposta de implanta\u00e7\u00e3o de uma creche na Central de Abastecimento e uma melhor compreens\u00e3o sobre o acesso a cadeiras de rodas por meio da rede p\u00fablica.<\/p>\n<p>A vereadora Luma Menezes destacou que mais da metade da popula\u00e7\u00e3o de Alagoinhas se encontra em situa\u00e7\u00e3o de pobreza e afirmou que esse dado refor\u00e7a o papel central da SEDES na execu\u00e7\u00e3o das pol\u00edticas p\u00fablicas do munic\u00edpio. Ela questionou a secretaria sobre a organiza\u00e7\u00e3o para 2026 em rela\u00e7\u00e3o \u00e0 pol\u00edtica de reformas de casas, especialmente ap\u00f3s os impactos provocados pelas chuvas, e voltou a cobrar a implementa\u00e7\u00e3o do Censo de Inclus\u00e3o.<\/p>\n<p>\u201cO Censo de Inclus\u00e3o tem justamente o objetivo de mapear quem s\u00e3o as pessoas com defici\u00eancia no munic\u00edpio e quais s\u00e3o as suas condi\u00e7\u00f5es, permitindo a formula\u00e7\u00e3o de pol\u00edticas p\u00fablicas mais eficientes\u201d, afirmou.<\/p>\n<div class=\"wp-block-image\"><\/div>\n<p>J\u00e1 o vereador Thor de Ninha classificou a apresenta\u00e7\u00e3o como esclarecedora e destacou a dimens\u00e3o da Secretaria de Desenvolvimento Social dentro da estrutura da administra\u00e7\u00e3o p\u00fablica. Ao comentar os dados apresentados, ele chamou aten\u00e7\u00e3o para o n\u00famero de pessoas cadastradas nos programas sociais e para o desafio de reduzir a vulnerabilidade social no munic\u00edpio.<\/p>\n<p>\u201cMuitas vezes ouvimos falar da SEDES sem compreender plenamente a dimens\u00e3o do trabalho realizado pela pasta. A apresenta\u00e7\u00e3o de hoje permitiu compreender com mais clareza a amplitude das a\u00e7\u00f5es desenvolvidas pela secretaria\u201d, afirmou.<\/p>\n<div class=\"wp-block-image\"><\/div>\n<p>Thor tamb\u00e9m ressaltou a trajet\u00f3ria hist\u00f3rica da assist\u00eancia social, desde o modelo assistencialista at\u00e9 a consolida\u00e7\u00e3o do SUAS como pol\u00edtica p\u00fablica estruturada, e relacionou os dados apresentados ao desafio de enfrentar desigualdades sociais profundas, especialmente nas periferias. Segundo ele, a pobreza atinge de forma mais intensa a popula\u00e7\u00e3o negra e, de maneira particular, as mulheres negras, o que refor\u00e7a a necessidade de fortalecimento das pol\u00edticas p\u00fablicas desenvolvidas pela secretaria.<\/p>\n<p>Ao abordar os n\u00fameros apresentados, o vereador chamou aten\u00e7\u00e3o para o contingente de pessoas inscritas no Cadastro \u00danico e para a quantidade de fam\u00edlias que seguem em situa\u00e7\u00e3o de extrema pobreza e baixa renda no munic\u00edpio. Para ele, al\u00e9m de reconhecer os avan\u00e7os, \u00e9 necess\u00e1rio compreender por que parte da popula\u00e7\u00e3o permanece por muitos anos sem conseguir mobilidade social.<\/p>\n<p>\u201cFico satisfeito ao ver que algumas pessoas conseguiram superar a situa\u00e7\u00e3o de vulnerabilidade. No entanto, o que mais me preocupa s\u00e3o aquelas que permanecem nessa condi\u00e7\u00e3o ao longo dos anos\u201d, pontuou.<\/p>\n<p>Thor ainda parabenizou a equipe da SEDES pelo atendimento prestado \u00e0s fam\u00edlias atingidas pelas enchentes, citando a entrega de colch\u00f5es na regi\u00e3o do Mangal\u00f4, e manifestou solidariedade \u00e0s pessoas que perderam bens materiais durante o per\u00edodo chuvoso.<\/p>\n<p>Ao encerrar a apresenta\u00e7\u00e3o, Rildo Souza afirmou que a assist\u00eancia social evoluiu de a\u00e7\u00f5es pontuais para uma pol\u00edtica p\u00fablica estruturada em direitos e refor\u00e7ou que o objetivo da gest\u00e3o \u00e9 reduzir a depend\u00eancia da popula\u00e7\u00e3o em rela\u00e7\u00e3o \u00e0 assist\u00eancia.<\/p>\n<p>\u201cN\u00f3s ainda n\u00e3o somos a sociedade que desejamos, na qual a necessidade da assist\u00eancia social seja m\u00ednima. Tamb\u00e9m n\u00e3o somos ainda aquilo que esperamos nos tornar, mas felizmente, seguimos trabalhando para avan\u00e7ar e estamos em uma situa\u00e7\u00e3o melhor do que no passado\u201d, concluiu.<\/p>\n<p><strong>Para assistir a sess\u00e3o na \u00edntegra, clique abaixo:<\/strong><\/p>\n<figure class=\"wp-block-embed is-type-video is-provider-youtube wp-block-embed-youtube wp-embed-aspect-16-9 wp-has-aspect-ratio\">\n<div class=\"wp-block-embed__wrapper\"><\/div>\n<\/figure>\n<p><strong>com \u2013 C\u00e2mara Municipal de Alagoinhas<\/strong><\/p>\n<p><strong>Fotos \u2013 Jh\u00f4 Paz<\/strong><\/p>\n<\/div>\n<\/div>\n<\/div>\n<\/div>\n<div class=\"elementor-column elementor-col-50 elementor-top-column elementor-element elementor-element-263f143b\" data-id=\"263f143b\" data-element_type=\"column\">\n<div class=\"elementor-widget-wrap elementor-element-populated\">\n<div class=\"elementor-element elementor-element-19118fd7 elementor-widget elementor-widget-heading\" data-id=\"19118fd7\" data-element_type=\"widget\" data-widget_type=\"heading.default\">\n<div class=\"elementor-widget-container\">\n<h2 class=\"elementor-heading-title elementor-size-default\"><\/h2>\n<\/div>\n<\/div>\n<div class=\"elementor-element elementor-element-27eca4f8 ha-gb-stripe ha-gb-row ha-gb-right ha-gb-top ha-has-bg-overlay elementor-widget elementor-widget-jet-listing-grid\" data-id=\"27eca4f8\" data-element_type=\"widget\" data-settings=\"{&quot;columns&quot;:&quot;1&quot;}\" data-widget_type=\"jet-listing-grid.default\">\n<div class=\"elementor-widget-container\">\n<div class=\"jet-listing-grid jet-listing\">\n<div class=\"jet-listing-grid__items grid-col-desk-1 grid-col-tablet-1 grid-col-mobile-1 jet-listing-grid--1532\" data-queried-id=\"23119|WP_Post\" data-nav=\"{&quot;enabled&quot;:false,&quot;type&quot;:null,&quot;more_el&quot;:null,&quot;query&quot;:[],&quot;widget_settings&quot;:{&quot;lisitng_id&quot;:1532,&quot;posts_num&quot;:99,&quot;columns&quot;:1,&quot;columns_tablet&quot;:1,&quot;columns_mobile&quot;:1,&quot;is_archive_template&quot;:&quot;&quot;,&quot;post_status&quot;:[&quot;publish&quot;],&quot;use_random_posts_num&quot;:&quot;&quot;,&quot;max_posts_num&quot;:9,&quot;not_found_message&quot;:&quot;No data was found&quot;,&quot;is_masonry&quot;:false,&quot;equal_columns_height&quot;:&quot;&quot;,&quot;use_load_more&quot;:&quot;&quot;,&quot;load_more_id&quot;:&quot;&quot;,&quot;load_more_type&quot;:&quot;click&quot;,&quot;load_more_offset&quot;:{&quot;unit&quot;:&quot;px&quot;,&quot;size&quot;:0,&quot;sizes&quot;:[]},&quot;use_custom_post_types&quot;:&quot;&quot;,&quot;custom_post_types&quot;:[],&quot;hide_widget_if&quot;:&quot;&quot;,&quot;carousel_enabled&quot;:&quot;&quot;,&quot;slides_to_scroll&quot;:&quot;1&quot;,&quot;arrows&quot;:&quot;true&quot;,&quot;arrow_icon&quot;:&quot;fa fa-angle-left&quot;,&quot;dots&quot;:&quot;&quot;,&quot;autoplay&quot;:&quot;true&quot;,&quot;pause_on_hover&quot;:&quot;true&quot;,&quot;autoplay_speed&quot;:5000,&quot;infinite&quot;:&quot;true&quot;,&quot;center_mode&quot;:&quot;&quot;,&quot;effect&quot;:&quot;slide&quot;,&quot;speed&quot;:500,&quot;inject_alternative_items&quot;:&quot;&quot;,&quot;injection_items&quot;:[],&quot;scroll_slider_enabled&quot;:&quot;&quot;,&quot;scroll_slider_on&quot;:[&quot;desktop&quot;,&quot;tablet&quot;,&quot;mobile&quot;],&quot;custom_query&quot;:false,&quot;custom_query_id&quot;:&quot;&quot;,&quot;_element_id&quot;:&quot;&quot;,&quot;collapse_first_last_gap&quot;:false,&quot;list_items_wrapper_tag&quot;:&quot;div&quot;,&quot;list_item_tag&quot;:&quot;div&quot;,&quot;empty_items_wrapper_tag&quot;:&quot;div&quot;}}\" data-page=\"1\" data-pages=\"1\" data-listing-source=\"posts\" data-listing-id=\"1532\" data-query-id=\"\">\n<div class=\"jet-listing-grid__item jet-listing-dynamic-post-21081\" data-post-id=\"21081\">\n<div class=\"elementor elementor-1532\" data-elementor-type=\"jet-listing-items\" data-elementor-id=\"1532\" data-elementor-settings=\"{&quot;ha_cmc_init_switcher&quot;:&quot;no&quot;}\" data-elementor-post-type=\"jet-engine\">\n<section id=\"cor-texto\" class=\"elementor-section elementor-top-section elementor-element elementor-element-e0660bf elementor-section-boxed elementor-section-height-default elementor-section-height-default\" data-id=\"e0660bf\" data-element_type=\"section\" data-settings=\"{&quot;jet_parallax_layout_list&quot;:[],&quot;_ha_eqh_enable&quot;:false}\">\n<div class=\"elementor-container elementor-column-gap-default\">\n<div class=\"elementor-column elementor-col-100 elementor-top-column elementor-element elementor-element-316a55eb\" data-id=\"316a55eb\" data-element_type=\"column\">\n<div class=\"elementor-widget-wrap elementor-element-populated\">\n<div class=\"elementor-element elementor-element-781833b8 ha-mode--compact ha-direction--right elementor-widget elementor-widget-ha-list-group happy-addon ha-list-group happy-addon-pro\" data-id=\"781833b8\" data-element_type=\"widget\" data-widget_type=\"ha-list-group.default\">\n<div class=\"elementor-widget-container\"><\/div>\n<\/div>\n<\/div>\n<\/div>\n<\/div>\n<\/section>\n<\/div>\n<\/div>\n<div class=\"jet-listing-grid__item jet-listing-dynamic-post-21069\" data-post-id=\"21069\">\n<div class=\"elementor elementor-1532\" data-elementor-type=\"jet-listing-items\" data-elementor-id=\"1532\" data-elementor-settings=\"{&quot;ha_cmc_init_switcher&quot;:&quot;no&quot;}\" data-elementor-post-type=\"jet-engine\">\n<section id=\"cor-texto\" class=\"elementor-section elementor-top-section elementor-element elementor-element-e0660bf elementor-section-boxed elementor-section-height-default elementor-section-height-default\" data-id=\"e0660bf\" data-element_type=\"section\" data-settings=\"{&quot;jet_parallax_layout_list&quot;:[],&quot;_ha_eqh_enable&quot;:false}\">\n<div class=\"elementor-container elementor-column-gap-default\">\n<div class=\"elementor-column elementor-col-100 elementor-top-column elementor-element elementor-element-316a55eb\" data-id=\"316a55eb\" data-element_type=\"column\">\n<div class=\"elementor-widget-wrap elementor-element-populated\">\n<div class=\"elementor-element elementor-element-781833b8 ha-mode--compact ha-direction--right elementor-widget elementor-widget-ha-list-group happy-addon ha-list-group happy-addon-pro\" data-id=\"781833b8\" data-element_type=\"widget\" data-widget_type=\"ha-list-group.default\">\n<div class=\"elementor-widget-container\"><\/div>\n<\/div>\n<\/div>\n<\/div>\n<\/div>\n<\/section>\n<\/div>\n<\/div>\n<div class=\"jet-listing-grid__item jet-listing-dynamic-post-20404\" data-post-id=\"20404\">\n<div class=\"elementor elementor-1532\" data-elementor-type=\"jet-listing-items\" data-elementor-id=\"1532\" data-elementor-settings=\"{&quot;ha_cmc_init_switcher&quot;:&quot;no&quot;}\" data-elementor-post-type=\"jet-engine\">\n<section id=\"cor-texto\" class=\"elementor-section elementor-top-section elementor-element elementor-element-e0660bf elementor-section-boxed elementor-section-height-default elementor-section-height-default\" data-id=\"e0660bf\" data-element_type=\"section\" data-settings=\"{&quot;jet_parallax_layout_list&quot;:[],&quot;_ha_eqh_enable&quot;:false}\">\n<div class=\"elementor-container elementor-column-gap-default\">\n<div class=\"elementor-column elementor-col-100 elementor-top-column elementor-element elementor-element-316a55eb\" data-id=\"316a55eb\" data-element_type=\"column\">\n<div class=\"elementor-widget-wrap elementor-element-populated\">\n<div class=\"elementor-element elementor-element-781833b8 ha-mode--compact ha-direction--right elementor-widget elementor-widget-ha-list-group happy-addon ha-list-group happy-addon-pro\" data-id=\"781833b8\" data-element_type=\"widget\" data-widget_type=\"ha-list-group.default\">\n<div class=\"elementor-widget-container\"><\/div>\n<\/div>\n<\/div>\n<\/div>\n<\/div>\n<\/section>\n<\/div>\n<\/div>\n<\/div>\n<\/div>\n<\/div>\n<\/div>\n<\/div>\n<\/div>\n<div class='share-to-whatsapp-wrapper'><div class='share-on-whsp'>Share on: <\/div><a data-text='SEDES apresenta presta\u00e7\u00e3o de contas do terceiro quadrimestre de 2025 na C\u00e2mara Municipal' data-link='https:\/\/newsinfoco.com.br\/inicio\/sedes-apresenta-prestacao-de-contas-do-terceiro-quadrimestre-de-2025-na-camara-municipal\/' class='whatsapp-button whatsapp-share'>WhatsApp<\/a><div class='clear '><\/div><\/div>","protected":false},"excerpt":{"rendered":"<p>Na sess\u00e3o realizada ontem (05), a Secretaria de Desenvolvimento Social (SEDES) apresentou na C\u00e2mara Municipal a presta\u00e7\u00e3o de contas referente ao terceiro quadrimestre de 2025, com dados sobre a execu\u00e7\u00e3o da pol\u00edtica de assist\u00eancia social em Alagoinhas. Representando a secretaria, o diretor administrativo da SEDES, Rildo Souza, destacou o monitoramento das metas previstas e realizadas [&hellip;]<\/p>\n","protected":false},"author":1,"featured_media":49534,"comment_status":"closed","ping_status":"closed","sticky":false,"template":"","format":"standard","meta":{"om_disable_all_campaigns":false,"_exactmetrics_skip_tracking":false,"_exactmetrics_sitenote_active":false,"_exactmetrics_sitenote_note":"","_exactmetrics_sitenote_category":0,"footnotes":""},"categories":[38,167],"tags":[],"class_list":["post-49533","post","type-post","status-publish","format-standard","has-post-thumbnail","hentry","category-alagoinhas-e-regiao","category-exclusivas"],"aioseo_notices":[],"_links":{"self":[{"href":"https:\/\/newsinfoco.com.br\/inicio\/wp-json\/wp\/v2\/posts\/49533","targetHints":{"allow":["GET"]}}],"collection":[{"href":"https:\/\/newsinfoco.com.br\/inicio\/wp-json\/wp\/v2\/posts"}],"about":[{"href":"https:\/\/newsinfoco.com.br\/inicio\/wp-json\/wp\/v2\/types\/post"}],"author":[{"embeddable":true,"href":"https:\/\/newsinfoco.com.br\/inicio\/wp-json\/wp\/v2\/users\/1"}],"replies":[{"embeddable":true,"href":"https:\/\/newsinfoco.com.br\/inicio\/wp-json\/wp\/v2\/comments?post=49533"}],"version-history":[{"count":1,"href":"https:\/\/newsinfoco.com.br\/inicio\/wp-json\/wp\/v2\/posts\/49533\/revisions"}],"predecessor-version":[{"id":49535,"href":"https:\/\/newsinfoco.com.br\/inicio\/wp-json\/wp\/v2\/posts\/49533\/revisions\/49535"}],"wp:featuredmedia":[{"embeddable":true,"href":"https:\/\/newsinfoco.com.br\/inicio\/wp-json\/wp\/v2\/media\/49534"}],"wp:attachment":[{"href":"https:\/\/newsinfoco.com.br\/inicio\/wp-json\/wp\/v2\/media?parent=49533"}],"wp:term":[{"taxonomy":"category","embeddable":true,"href":"https:\/\/newsinfoco.com.br\/inicio\/wp-json\/wp\/v2\/categories?post=49533"},{"taxonomy":"post_tag","embeddable":true,"href":"https:\/\/newsinfoco.com.br\/inicio\/wp-json\/wp\/v2\/tags?post=49533"}],"curies":[{"name":"wp","href":"https:\/\/api.w.org\/{rel}","templated":true}]}}