{"id":49542,"date":"2026-03-06T18:35:12","date_gmt":"2026-03-06T21:35:12","guid":{"rendered":"https:\/\/newsinfoco.com.br\/inicio\/?p=49542"},"modified":"2026-03-06T18:35:12","modified_gmt":"2026-03-06T21:35:12","slug":"marta-rodrigues-alerta-para-aumento-da-violencia-de-genero-e-cobra-mudancas-estruturais","status":"publish","type":"post","link":"https:\/\/newsinfoco.com.br\/inicio\/marta-rodrigues-alerta-para-aumento-da-violencia-de-genero-e-cobra-mudancas-estruturais\/","title":{"rendered":"Marta Rodrigues alerta para aumento da viol\u00eancia de g\u00eanero e cobra mudan\u00e7as estruturais"},"content":{"rendered":"<div class=\"conteudo_post\">\n<p>A vereadora\u00a0<strong>Marta Rodrigues (PT)<\/strong>\u00a0afirmou nesta sexta-feira (6) que os dados recentes sobre viol\u00eancia de g\u00eanero no Brasil acendem um alerta no momento em que o pa\u00eds marca o M\u00eas da Mulher. Segundo a parlamentar, levantamentos do F\u00f3rum Brasileiro de Seguran\u00e7a P\u00fablica, somados a casos recentes divulgados pela imprensa, mostram que o problema permanece grave apesar de avan\u00e7os institucionais.<\/p>\n<p>\u201cNa mesma semana em que o Brasil se choca com uma adolescente estuprada por quatro homens, numa emboscada que deixou a popula\u00e7\u00e3o horrorizada, os dados confirmam tudo o que estamos vivenciando e o quanto \u00e9 urgente mudar essa sociedade machista e perversa com as mulheres\u201d, afirmou.<\/p><div class=\"newsi-conteudo_19\" id=\"newsi-1336064474\"><a href=\"https:\/\/www.instagram.com\/prefeituraalagoinhas?igsh=YzgzdDJ1bWR3aWI4\" aria-label=\"SAVE_20251006_221555\"><img loading=\"lazy\" decoding=\"async\" src=\"https:\/\/newsinfoco.com.br\/inicio\/wp-content\/uploads\/2025\/10\/SAVE_20251006_221555-rotated.jpg\" alt=\"\"  srcset=\"https:\/\/newsinfoco.com.br\/inicio\/wp-content\/uploads\/2025\/10\/SAVE_20251006_221555-rotated.jpg 1140w, https:\/\/newsinfoco.com.br\/inicio\/wp-content\/uploads\/2025\/10\/SAVE_20251006_221555-300x52.jpg 300w, https:\/\/newsinfoco.com.br\/inicio\/wp-content\/uploads\/2025\/10\/SAVE_20251006_221555-1024x177.jpg 1024w, https:\/\/newsinfoco.com.br\/inicio\/wp-content\/uploads\/2025\/10\/SAVE_20251006_221555-768x133.jpg 768w, https:\/\/newsinfoco.com.br\/inicio\/wp-content\/uploads\/2025\/10\/SAVE_20251006_221555-600x104.jpg 600w, https:\/\/newsinfoco.com.br\/inicio\/wp-content\/uploads\/2025\/10\/SAVE_20251006_221555-696x120.jpg 696w, https:\/\/newsinfoco.com.br\/inicio\/wp-content\/uploads\/2025\/10\/SAVE_20251006_221555-1068x185.jpg 1068w\" sizes=\"(max-width: 1140px) 100vw, 1140px\" width=\"1140\" height=\"197\"   \/><\/a><\/div>\n<p>De acordo com a vereadora, o Brasil registrou\u00a0<strong>1.518 v\u00edtimas de feminic\u00eddio em 2025<\/strong>, o maior n\u00famero desde que o crime passou a ser tipificado no pa\u00eds. O total representa uma m\u00e9dia de cerca de\u00a0<strong>quatro mulheres assassinadas por dia<\/strong>\u00a0em raz\u00e3o do g\u00eanero.<\/p>\n<p><strong>Viol\u00eancia sexual<\/strong><\/p>\n<p>No campo da viol\u00eancia sexual, Marta tamb\u00e9m destacou a dimens\u00e3o do problema. \u201cO Brasil registra mais de 80 mil casos de estupro por ano, o equivalente a centenas de ocorr\u00eancias di\u00e1rias, sendo a maioria das v\u00edtimas meninas e adolescentes. Esses casos precisam provocar n\u00e3o apenas dor, mas uma indigna\u00e7\u00e3o permanente na sociedade\u201d, disse.<\/p>\n<p>A vereadora tamb\u00e9m chamou aten\u00e7\u00e3o para situa\u00e7\u00f5es de viol\u00eancia que muitas vezes s\u00f3 s\u00e3o identificadas por meio da atua\u00e7\u00e3o de escolas e redes de prote\u00e7\u00e3o. Ela citou o caso recente de uma menina de 12 anos que vinha sendo abusada por um homem com mais de 30 anos, situa\u00e7\u00e3o descoberta ap\u00f3s a equipe pedag\u00f3gica de uma escola notar a evas\u00e3o escolar da estudante e acionar o Conselho Tutelar.<\/p>\n<p>\u201cEsse epis\u00f3dio mostra como a educa\u00e7\u00e3o tamb\u00e9m \u00e9 parte fundamental da rede de prote\u00e7\u00e3o. Muitas viol\u00eancias come\u00e7am dentro do ambiente familiar e s\u00f3 s\u00e3o percebidas quando aparecem sinais na escola, como aus\u00eancias frequentes ou mudan\u00e7as de comportamento\u201d, destacou.<\/p>\n<p>Para Marta, o caso refor\u00e7a a necessidade de fortalecer equipes multidisciplinares nas escolas, com pedagogos, psic\u00f3logos e assistentes sociais preparados para identificar sinais de viol\u00eancia e acionar os \u00f3rg\u00e3os respons\u00e1veis.<\/p>\n<p><strong>Avan\u00e7os conquistados<\/strong><\/p>\n<p>Apesar do cen\u00e1rio preocupante, a parlamentar afirmou que tamb\u00e9m \u00e9 preciso reconhecer avan\u00e7os conquistados ao longo das \u00faltimas d\u00e9cadas. \u201cCada avan\u00e7o foi fruto de mobiliza\u00e7\u00e3o. Mar\u00e7o n\u00e3o pode ser apenas um m\u00eas simb\u00f3lico, e essa luta n\u00e3o pode ser lembrada apenas neste per\u00edodo\u201d, disse.<\/p>\n<p>Ela citou marcos importantes da legisla\u00e7\u00e3o brasileira, como o direito ao voto feminino, conquistado em 1932, al\u00e9m de leis como a Maria da Penha e a que tipificou o feminic\u00eddio, bem como a recria\u00e7\u00e3o do Minist\u00e9rio das Mulheres e pol\u00edticas p\u00fablicas voltadas \u00e0 prote\u00e7\u00e3o e ao acolhimento das v\u00edtimas.<\/p>\n<p>Segundo Marta, o aumento no n\u00famero de den\u00fancias tamb\u00e9m pode indicar que mais mulheres est\u00e3o rompendo o sil\u00eancio e buscando apoio institucional. \u201cIsso mostra que pol\u00edticas p\u00fablicas come\u00e7am a criar redes de prote\u00e7\u00e3o, mas n\u00e3o significa que o problema esteja resolvido. Pelo contr\u00e1rio, revela o tamanho do desafio que ainda precisamos enfrentar\u201d, afirmou.<\/p>\n<div>\n<div>\n<div class=\"trv-player-container\">\n<div class=\"trv-wrapper\">\n<div id=\"br_video_player_3a1a83aa65dba3bf1b35ea1f19e1a19dc3c659f9\" class=\"trvd_video_player trvdinstream\">A vereadora tamb\u00e9m ressaltou que a viol\u00eancia de g\u00eanero afeta de forma mais intensa determinados grupos sociais. \u201cO machismo mata, abusa, assedia e humilha, e sabemos que ele atinge com mais for\u00e7a as mulheres negras, que est\u00e3o entre as principais v\u00edtimas da viol\u00eancia no pa\u00eds. Combater essa realidade exige enfrentar desigualdades hist\u00f3ricas\u201d, pontuou.<\/div>\n<\/div>\n<\/div>\n<\/div>\n<\/div>\n<p>Para ela, o enfrentamento da viol\u00eancia contra a mulher exige pol\u00edticas estruturais e permanentes. \u201cA viol\u00eancia contra a mulher est\u00e1 ligada a uma cultura hist\u00f3rica de machismo e a uma estrutura patriarcal que naturalizou a desigualdade. Combater isso exige educa\u00e7\u00e3o, pol\u00edticas p\u00fablicas firmes e puni\u00e7\u00e3o efetiva para os agressores\u201d, concluiu.<\/p>\n<\/div>\n<div id=\"div-share\">Bahia.Ba<\/div>\n<div class='share-to-whatsapp-wrapper'><div class='share-on-whsp'>Share on: <\/div><a data-text='Marta Rodrigues alerta para aumento da viol\u00eancia de g\u00eanero e cobra mudan\u00e7as estruturais' data-link='https:\/\/newsinfoco.com.br\/inicio\/marta-rodrigues-alerta-para-aumento-da-violencia-de-genero-e-cobra-mudancas-estruturais\/' class='whatsapp-button whatsapp-share'>WhatsApp<\/a><div class='clear '><\/div><\/div>","protected":false},"excerpt":{"rendered":"<p>A vereadora\u00a0Marta Rodrigues (PT)\u00a0afirmou nesta sexta-feira (6) que os dados recentes sobre viol\u00eancia de g\u00eanero no Brasil acendem um alerta no momento em que o pa\u00eds marca o M\u00eas da Mulher. Segundo a parlamentar, levantamentos do F\u00f3rum Brasileiro de Seguran\u00e7a P\u00fablica, somados a casos recentes divulgados pela imprensa, mostram que o problema permanece grave apesar [&hellip;]<\/p>\n","protected":false},"author":1,"featured_media":49543,"comment_status":"closed","ping_status":"closed","sticky":false,"template":"","format":"standard","meta":{"om_disable_all_campaigns":false,"_exactmetrics_skip_tracking":false,"_exactmetrics_sitenote_active":false,"_exactmetrics_sitenote_note":"","_exactmetrics_sitenote_category":0,"footnotes":""},"categories":[19],"tags":[],"class_list":["post-49542","post","type-post","status-publish","format-standard","has-post-thumbnail","hentry","category-bahia"],"aioseo_notices":[],"_links":{"self":[{"href":"https:\/\/newsinfoco.com.br\/inicio\/wp-json\/wp\/v2\/posts\/49542","targetHints":{"allow":["GET"]}}],"collection":[{"href":"https:\/\/newsinfoco.com.br\/inicio\/wp-json\/wp\/v2\/posts"}],"about":[{"href":"https:\/\/newsinfoco.com.br\/inicio\/wp-json\/wp\/v2\/types\/post"}],"author":[{"embeddable":true,"href":"https:\/\/newsinfoco.com.br\/inicio\/wp-json\/wp\/v2\/users\/1"}],"replies":[{"embeddable":true,"href":"https:\/\/newsinfoco.com.br\/inicio\/wp-json\/wp\/v2\/comments?post=49542"}],"version-history":[{"count":1,"href":"https:\/\/newsinfoco.com.br\/inicio\/wp-json\/wp\/v2\/posts\/49542\/revisions"}],"predecessor-version":[{"id":49544,"href":"https:\/\/newsinfoco.com.br\/inicio\/wp-json\/wp\/v2\/posts\/49542\/revisions\/49544"}],"wp:featuredmedia":[{"embeddable":true,"href":"https:\/\/newsinfoco.com.br\/inicio\/wp-json\/wp\/v2\/media\/49543"}],"wp:attachment":[{"href":"https:\/\/newsinfoco.com.br\/inicio\/wp-json\/wp\/v2\/media?parent=49542"}],"wp:term":[{"taxonomy":"category","embeddable":true,"href":"https:\/\/newsinfoco.com.br\/inicio\/wp-json\/wp\/v2\/categories?post=49542"},{"taxonomy":"post_tag","embeddable":true,"href":"https:\/\/newsinfoco.com.br\/inicio\/wp-json\/wp\/v2\/tags?post=49542"}],"curies":[{"name":"wp","href":"https:\/\/api.w.org\/{rel}","templated":true}]}}