{"id":49545,"date":"2026-03-06T19:03:09","date_gmt":"2026-03-06T22:03:09","guid":{"rendered":"https:\/\/newsinfoco.com.br\/inicio\/?p=49545"},"modified":"2026-03-06T19:03:09","modified_gmt":"2026-03-06T22:03:09","slug":"alckmin-aponta-haddad-e-tebet-para-disputa-em-sao-paulo","status":"publish","type":"post","link":"https:\/\/newsinfoco.com.br\/inicio\/alckmin-aponta-haddad-e-tebet-para-disputa-em-sao-paulo\/","title":{"rendered":"Alckmin aponta Haddad e Tebet para disputa em S\u00e3o Paulo"},"content":{"rendered":"<div class=\"conteudo_post\">\n<p data-start=\"105\" data-end=\"421\">O vice-presidente da Rep\u00fablica,\u00a0<span class=\"hover:entity-accent entity-underline inline cursor-pointer align-baseline\"><span class=\"whitespace-normal\">Geraldo Alckmin<\/span><\/span>\u00a0(PSB), afirmou nesta sexta-feira (6) que tr\u00eas ministros do governo federal podem disputar as elei\u00e7\u00f5es de 2026 em\u00a0<span class=\"hover:entity-accent entity-underline inline cursor-pointer align-baseline\"><span class=\"whitespace-normal\">S\u00e3o Paulo<\/span><\/span>\u00a0representando o campo pol\u00edtico aliado ao presidente\u00a0<span class=\"hover:entity-accent entity-underline inline cursor-pointer align-baseline\"><span class=\"whitespace-normal\">Luiz In\u00e1cio Lula da Silva<\/span><\/span>\u00a0(PT).<\/p>\n<p data-start=\"423\" data-end=\"736\">Ao comentar poss\u00edveis candidaturas, Alckmin mencionou os ministros\u00a0<span class=\"hover:entity-accent entity-underline inline cursor-pointer align-baseline\"><span class=\"whitespace-normal\">Fernando Haddad<\/span><\/span>\u00a0(Fazenda),\u00a0<span class=\"hover:entity-accent entity-underline inline cursor-pointer align-baseline\"><span class=\"whitespace-normal\">Simone Tebet<\/span><\/span>\u00a0(Planejamento e Or\u00e7amento) e\u00a0<span class=\"hover:entity-accent entity-underline inline cursor-pointer align-baseline\"><span class=\"whitespace-normal\">M\u00e1rcio Fran\u00e7a<\/span><\/span>\u00a0(Empreendedorismo). Segundo ele, os tr\u00eas nomes t\u00eam potencial para disputar cargos no estado.<\/p><div class=\"newsi-conteudo_19\" id=\"newsi-2680132803\"><a href=\"https:\/\/www.instagram.com\/prefeituraalagoinhas?igsh=YzgzdDJ1bWR3aWI4\" aria-label=\"SAVE_20251006_221555\"><img loading=\"lazy\" decoding=\"async\" src=\"https:\/\/newsinfoco.com.br\/inicio\/wp-content\/uploads\/2025\/10\/SAVE_20251006_221555-rotated.jpg\" alt=\"\"  srcset=\"https:\/\/newsinfoco.com.br\/inicio\/wp-content\/uploads\/2025\/10\/SAVE_20251006_221555-rotated.jpg 1140w, https:\/\/newsinfoco.com.br\/inicio\/wp-content\/uploads\/2025\/10\/SAVE_20251006_221555-300x52.jpg 300w, https:\/\/newsinfoco.com.br\/inicio\/wp-content\/uploads\/2025\/10\/SAVE_20251006_221555-1024x177.jpg 1024w, https:\/\/newsinfoco.com.br\/inicio\/wp-content\/uploads\/2025\/10\/SAVE_20251006_221555-768x133.jpg 768w, https:\/\/newsinfoco.com.br\/inicio\/wp-content\/uploads\/2025\/10\/SAVE_20251006_221555-600x104.jpg 600w, https:\/\/newsinfoco.com.br\/inicio\/wp-content\/uploads\/2025\/10\/SAVE_20251006_221555-696x120.jpg 696w, https:\/\/newsinfoco.com.br\/inicio\/wp-content\/uploads\/2025\/10\/SAVE_20251006_221555-1068x185.jpg 1068w\" sizes=\"(max-width: 1140px) 100vw, 1140px\" width=\"1140\" height=\"197\"   \/><\/a><\/div>\n<p data-start=\"738\" data-end=\"933\">\u201cEm S\u00e3o Paulo, j\u00e1 temos o Fernando Haddad, que \u00e9 um \u00f3timo candidato; o M\u00e1rcio Fran\u00e7a, que foi governador e ministro do presidente Lula; a Simone Tebet, que pode ir para S\u00e3o Paulo\u201d, disse Alckmin.<\/p>\n<p data-start=\"935\" data-end=\"1157\">Questionado sobre a possibilidade de concorrer ao Senado por S\u00e3o Paulo, o vice-presidente evitou confirmar qualquer candidatura. Ele tamb\u00e9m n\u00e3o comentou se pretende repetir a chapa com Lula na elei\u00e7\u00e3o presidencial de 2026.<\/p>\n<p data-start=\"1159\" data-end=\"1418\">Durante a agenda em\u00a0<span class=\"hover:entity-accent entity-underline inline cursor-pointer align-baseline\"><span class=\"whitespace-normal\">Colatina<\/span><\/span>, no\u00a0<span class=\"hover:entity-accent entity-underline inline cursor-pointer align-baseline\"><span class=\"whitespace-normal\">Esp\u00edrito Santo<\/span><\/span>, onde participou da inaugura\u00e7\u00e3o de um servi\u00e7o de radioterapia em um hospital, Alckmin afirmou que as defini\u00e7\u00f5es eleitorais ainda ser\u00e3o discutidas mais adiante.<\/p>\n<div>\n<div>\n<div class=\"trv-player-container\">\n<div class=\"trv-wrapper\">\n<div id=\"br_video_player_6249b4fa89fe94e6d65dea1f19e1a19dc3c659f9\" class=\"trvd_video_player trvdinstream\">O vice-presidente voltou a afirmar, no entanto, que deixar\u00e1 o comando do <span class=\"hover:entity-accent entity-underline inline cursor-pointer align-baseline\"><span class=\"whitespace-normal\">Minist\u00e9rio do Desenvolvimento, Ind\u00fastria, Com\u00e9rcio e Servi\u00e7os<\/span><\/span>\u00a0dentro do prazo previsto pela legisla\u00e7\u00e3o eleitoral para ministros que pretendem disputar elei\u00e7\u00f5es.<\/div>\n<\/div>\n<\/div>\n<\/div>\n<\/div>\n<p data-start=\"1631\" data-end=\"1787\" data-is-last-node=\"\" data-is-only-node=\"\">\u201cEssa \u00e9 uma defini\u00e7\u00e3o mais \u00e0 frente, mas quero dizer que estou muito honrado e muito feliz de participar com o presidente Lula ajudando o Brasil\u201d, declarou.<\/p>\n<\/div>\n<div id=\"author-info\" class=\"ui items\">\n<div class=\"item\">Bahia.Ba<\/div>\n<\/div>\n<div class='share-to-whatsapp-wrapper'><div class='share-on-whsp'>Share on: <\/div><a data-text='Alckmin aponta Haddad e Tebet para disputa em S\u00e3o Paulo' data-link='https:\/\/newsinfoco.com.br\/inicio\/alckmin-aponta-haddad-e-tebet-para-disputa-em-sao-paulo\/' class='whatsapp-button whatsapp-share'>WhatsApp<\/a><div class='clear '><\/div><\/div>","protected":false},"excerpt":{"rendered":"<p>O vice-presidente da Rep\u00fablica,\u00a0Geraldo Alckmin\u00a0(PSB), afirmou nesta sexta-feira (6) que tr\u00eas ministros do governo federal podem disputar as elei\u00e7\u00f5es de 2026 em\u00a0S\u00e3o Paulo\u00a0representando o campo pol\u00edtico aliado ao presidente\u00a0Luiz In\u00e1cio Lula da Silva\u00a0(PT). Ao comentar poss\u00edveis candidaturas, Alckmin mencionou os ministros\u00a0Fernando Haddad\u00a0(Fazenda),\u00a0Simone Tebet\u00a0(Planejamento e Or\u00e7amento) e\u00a0M\u00e1rcio Fran\u00e7a\u00a0(Empreendedorismo). Segundo ele, os tr\u00eas nomes t\u00eam potencial para [&hellip;]<\/p>\n","protected":false},"author":1,"featured_media":49546,"comment_status":"closed","ping_status":"closed","sticky":false,"template":"","format":"standard","meta":{"om_disable_all_campaigns":false,"_exactmetrics_skip_tracking":false,"_exactmetrics_sitenote_active":false,"_exactmetrics_sitenote_note":"","_exactmetrics_sitenote_category":0,"footnotes":""},"categories":[21],"tags":[],"class_list":["post-49545","post","type-post","status-publish","format-standard","has-post-thumbnail","hentry","category-brasil"],"aioseo_notices":[],"_links":{"self":[{"href":"https:\/\/newsinfoco.com.br\/inicio\/wp-json\/wp\/v2\/posts\/49545","targetHints":{"allow":["GET"]}}],"collection":[{"href":"https:\/\/newsinfoco.com.br\/inicio\/wp-json\/wp\/v2\/posts"}],"about":[{"href":"https:\/\/newsinfoco.com.br\/inicio\/wp-json\/wp\/v2\/types\/post"}],"author":[{"embeddable":true,"href":"https:\/\/newsinfoco.com.br\/inicio\/wp-json\/wp\/v2\/users\/1"}],"replies":[{"embeddable":true,"href":"https:\/\/newsinfoco.com.br\/inicio\/wp-json\/wp\/v2\/comments?post=49545"}],"version-history":[{"count":1,"href":"https:\/\/newsinfoco.com.br\/inicio\/wp-json\/wp\/v2\/posts\/49545\/revisions"}],"predecessor-version":[{"id":49547,"href":"https:\/\/newsinfoco.com.br\/inicio\/wp-json\/wp\/v2\/posts\/49545\/revisions\/49547"}],"wp:featuredmedia":[{"embeddable":true,"href":"https:\/\/newsinfoco.com.br\/inicio\/wp-json\/wp\/v2\/media\/49546"}],"wp:attachment":[{"href":"https:\/\/newsinfoco.com.br\/inicio\/wp-json\/wp\/v2\/media?parent=49545"}],"wp:term":[{"taxonomy":"category","embeddable":true,"href":"https:\/\/newsinfoco.com.br\/inicio\/wp-json\/wp\/v2\/categories?post=49545"},{"taxonomy":"post_tag","embeddable":true,"href":"https:\/\/newsinfoco.com.br\/inicio\/wp-json\/wp\/v2\/tags?post=49545"}],"curies":[{"name":"wp","href":"https:\/\/api.w.org\/{rel}","templated":true}]}}