{"id":49548,"date":"2026-03-06T19:13:33","date_gmt":"2026-03-06T22:13:33","guid":{"rendered":"https:\/\/newsinfoco.com.br\/inicio\/?p=49548"},"modified":"2026-03-06T19:13:33","modified_gmt":"2026-03-06T22:13:33","slug":"trio-eletrico-e-reconhecido-como-patrimonio-imaterial-de-salvador","status":"publish","type":"post","link":"https:\/\/newsinfoco.com.br\/inicio\/trio-eletrico-e-reconhecido-como-patrimonio-imaterial-de-salvador\/","title":{"rendered":"Trio el\u00e9trico \u00e9 reconhecido como patrim\u00f4nio imaterial de Salvador"},"content":{"rendered":"<div class=\"conteudo_post\">\n<p>O trio el\u00e9trico agora \u00e9 oficialmente Patrim\u00f4nio Imaterial, Cultural e Hist\u00f3rico de Salvador. A lei que garante o reconhecimento foi sancionada pelo prefeito Bruno Reis (Uni\u00e3o Brasil) e publicada no Di\u00e1rio Oficial do Munic\u00edpio (DOM) nesta sexta-feira (6).<\/p>\n<p>O texto da norma destaca a import\u00e2ncia do trio el\u00e9trico para a identidade cultural da capital baiana e formaliza o reconhecimento do equipamento como um dos principais s\u00edmbolos da hist\u00f3ria da cidade.<\/p><div class=\"newsi-conteudo_19\" id=\"newsi-1134962797\"><a href=\"https:\/\/www.instagram.com\/prefeituraalagoinhas?igsh=YzgzdDJ1bWR3aWI4\" aria-label=\"SAVE_20251006_221555\"><img loading=\"lazy\" decoding=\"async\" src=\"https:\/\/newsinfoco.com.br\/inicio\/wp-content\/uploads\/2025\/10\/SAVE_20251006_221555-rotated.jpg\" alt=\"\"  srcset=\"https:\/\/newsinfoco.com.br\/inicio\/wp-content\/uploads\/2025\/10\/SAVE_20251006_221555-rotated.jpg 1140w, https:\/\/newsinfoco.com.br\/inicio\/wp-content\/uploads\/2025\/10\/SAVE_20251006_221555-300x52.jpg 300w, https:\/\/newsinfoco.com.br\/inicio\/wp-content\/uploads\/2025\/10\/SAVE_20251006_221555-1024x177.jpg 1024w, https:\/\/newsinfoco.com.br\/inicio\/wp-content\/uploads\/2025\/10\/SAVE_20251006_221555-768x133.jpg 768w, https:\/\/newsinfoco.com.br\/inicio\/wp-content\/uploads\/2025\/10\/SAVE_20251006_221555-600x104.jpg 600w, https:\/\/newsinfoco.com.br\/inicio\/wp-content\/uploads\/2025\/10\/SAVE_20251006_221555-696x120.jpg 696w, https:\/\/newsinfoco.com.br\/inicio\/wp-content\/uploads\/2025\/10\/SAVE_20251006_221555-1068x185.jpg 1068w\" sizes=\"(max-width: 1140px) 100vw, 1140px\" width=\"1140\" height=\"197\"   \/><\/a><\/div>\n<p>A legisla\u00e7\u00e3o tamb\u00e9m estabelece que o \u00f3rg\u00e3o municipal respons\u00e1vel pela preserva\u00e7\u00e3o do patrim\u00f4nio cultural dever\u00e1 adotar as medidas necess\u00e1rias para assegurar o cumprimento da lei e a valoriza\u00e7\u00e3o do bem cultural.<\/p>\n<p>O documento foi assinado na \u00faltima quarta-feira (4) pelo prefeito e pelos secret\u00e1rios municipais Carlos Felipe Vazquez de Souza Le\u00e3o e Ana Paula Andrade Matos Moreira.<\/p>\n<p>Criado na d\u00e9cada de 1950 pelos m\u00fasicos Dod\u00f4 e Osmar Macedo, o trio el\u00e9trico se tornou um dos maiores \u00edcones do Carnaval de Salvador, atraindo milh\u00f5es de foli\u00f5es todos os anos para as ruas da cidade.<\/p>\n<p>O nome \u201ctrio\u201d surgiu porque, al\u00e9m da dupla criadora, o m\u00fasico Tem\u00edstocles Arag\u00e3o tamb\u00e9m participava das apresenta\u00e7\u00f5es. J\u00e1 o termo \u201cel\u00e9trico\u201d foi adotado devido \u00e0 tentativa de amplificar o som dos instrumentos utilizados.<\/p>\n<div>\n<div>\n<div class=\"trv-player-container\">\n<div class=\"trv-wrapper\">\n<div id=\"br_video_player_0735ec301b2987daad45ea1f19e1a19dc3c659f9\" class=\"trvd_video_player trvdinstream\">\n<div class=\"media-player\">\n<div class=\"trv-video\">\n<div id=\"truvid_ima_container34317\" class=\"truvid_ima_container\">\n<div>\n<div><\/div>\n<\/div>\n<\/div>\n<\/div>\n<\/div>\n<\/div>\n<\/div>\n<\/div>\n<\/div>\n<\/div>\n<p>A primeira apresenta\u00e7\u00e3o aconteceu em um carro aberto conhecido como \u201cfobica\u201d, adaptado com sistema de som e uma estrutura elevada que funcionava como palco. No ano seguinte, os m\u00fasicos passaram a utilizar uma caminhonete para transportar os equipamentos.<\/p>\n<p>Com o passar das d\u00e9cadas, a estrutura evoluiu e, a partir dos anos 1970, os trios passaram a ser montados em caminh\u00f5es, formato que se consolidou e permanece at\u00e9 hoje nos circuitos do Carnaval.<\/p>\n<\/div>\n<div id=\"author-info\" class=\"ui items\">\n<div class=\"item\"><\/div>\n<\/div>\n<div class='share-to-whatsapp-wrapper'><div class='share-on-whsp'>Share on: <\/div><a data-text='Trio el\u00e9trico \u00e9 reconhecido como patrim\u00f4nio imaterial de Salvador' data-link='https:\/\/newsinfoco.com.br\/inicio\/trio-eletrico-e-reconhecido-como-patrimonio-imaterial-de-salvador\/' class='whatsapp-button whatsapp-share'>WhatsApp<\/a><div class='clear '><\/div><\/div>","protected":false},"excerpt":{"rendered":"<p>O trio el\u00e9trico agora \u00e9 oficialmente Patrim\u00f4nio Imaterial, Cultural e Hist\u00f3rico de Salvador. A lei que garante o reconhecimento foi sancionada pelo prefeito Bruno Reis (Uni\u00e3o Brasil) e publicada no Di\u00e1rio Oficial do Munic\u00edpio (DOM) nesta sexta-feira (6). O texto da norma destaca a import\u00e2ncia do trio el\u00e9trico para a identidade cultural da capital baiana [&hellip;]<\/p>\n","protected":false},"author":1,"featured_media":49549,"comment_status":"closed","ping_status":"closed","sticky":false,"template":"","format":"standard","meta":{"om_disable_all_campaigns":false,"_exactmetrics_skip_tracking":false,"_exactmetrics_sitenote_active":false,"_exactmetrics_sitenote_note":"","_exactmetrics_sitenote_category":0,"footnotes":""},"categories":[19],"tags":[],"class_list":["post-49548","post","type-post","status-publish","format-standard","has-post-thumbnail","hentry","category-bahia"],"aioseo_notices":[],"_links":{"self":[{"href":"https:\/\/newsinfoco.com.br\/inicio\/wp-json\/wp\/v2\/posts\/49548","targetHints":{"allow":["GET"]}}],"collection":[{"href":"https:\/\/newsinfoco.com.br\/inicio\/wp-json\/wp\/v2\/posts"}],"about":[{"href":"https:\/\/newsinfoco.com.br\/inicio\/wp-json\/wp\/v2\/types\/post"}],"author":[{"embeddable":true,"href":"https:\/\/newsinfoco.com.br\/inicio\/wp-json\/wp\/v2\/users\/1"}],"replies":[{"embeddable":true,"href":"https:\/\/newsinfoco.com.br\/inicio\/wp-json\/wp\/v2\/comments?post=49548"}],"version-history":[{"count":1,"href":"https:\/\/newsinfoco.com.br\/inicio\/wp-json\/wp\/v2\/posts\/49548\/revisions"}],"predecessor-version":[{"id":49550,"href":"https:\/\/newsinfoco.com.br\/inicio\/wp-json\/wp\/v2\/posts\/49548\/revisions\/49550"}],"wp:featuredmedia":[{"embeddable":true,"href":"https:\/\/newsinfoco.com.br\/inicio\/wp-json\/wp\/v2\/media\/49549"}],"wp:attachment":[{"href":"https:\/\/newsinfoco.com.br\/inicio\/wp-json\/wp\/v2\/media?parent=49548"}],"wp:term":[{"taxonomy":"category","embeddable":true,"href":"https:\/\/newsinfoco.com.br\/inicio\/wp-json\/wp\/v2\/categories?post=49548"},{"taxonomy":"post_tag","embeddable":true,"href":"https:\/\/newsinfoco.com.br\/inicio\/wp-json\/wp\/v2\/tags?post=49548"}],"curies":[{"name":"wp","href":"https:\/\/api.w.org\/{rel}","templated":true}]}}