{"id":49551,"date":"2026-03-06T19:24:01","date_gmt":"2026-03-06T22:24:01","guid":{"rendered":"https:\/\/newsinfoco.com.br\/inicio\/?p=49551"},"modified":"2026-03-06T19:24:01","modified_gmt":"2026-03-06T22:24:01","slug":"flavio-desbanca-lula-e-lidera-ranking-digital-de-presidenciaveis-em-2026-entenda","status":"publish","type":"post","link":"https:\/\/newsinfoco.com.br\/inicio\/flavio-desbanca-lula-e-lidera-ranking-digital-de-presidenciaveis-em-2026-entenda\/","title":{"rendered":"Fl\u00e1vio desbanca Lula e lidera ranking digital de presidenci\u00e1veis em 2026; entenda"},"content":{"rendered":"<div class=\"conteudo_post\">\n<p data-start=\"78\" data-end=\"303\">O senador<strong>\u00a0Fl\u00e1vio Bolsonaro (PL-RJ)<\/strong>\u00a0lidera, nos dois primeiros meses de 2026, o\u00a0<strong>\u00cdndice Datrix de Presidenci\u00e1veis (IDP<\/strong>), ranking que mede a performance digital de nomes cotados para disputar a\u00a0<strong>Presid\u00eancia da Rep\u00fablica<\/strong>.<\/p>\n<p data-start=\"305\" data-end=\"513\">Na lista de fevereiro, os governadores\u00a0<strong>Ronaldo Caiado (PSD-GO) e Ratinho Jr. (PSD-PR)<\/strong>\u00a0aparecem em segundo e terceiro lugar, respectivamente. O\u00a0<strong>presidente Luiz In\u00e1cio Lula da Silva (PT) ocupa a quarta posi\u00e7\u00e3o<\/strong>.<\/p><div class=\"newsi-conteudo_19\" id=\"newsi-3469376761\"><a href=\"https:\/\/www.instagram.com\/prefeituraalagoinhas?igsh=YzgzdDJ1bWR3aWI4\" aria-label=\"SAVE_20251006_221555\"><img loading=\"lazy\" decoding=\"async\" src=\"https:\/\/newsinfoco.com.br\/inicio\/wp-content\/uploads\/2025\/10\/SAVE_20251006_221555-rotated.jpg\" alt=\"\"  srcset=\"https:\/\/newsinfoco.com.br\/inicio\/wp-content\/uploads\/2025\/10\/SAVE_20251006_221555-rotated.jpg 1140w, https:\/\/newsinfoco.com.br\/inicio\/wp-content\/uploads\/2025\/10\/SAVE_20251006_221555-300x52.jpg 300w, https:\/\/newsinfoco.com.br\/inicio\/wp-content\/uploads\/2025\/10\/SAVE_20251006_221555-1024x177.jpg 1024w, https:\/\/newsinfoco.com.br\/inicio\/wp-content\/uploads\/2025\/10\/SAVE_20251006_221555-768x133.jpg 768w, https:\/\/newsinfoco.com.br\/inicio\/wp-content\/uploads\/2025\/10\/SAVE_20251006_221555-600x104.jpg 600w, https:\/\/newsinfoco.com.br\/inicio\/wp-content\/uploads\/2025\/10\/SAVE_20251006_221555-696x120.jpg 696w, https:\/\/newsinfoco.com.br\/inicio\/wp-content\/uploads\/2025\/10\/SAVE_20251006_221555-1068x185.jpg 1068w\" sizes=\"(max-width: 1140px) 100vw, 1140px\" width=\"1140\" height=\"197\"   \/><\/a><\/div>\n<p data-start=\"515\" data-end=\"799\">O levantamento utiliza intelig\u00eancia artificial para monitorar men\u00e7\u00f5es nas redes sociais dos pr\u00f3prios pol\u00edticos e no chamado \u201cmar aberto\u201d, formado por influenciadores, jornalistas e outros atores pol\u00edticos. A pontua\u00e7\u00e3o varia de -100 a 100, considerando volume e qualidade das cita\u00e7\u00f5es.<\/p>\n<p data-start=\"801\" data-end=\"949\">Em fevereiro, Fl\u00e1vio Bolsonaro marcou 37,14 pontos e manteve a lideran\u00e7a que havia alcan\u00e7ado em dezembro de 2025, quando anunciou a pr\u00e9-candidatura.<\/p>\n<p data-start=\"951\" data-end=\"1303\">Segundo o CEO da Datrix, Jo\u00e3o Paulo Castro, o desempenho do senador tem sido impulsionado pelo crescimento de men\u00e7\u00f5es fora das pr\u00f3prias redes. \u201cFl\u00e1vio tem demonstrado ter conseguido canalizar para si a heran\u00e7a do capital pol\u00edtico do pai, tanto ao conseguir bom desempenho nas pr\u00f3prias redes, mas principalmente pelo crescimento no mar aberto\u201d, afirmou.<\/p>\n<div>\n<div>\n<div class=\"trv-player-container\">\n<div class=\"trv-wrapper\">\n<div id=\"br_video_player_7a0a3c6148108c9c6442ea1f19e1a19dc3c659f9\" class=\"trvd_video_player trvdinstream\">\n<div class=\"media-player\">\n<div class=\"trv-video\">\n<div id=\"truvid_ima_container5817\" class=\"truvid_ima_container\">\n<div>\n<div><\/div>\n<\/div>\n<\/div>\n<\/div>\n<\/div>\n<\/div>\n<\/div>\n<\/div>\n<\/div>\n<\/div>\n<p data-start=\"1305\" data-end=\"1565\">J\u00e1 Lula registrou 25,66 pontos. De acordo com Castro, o presidente mant\u00e9m forte engajamento nas redes pr\u00f3prias, mas enfrenta mais cr\u00edticas fora de sua base. \u201cLula mant\u00e9m for\u00e7a na pr\u00f3pria bolha, mas segue em tend\u00eancia de queda de popularidade nas redes\u201d, disse.<\/p>\n<p data-start=\"1567\" data-end=\"1724\" data-is-last-node=\"\" data-is-only-node=\"\">O ranking ainda inclui o governador do Rio Grande do Sul, Eduardo Leite (PSDB), em quinto lugar, e o governador de Minas Gerais, Romeu Zema (Novo), em sexto.<\/p>\n<\/div>\n<div class=\"item\"><\/div>\n<div>Bahia.Ba<\/div>\n<div class='share-to-whatsapp-wrapper'><div class='share-on-whsp'>Share on: <\/div><a data-text='Fl\u00e1vio desbanca Lula e lidera ranking digital de presidenci\u00e1veis em 2026; entenda' data-link='https:\/\/newsinfoco.com.br\/inicio\/flavio-desbanca-lula-e-lidera-ranking-digital-de-presidenciaveis-em-2026-entenda\/' class='whatsapp-button whatsapp-share'>WhatsApp<\/a><div class='clear '><\/div><\/div>","protected":false},"excerpt":{"rendered":"<p>O senador\u00a0Fl\u00e1vio Bolsonaro (PL-RJ)\u00a0lidera, nos dois primeiros meses de 2026, o\u00a0\u00cdndice Datrix de Presidenci\u00e1veis (IDP), ranking que mede a performance digital de nomes cotados para disputar a\u00a0Presid\u00eancia da Rep\u00fablica. Na lista de fevereiro, os governadores\u00a0Ronaldo Caiado (PSD-GO) e Ratinho Jr. (PSD-PR)\u00a0aparecem em segundo e terceiro lugar, respectivamente. O\u00a0presidente Luiz In\u00e1cio Lula da Silva (PT) ocupa [&hellip;]<\/p>\n","protected":false},"author":1,"featured_media":49552,"comment_status":"closed","ping_status":"closed","sticky":false,"template":"","format":"standard","meta":{"om_disable_all_campaigns":false,"_exactmetrics_skip_tracking":false,"_exactmetrics_sitenote_active":false,"_exactmetrics_sitenote_note":"","_exactmetrics_sitenote_category":0,"footnotes":""},"categories":[21],"tags":[],"class_list":["post-49551","post","type-post","status-publish","format-standard","has-post-thumbnail","hentry","category-brasil"],"aioseo_notices":[],"_links":{"self":[{"href":"https:\/\/newsinfoco.com.br\/inicio\/wp-json\/wp\/v2\/posts\/49551","targetHints":{"allow":["GET"]}}],"collection":[{"href":"https:\/\/newsinfoco.com.br\/inicio\/wp-json\/wp\/v2\/posts"}],"about":[{"href":"https:\/\/newsinfoco.com.br\/inicio\/wp-json\/wp\/v2\/types\/post"}],"author":[{"embeddable":true,"href":"https:\/\/newsinfoco.com.br\/inicio\/wp-json\/wp\/v2\/users\/1"}],"replies":[{"embeddable":true,"href":"https:\/\/newsinfoco.com.br\/inicio\/wp-json\/wp\/v2\/comments?post=49551"}],"version-history":[{"count":1,"href":"https:\/\/newsinfoco.com.br\/inicio\/wp-json\/wp\/v2\/posts\/49551\/revisions"}],"predecessor-version":[{"id":49553,"href":"https:\/\/newsinfoco.com.br\/inicio\/wp-json\/wp\/v2\/posts\/49551\/revisions\/49553"}],"wp:featuredmedia":[{"embeddable":true,"href":"https:\/\/newsinfoco.com.br\/inicio\/wp-json\/wp\/v2\/media\/49552"}],"wp:attachment":[{"href":"https:\/\/newsinfoco.com.br\/inicio\/wp-json\/wp\/v2\/media?parent=49551"}],"wp:term":[{"taxonomy":"category","embeddable":true,"href":"https:\/\/newsinfoco.com.br\/inicio\/wp-json\/wp\/v2\/categories?post=49551"},{"taxonomy":"post_tag","embeddable":true,"href":"https:\/\/newsinfoco.com.br\/inicio\/wp-json\/wp\/v2\/tags?post=49551"}],"curies":[{"name":"wp","href":"https:\/\/api.w.org\/{rel}","templated":true}]}}