{"id":49554,"date":"2026-03-06T19:33:07","date_gmt":"2026-03-06T22:33:07","guid":{"rendered":"https:\/\/newsinfoco.com.br\/inicio\/?p=49554"},"modified":"2026-03-06T19:33:07","modified_gmt":"2026-03-06T22:33:07","slug":"onibus-escolar-pega-fogo-em-barrocas-e-alunos-escapam-sem-ferimentos","status":"publish","type":"post","link":"https:\/\/newsinfoco.com.br\/inicio\/onibus-escolar-pega-fogo-em-barrocas-e-alunos-escapam-sem-ferimentos\/","title":{"rendered":"\u00d4nibus escolar pega fogo em Barrocas e alunos escapam sem ferimentos"},"content":{"rendered":"<div class=\"conteudo_post\">\n<p data-start=\"80\" data-end=\"306\">Um \u00f4nibus escolar pegou fogo na manh\u00e3 desta sexta-feira (6) na zona rural de Barrocas, no interior da Bahia. As crian\u00e7as que estavam no ve\u00edculo conseguiram sair a tempo com a ajuda do motorista e ningu\u00e9m ficou ferido.<\/p>\n<div>\n<div>\n<div class=\"trv-player-container\">\n<div class=\"trv-wrapper\">\n<div id=\"br_video_player_4bf767e6ab6ba6b7f8d8ea1f19e1a19dc3c659f9\" class=\"trvd_video_player trvdinstream\">O caso ocorreu no povoado de Alecrim, enquanto o \u00f4nibus transportava estudantes para a escola. Segundo apurou a TV Suba\u00e9, o inc\u00eandio teria come\u00e7ado ap\u00f3s uma pane el\u00e9trica.<\/div>\n<\/div>\n<\/div>\n<\/div>\n<\/div>\n<p data-start=\"481\" data-end=\"710\" data-is-last-node=\"\" data-is-only-node=\"\">Equipes do Corpo de Bombeiros foram acionadas e conseguiram controlar as chamas, mas o ve\u00edculo ficou destru\u00eddo. A Prefeitura de Barrocas informou que o \u00f4nibus era relativamente novo e que as causas do inc\u00eandio ser\u00e3o investigadas.<\/p><div class=\"newsi-conteudo_19\" id=\"newsi-2576457795\"><a href=\"https:\/\/www.instagram.com\/prefeituraalagoinhas?igsh=YzgzdDJ1bWR3aWI4\" aria-label=\"SAVE_20251006_221555\"><img loading=\"lazy\" decoding=\"async\" src=\"https:\/\/newsinfoco.com.br\/inicio\/wp-content\/uploads\/2025\/10\/SAVE_20251006_221555-rotated.jpg\" alt=\"\"  srcset=\"https:\/\/newsinfoco.com.br\/inicio\/wp-content\/uploads\/2025\/10\/SAVE_20251006_221555-rotated.jpg 1140w, https:\/\/newsinfoco.com.br\/inicio\/wp-content\/uploads\/2025\/10\/SAVE_20251006_221555-300x52.jpg 300w, https:\/\/newsinfoco.com.br\/inicio\/wp-content\/uploads\/2025\/10\/SAVE_20251006_221555-1024x177.jpg 1024w, https:\/\/newsinfoco.com.br\/inicio\/wp-content\/uploads\/2025\/10\/SAVE_20251006_221555-768x133.jpg 768w, https:\/\/newsinfoco.com.br\/inicio\/wp-content\/uploads\/2025\/10\/SAVE_20251006_221555-600x104.jpg 600w, https:\/\/newsinfoco.com.br\/inicio\/wp-content\/uploads\/2025\/10\/SAVE_20251006_221555-696x120.jpg 696w, https:\/\/newsinfoco.com.br\/inicio\/wp-content\/uploads\/2025\/10\/SAVE_20251006_221555-1068x185.jpg 1068w\" sizes=\"(max-width: 1140px) 100vw, 1140px\" width=\"1140\" height=\"197\"   \/><\/a><\/div>\n<\/div>\n<div id=\"div-share\">Bahia.Ba<\/div>\n<div class='share-to-whatsapp-wrapper'><div class='share-on-whsp'>Share on: <\/div><a data-text='\u00d4nibus escolar pega fogo em Barrocas e alunos escapam sem ferimentos' data-link='https:\/\/newsinfoco.com.br\/inicio\/onibus-escolar-pega-fogo-em-barrocas-e-alunos-escapam-sem-ferimentos\/' class='whatsapp-button whatsapp-share'>WhatsApp<\/a><div class='clear '><\/div><\/div>","protected":false},"excerpt":{"rendered":"<p>Um \u00f4nibus escolar pegou fogo na manh\u00e3 desta sexta-feira (6) na zona rural de Barrocas, no interior da Bahia. As crian\u00e7as que estavam no ve\u00edculo conseguiram sair a tempo com a ajuda do motorista e ningu\u00e9m ficou ferido. O caso ocorreu no povoado de Alecrim, enquanto o \u00f4nibus transportava estudantes para a escola. Segundo apurou [&hellip;]<\/p>\n","protected":false},"author":1,"featured_media":49555,"comment_status":"closed","ping_status":"closed","sticky":false,"template":"","format":"standard","meta":{"om_disable_all_campaigns":false,"_exactmetrics_skip_tracking":false,"_exactmetrics_sitenote_active":false,"_exactmetrics_sitenote_note":"","_exactmetrics_sitenote_category":0,"footnotes":""},"categories":[19],"tags":[],"class_list":["post-49554","post","type-post","status-publish","format-standard","has-post-thumbnail","hentry","category-bahia"],"aioseo_notices":[],"_links":{"self":[{"href":"https:\/\/newsinfoco.com.br\/inicio\/wp-json\/wp\/v2\/posts\/49554","targetHints":{"allow":["GET"]}}],"collection":[{"href":"https:\/\/newsinfoco.com.br\/inicio\/wp-json\/wp\/v2\/posts"}],"about":[{"href":"https:\/\/newsinfoco.com.br\/inicio\/wp-json\/wp\/v2\/types\/post"}],"author":[{"embeddable":true,"href":"https:\/\/newsinfoco.com.br\/inicio\/wp-json\/wp\/v2\/users\/1"}],"replies":[{"embeddable":true,"href":"https:\/\/newsinfoco.com.br\/inicio\/wp-json\/wp\/v2\/comments?post=49554"}],"version-history":[{"count":1,"href":"https:\/\/newsinfoco.com.br\/inicio\/wp-json\/wp\/v2\/posts\/49554\/revisions"}],"predecessor-version":[{"id":49556,"href":"https:\/\/newsinfoco.com.br\/inicio\/wp-json\/wp\/v2\/posts\/49554\/revisions\/49556"}],"wp:featuredmedia":[{"embeddable":true,"href":"https:\/\/newsinfoco.com.br\/inicio\/wp-json\/wp\/v2\/media\/49555"}],"wp:attachment":[{"href":"https:\/\/newsinfoco.com.br\/inicio\/wp-json\/wp\/v2\/media?parent=49554"}],"wp:term":[{"taxonomy":"category","embeddable":true,"href":"https:\/\/newsinfoco.com.br\/inicio\/wp-json\/wp\/v2\/categories?post=49554"},{"taxonomy":"post_tag","embeddable":true,"href":"https:\/\/newsinfoco.com.br\/inicio\/wp-json\/wp\/v2\/tags?post=49554"}],"curies":[{"name":"wp","href":"https:\/\/api.w.org\/{rel}","templated":true}]}}