{"id":49558,"date":"2026-03-06T19:42:27","date_gmt":"2026-03-06T22:42:27","guid":{"rendered":"https:\/\/newsinfoco.com.br\/inicio\/?p=49558"},"modified":"2026-03-06T19:42:27","modified_gmt":"2026-03-06T22:42:27","slug":"erika-hilton-propoe-barrar-aposentadoria-de-juizes-por-violencia-de-genero","status":"publish","type":"post","link":"https:\/\/newsinfoco.com.br\/inicio\/erika-hilton-propoe-barrar-aposentadoria-de-juizes-por-violencia-de-genero\/","title":{"rendered":"Erika Hilton prop\u00f5e barrar aposentadoria de ju\u00edzes por viol\u00eancia de g\u00eanero"},"content":{"rendered":"<div class=\"conteudo_post\">\n<p data-start=\"129\" data-end=\"432\">A deputada federal\u00a0<span class=\"hover:entity-accent entity-underline inline cursor-pointer align-baseline\"><span class=\"whitespace-normal\">Erika Hilton<\/span><\/span>\u00a0(Psol) iniciou, na C\u00e2mara dos Deputados, a coleta de assinaturas para uma Proposta de Emenda \u00e0 Constitui\u00e7\u00e3o (PEC) que pretende acabar com o direito \u00e0 aposentadoria compuls\u00f3ria de magistrados condenados por qualquer tipo de viol\u00eancia de g\u00eanero.<\/p>\n<p data-start=\"434\" data-end=\"649\">A iniciativa surgiu ap\u00f3s uma decis\u00e3o do\u00a0<span class=\"hover:entity-accent entity-underline inline cursor-pointer align-baseline\"><span class=\"whitespace-normal\">Tribunal de Justi\u00e7a de Minas Gerais<\/span><\/span>\u00a0(TJMG), que em fevereiro autorizou o casamento de um homem de 35 anos com uma adolescente de 12. O caso gerou forte repercuss\u00e3o nacional.<\/p><div class=\"newsi-conteudo_19\" id=\"newsi-2836235271\"><a href=\"https:\/\/www.instagram.com\/prefeituraalagoinhas?igsh=YzgzdDJ1bWR3aWI4\" aria-label=\"SAVE_20251006_221555\"><img loading=\"lazy\" decoding=\"async\" src=\"https:\/\/newsinfoco.com.br\/inicio\/wp-content\/uploads\/2025\/10\/SAVE_20251006_221555-rotated.jpg\" alt=\"\"  srcset=\"https:\/\/newsinfoco.com.br\/inicio\/wp-content\/uploads\/2025\/10\/SAVE_20251006_221555-rotated.jpg 1140w, https:\/\/newsinfoco.com.br\/inicio\/wp-content\/uploads\/2025\/10\/SAVE_20251006_221555-300x52.jpg 300w, https:\/\/newsinfoco.com.br\/inicio\/wp-content\/uploads\/2025\/10\/SAVE_20251006_221555-1024x177.jpg 1024w, https:\/\/newsinfoco.com.br\/inicio\/wp-content\/uploads\/2025\/10\/SAVE_20251006_221555-768x133.jpg 768w, https:\/\/newsinfoco.com.br\/inicio\/wp-content\/uploads\/2025\/10\/SAVE_20251006_221555-600x104.jpg 600w, https:\/\/newsinfoco.com.br\/inicio\/wp-content\/uploads\/2025\/10\/SAVE_20251006_221555-696x120.jpg 696w, https:\/\/newsinfoco.com.br\/inicio\/wp-content\/uploads\/2025\/10\/SAVE_20251006_221555-1068x185.jpg 1068w\" sizes=\"(max-width: 1140px) 100vw, 1140px\" width=\"1140\" height=\"197\"   \/><\/a><\/div>\n<p data-start=\"651\" data-end=\"960\">A proposta apresentada pela parlamentar estabelece que decis\u00f5es administrativas disciplinares do\u00a0<span class=\"hover:entity-accent entity-underline inline cursor-pointer align-baseline\"><span class=\"whitespace-normal\">Conselho Nacional de Justi\u00e7a<\/span><\/span>\u00a0(CNJ) n\u00e3o poder\u00e3o aplicar aposentadoria compuls\u00f3ria quando a infra\u00e7\u00e3o envolver viol\u00eancia contra mulheres, crian\u00e7as ou adolescentes, ou ainda crimes contra a dignidade sexual.<\/p>\n<p data-start=\"962\" data-end=\"1268\">Para Erika Hilton, a medida atual representa uma distor\u00e7\u00e3o no sistema disciplinar. Segundo ela, a aposentadoria compuls\u00f3ria nesses casos \u201cconfigura nesses casos \u2018uma verdadeira premia\u00e7\u00e3o de condutas lesivas \u00e0 dignidade sexual das v\u00edtimas e cumplicidade do Estado brasileiro com a viol\u00eancia de g\u00eanero&#8217;\u201d.<\/p>\n<p data-start=\"1270\" data-end=\"1600\">A deputada tamb\u00e9m defendeu que a penalidade correta para magistrados envolvidos nesse tipo de situa\u00e7\u00e3o deve ser a demiss\u00e3o. No entendimento dela, \u201ca demiss\u00e3o deveria ser a puni\u00e7\u00e3o para o magistrado que pratica qualquer tipo de viol\u00eancia contra as mulheres e crian\u00e7as, seja no \u00e2mbito do servi\u00e7o p\u00fablico ou de sua vida privada\u201d.<\/p>\n<div>\n<div>\n<div class=\"trv-player-container\">\n<div class=\"trv-wrapper\">\n<div id=\"br_video_player_b0e7500cb621ad99aa24ea1f19e1a19dc3c659f9\" class=\"trvd_video_player trvdinstream\">A parlamentar mencionou diretamente o caso do desembargador <span class=\"hover:entity-accent entity-underline inline cursor-pointer align-baseline\"><span class=\"whitespace-normal\">Magid L\u00e1uar<\/span><\/span>, relator do processo no TJMG que afastou a condena\u00e7\u00e3o por estupro de vulner\u00e1vel contra o homem que se casou com a adolescente. Segundo Hilton, a decis\u00e3o s\u00f3 foi revista ap\u00f3s a ampla repercuss\u00e3o p\u00fablica do epis\u00f3dio, que levou \u00e0 press\u00e3o social pela atua\u00e7\u00e3o do CNJ.<\/div>\n<\/div>\n<\/div>\n<\/div>\n<\/div>\n<p data-start=\"1963\" data-end=\"2308\">\u201cEsse caso aponta que h\u00e1 espa\u00e7o normativo e institucional para que servidores da justi\u00e7a deturpem o sistema de prote\u00e7\u00e3o \u00e0s v\u00edtimas de viol\u00eancia sexual e atuem como protetores de criminosos, numa especie de blindagem corporativa de suas pr\u00f3prias condutas criminosas contra a dignidade de meninas e mulheres v\u00edtimas de crimes sexuais\u201d, argumentou.<\/p>\n<\/div>\n<div id=\"author-info\" class=\"ui items\">\n<div class=\"item\">Bahia,Ba<\/div>\n<\/div>\n<div class='share-to-whatsapp-wrapper'><div class='share-on-whsp'>Share on: <\/div><a data-text='Erika Hilton prop\u00f5e barrar aposentadoria de ju\u00edzes por viol\u00eancia de g\u00eanero' data-link='https:\/\/newsinfoco.com.br\/inicio\/erika-hilton-propoe-barrar-aposentadoria-de-juizes-por-violencia-de-genero\/' class='whatsapp-button whatsapp-share'>WhatsApp<\/a><div class='clear '><\/div><\/div>","protected":false},"excerpt":{"rendered":"<p>A deputada federal\u00a0Erika Hilton\u00a0(Psol) iniciou, na C\u00e2mara dos Deputados, a coleta de assinaturas para uma Proposta de Emenda \u00e0 Constitui\u00e7\u00e3o (PEC) que pretende acabar com o direito \u00e0 aposentadoria compuls\u00f3ria de magistrados condenados por qualquer tipo de viol\u00eancia de g\u00eanero. A iniciativa surgiu ap\u00f3s uma decis\u00e3o do\u00a0Tribunal de Justi\u00e7a de Minas Gerais\u00a0(TJMG), que em fevereiro [&hellip;]<\/p>\n","protected":false},"author":1,"featured_media":49559,"comment_status":"closed","ping_status":"closed","sticky":false,"template":"","format":"standard","meta":{"om_disable_all_campaigns":false,"_exactmetrics_skip_tracking":false,"_exactmetrics_sitenote_active":false,"_exactmetrics_sitenote_note":"","_exactmetrics_sitenote_category":0,"footnotes":""},"categories":[21],"tags":[],"class_list":["post-49558","post","type-post","status-publish","format-standard","has-post-thumbnail","hentry","category-brasil"],"aioseo_notices":[],"_links":{"self":[{"href":"https:\/\/newsinfoco.com.br\/inicio\/wp-json\/wp\/v2\/posts\/49558","targetHints":{"allow":["GET"]}}],"collection":[{"href":"https:\/\/newsinfoco.com.br\/inicio\/wp-json\/wp\/v2\/posts"}],"about":[{"href":"https:\/\/newsinfoco.com.br\/inicio\/wp-json\/wp\/v2\/types\/post"}],"author":[{"embeddable":true,"href":"https:\/\/newsinfoco.com.br\/inicio\/wp-json\/wp\/v2\/users\/1"}],"replies":[{"embeddable":true,"href":"https:\/\/newsinfoco.com.br\/inicio\/wp-json\/wp\/v2\/comments?post=49558"}],"version-history":[{"count":1,"href":"https:\/\/newsinfoco.com.br\/inicio\/wp-json\/wp\/v2\/posts\/49558\/revisions"}],"predecessor-version":[{"id":49560,"href":"https:\/\/newsinfoco.com.br\/inicio\/wp-json\/wp\/v2\/posts\/49558\/revisions\/49560"}],"wp:featuredmedia":[{"embeddable":true,"href":"https:\/\/newsinfoco.com.br\/inicio\/wp-json\/wp\/v2\/media\/49559"}],"wp:attachment":[{"href":"https:\/\/newsinfoco.com.br\/inicio\/wp-json\/wp\/v2\/media?parent=49558"}],"wp:term":[{"taxonomy":"category","embeddable":true,"href":"https:\/\/newsinfoco.com.br\/inicio\/wp-json\/wp\/v2\/categories?post=49558"},{"taxonomy":"post_tag","embeddable":true,"href":"https:\/\/newsinfoco.com.br\/inicio\/wp-json\/wp\/v2\/tags?post=49558"}],"curies":[{"name":"wp","href":"https:\/\/api.w.org\/{rel}","templated":true}]}}