{"id":49561,"date":"2026-03-06T19:49:19","date_gmt":"2026-03-06T22:49:19","guid":{"rendered":"https:\/\/newsinfoco.com.br\/inicio\/?p=49561"},"modified":"2026-03-06T19:49:19","modified_gmt":"2026-03-06T22:49:19","slug":"cbf-marca-penultimo-amistoso-do-brasil-antes-da-copa-do-mundo-2026","status":"publish","type":"post","link":"https:\/\/newsinfoco.com.br\/inicio\/cbf-marca-penultimo-amistoso-do-brasil-antes-da-copa-do-mundo-2026\/","title":{"rendered":"CBF marca pen\u00faltimo amistoso do Brasil antes da Copa do Mundo 2026"},"content":{"rendered":"<div class=\"conteudo_post\">\n<p>A Confedera\u00e7\u00e3o Brasileira de Futebol (CBF) confirmou nesta sexta-feira (6) a realiza\u00e7\u00e3o de um amistoso entre a\u00a0<strong>Sele\u00e7\u00e3o Brasileira<\/strong>\u00a0e o\u00a0<strong>Panam\u00e1<\/strong>\u00a0no est\u00e1dio do\u00a0<strong>Maracan\u00e3<\/strong>, no Rio de Janeiro. A partida ser\u00e1 disputada no dia\u00a0<strong>31 de maio<\/strong>\u00a0e funcionar\u00e1 como a despedida da equipe comandada por Carlo Ancelotti do p\u00fablico brasileiro antes da viagem para a Copa do Mundo de 2026.<\/p>\n<p>O confronto tamb\u00e9m ser\u00e1 o\u00a0<strong>pen\u00faltimo compromisso<\/strong>\u00a0preparat\u00f3rio da Sele\u00e7\u00e3o antes do in\u00edcio do Mundial. Ap\u00f3s a partida no Rio, a delega\u00e7\u00e3o embarca no dia 1\u00ba de junho para os Estados Unidos, pa\u00eds que receber\u00e1 a competi\u00e7\u00e3o.<\/p><div class=\"newsi-conteudo_19\" id=\"newsi-3524327483\"><a href=\"https:\/\/www.instagram.com\/prefeituraalagoinhas?igsh=YzgzdDJ1bWR3aWI4\" aria-label=\"SAVE_20251006_221555\"><img loading=\"lazy\" decoding=\"async\" src=\"https:\/\/newsinfoco.com.br\/inicio\/wp-content\/uploads\/2025\/10\/SAVE_20251006_221555-rotated.jpg\" alt=\"\"  srcset=\"https:\/\/newsinfoco.com.br\/inicio\/wp-content\/uploads\/2025\/10\/SAVE_20251006_221555-rotated.jpg 1140w, https:\/\/newsinfoco.com.br\/inicio\/wp-content\/uploads\/2025\/10\/SAVE_20251006_221555-300x52.jpg 300w, https:\/\/newsinfoco.com.br\/inicio\/wp-content\/uploads\/2025\/10\/SAVE_20251006_221555-1024x177.jpg 1024w, https:\/\/newsinfoco.com.br\/inicio\/wp-content\/uploads\/2025\/10\/SAVE_20251006_221555-768x133.jpg 768w, https:\/\/newsinfoco.com.br\/inicio\/wp-content\/uploads\/2025\/10\/SAVE_20251006_221555-600x104.jpg 600w, https:\/\/newsinfoco.com.br\/inicio\/wp-content\/uploads\/2025\/10\/SAVE_20251006_221555-696x120.jpg 696w, https:\/\/newsinfoco.com.br\/inicio\/wp-content\/uploads\/2025\/10\/SAVE_20251006_221555-1068x185.jpg 1068w\" sizes=\"(max-width: 1140px) 100vw, 1140px\" width=\"1140\" height=\"197\"   \/><\/a><\/div>\n<p>A prepara\u00e7\u00e3o brasileira para a Copa come\u00e7a dias antes, com per\u00edodo de treinamentos na Granja Comary, em Teres\u00f3polis. A comiss\u00e3o t\u00e9cnica pretende iniciar as atividades por volta do dia 25 de maio, embora a apresenta\u00e7\u00e3o dos jogadores possa variar conforme o calend\u00e1rio de cada atleta ao fim da temporada europeia.<\/p>\n<p>Antes do amistoso contra o Panam\u00e1, o Brasil ter\u00e1 outros compromissos internacionais. A equipe enfrentar\u00e1 a Fran\u00e7a, em Boston, no dia 26 de mar\u00e7o, e a Cro\u00e1cia, em Orlando, no dia 31 do mesmo m\u00eas. J\u00e1 em territ\u00f3rio norte-americano, a Sele\u00e7\u00e3o ainda deve realizar mais um teste, diante do Egito, no dia 6 de junho.<\/p>\n<p>A lista de convocados para os primeiros amistosos ser\u00e1 anunciada em 16 de mar\u00e7o, na sede da CBF. J\u00e1 a convoca\u00e7\u00e3o final para a Copa do Mundo est\u00e1 prevista para o dia 19 de maio.<\/p>\n<p>No Mundial de 2026, o Brasil integra o Grupo C. A estreia est\u00e1 marcada para o dia 13 de junho, contra o Marrocos, em Nova Jersey. Na sequ\u00eancia, a equipe encara o Haiti, em 19 de junho, na Filad\u00e9lfia, e encerra a fase de grupos diante da Esc\u00f3cia, no dia 24, em Miami.<\/p>\n<div>\n<div>\n<div class=\"trv-player-container\">\n<div class=\"trv-wrapper\">\n<div id=\"br_video_player_55a1f71d381b7c3ec847ea1f19e1a19dc3c659f9\" class=\"trvd_video_player trvdinstream\">\n<div class=\"media-player\">\n<div class=\"trv-video\">\n<div id=\"truvid_ima_container82535\" class=\"truvid_ima_container\">\n<div>\n<div><\/div>\n<\/div>\n<\/div>\n<\/div>\n<\/div>\n<\/div>\n<\/div>\n<\/div>\n<\/div>\n<\/div>\n<p><strong>Agenda prevista da Sele\u00e7\u00e3o at\u00e9 a Copa do Mundo<\/strong><\/p>\n<p><strong>16\/03 \u2013<\/strong>\u00a0Convoca\u00e7\u00e3o para os amistosos de mar\u00e7o<br \/>\n<strong>26\/03 \u2013<\/strong>\u00a0Brasil x Fran\u00e7a, em Boston<br \/>\n<strong>31\/03 \u2013<\/strong>\u00a0Brasil x Cro\u00e1cia, em Orlando<br \/>\n<strong>19\/05 \u2013<\/strong>\u00a0Convoca\u00e7\u00e3o final para a Copa<br \/>\n<strong>31\/05 \u2013<\/strong>\u00a0Brasil x Panam\u00e1, no Maracan\u00e3<br \/>\n<strong>01\/06 \u2013<\/strong>\u00a0Viagem para os Estados Unidos<br \/>\n<strong>06\/06 \u2013<\/strong>\u00a0Brasil x Egito, em Cleveland<br \/>\n<strong>13\/06 \u2013<\/strong>\u00a0Estreia na Copa do Mundo contra o Marrocos<\/p>\n<\/div>\n<div id=\"div-share\">Bahia.Ba<\/div>\n<div class='share-to-whatsapp-wrapper'><div class='share-on-whsp'>Share on: <\/div><a data-text='CBF marca pen\u00faltimo amistoso do Brasil antes da Copa do Mundo 2026' data-link='https:\/\/newsinfoco.com.br\/inicio\/cbf-marca-penultimo-amistoso-do-brasil-antes-da-copa-do-mundo-2026\/' class='whatsapp-button whatsapp-share'>WhatsApp<\/a><div class='clear '><\/div><\/div>","protected":false},"excerpt":{"rendered":"<p>A Confedera\u00e7\u00e3o Brasileira de Futebol (CBF) confirmou nesta sexta-feira (6) a realiza\u00e7\u00e3o de um amistoso entre a\u00a0Sele\u00e7\u00e3o Brasileira\u00a0e o\u00a0Panam\u00e1\u00a0no est\u00e1dio do\u00a0Maracan\u00e3, no Rio de Janeiro. A partida ser\u00e1 disputada no dia\u00a031 de maio\u00a0e funcionar\u00e1 como a despedida da equipe comandada por Carlo Ancelotti do p\u00fablico brasileiro antes da viagem para a Copa do Mundo de [&hellip;]<\/p>\n","protected":false},"author":1,"featured_media":49562,"comment_status":"closed","ping_status":"closed","sticky":false,"template":"","format":"standard","meta":{"om_disable_all_campaigns":false,"_exactmetrics_skip_tracking":false,"_exactmetrics_sitenote_active":false,"_exactmetrics_sitenote_note":"","_exactmetrics_sitenote_category":0,"footnotes":""},"categories":[21],"tags":[],"class_list":["post-49561","post","type-post","status-publish","format-standard","has-post-thumbnail","hentry","category-brasil"],"aioseo_notices":[],"_links":{"self":[{"href":"https:\/\/newsinfoco.com.br\/inicio\/wp-json\/wp\/v2\/posts\/49561","targetHints":{"allow":["GET"]}}],"collection":[{"href":"https:\/\/newsinfoco.com.br\/inicio\/wp-json\/wp\/v2\/posts"}],"about":[{"href":"https:\/\/newsinfoco.com.br\/inicio\/wp-json\/wp\/v2\/types\/post"}],"author":[{"embeddable":true,"href":"https:\/\/newsinfoco.com.br\/inicio\/wp-json\/wp\/v2\/users\/1"}],"replies":[{"embeddable":true,"href":"https:\/\/newsinfoco.com.br\/inicio\/wp-json\/wp\/v2\/comments?post=49561"}],"version-history":[{"count":1,"href":"https:\/\/newsinfoco.com.br\/inicio\/wp-json\/wp\/v2\/posts\/49561\/revisions"}],"predecessor-version":[{"id":49563,"href":"https:\/\/newsinfoco.com.br\/inicio\/wp-json\/wp\/v2\/posts\/49561\/revisions\/49563"}],"wp:featuredmedia":[{"embeddable":true,"href":"https:\/\/newsinfoco.com.br\/inicio\/wp-json\/wp\/v2\/media\/49562"}],"wp:attachment":[{"href":"https:\/\/newsinfoco.com.br\/inicio\/wp-json\/wp\/v2\/media?parent=49561"}],"wp:term":[{"taxonomy":"category","embeddable":true,"href":"https:\/\/newsinfoco.com.br\/inicio\/wp-json\/wp\/v2\/categories?post=49561"},{"taxonomy":"post_tag","embeddable":true,"href":"https:\/\/newsinfoco.com.br\/inicio\/wp-json\/wp\/v2\/tags?post=49561"}],"curies":[{"name":"wp","href":"https:\/\/api.w.org\/{rel}","templated":true}]}}