{"id":49564,"date":"2026-03-06T19:55:06","date_gmt":"2026-03-06T22:55:06","guid":{"rendered":"https:\/\/newsinfoco.com.br\/inicio\/?p=49564"},"modified":"2026-03-06T19:55:06","modified_gmt":"2026-03-06T22:55:06","slug":"cpmi-do-inss-senador-anuncia-convite-a-flavio-dino-para-prestar-esclarecimentos","status":"publish","type":"post","link":"https:\/\/newsinfoco.com.br\/inicio\/cpmi-do-inss-senador-anuncia-convite-a-flavio-dino-para-prestar-esclarecimentos\/","title":{"rendered":"CPMI do INSS: Senador anuncia convite a Fl\u00e1vio Dino para prestar esclarecimentos"},"content":{"rendered":"<p>O presidente da CPMI do INSS, Carlos Viana (Podemos-MG), utilizou as redes sociais nesta sexta-feira (6) para anunciar que vai apresentar um requerimento que que convida o ministro Fl\u00e1vio Dino, do Supremo Tribunal Federal (STF), a \u201cprestar esclarecimentos institucionais\u201d<\/p>\n<p>Em seu perfil no X (antigo Twitter), o senador disse que a convoca\u00e7\u00e3o \u201ctem car\u00e1ter institucional e busca promover o di\u00e1logo entre os Poderes da Rep\u00fablica, diante dos impactos diretos que essa decis\u00e3o produziu sobre os trabalhos da investiga\u00e7\u00e3o parlamentar\u201d.<\/p><div class=\"newsi-conteudo_19\" id=\"newsi-3771391773\"><a href=\"https:\/\/www.instagram.com\/prefeituraalagoinhas?igsh=YzgzdDJ1bWR3aWI4\" aria-label=\"SAVE_20251006_221555\"><img loading=\"lazy\" decoding=\"async\" src=\"https:\/\/newsinfoco.com.br\/inicio\/wp-content\/uploads\/2025\/10\/SAVE_20251006_221555-rotated.jpg\" alt=\"\"  srcset=\"https:\/\/newsinfoco.com.br\/inicio\/wp-content\/uploads\/2025\/10\/SAVE_20251006_221555-rotated.jpg 1140w, https:\/\/newsinfoco.com.br\/inicio\/wp-content\/uploads\/2025\/10\/SAVE_20251006_221555-300x52.jpg 300w, https:\/\/newsinfoco.com.br\/inicio\/wp-content\/uploads\/2025\/10\/SAVE_20251006_221555-1024x177.jpg 1024w, https:\/\/newsinfoco.com.br\/inicio\/wp-content\/uploads\/2025\/10\/SAVE_20251006_221555-768x133.jpg 768w, https:\/\/newsinfoco.com.br\/inicio\/wp-content\/uploads\/2025\/10\/SAVE_20251006_221555-600x104.jpg 600w, https:\/\/newsinfoco.com.br\/inicio\/wp-content\/uploads\/2025\/10\/SAVE_20251006_221555-696x120.jpg 696w, https:\/\/newsinfoco.com.br\/inicio\/wp-content\/uploads\/2025\/10\/SAVE_20251006_221555-1068x185.jpg 1068w\" sizes=\"(max-width: 1140px) 100vw, 1140px\" width=\"1140\" height=\"197\"   \/><\/a><\/div>\n<p>O an\u00fancio foi feito depois que Fl\u00e1vio Dino suspendeu as quebras de sigilos fiscal e banc\u00e1rio do filho do presidente Luiz In\u00e1cio Lula da Silva (PT), o Lulinha.<\/p>\n<p>\u201cCaso o convite seja aceito, ser\u00e1 uma oportunidade importante para o esclarecimento p\u00fablico e para o fortalecimento das institui\u00e7\u00f5es. Caso n\u00e3o seja poss\u00edvel a presen\u00e7a, o Congresso Nacional ter\u00e1 cumprido seu dever de buscar esse di\u00e1logo institucional\u201d, escreveu Viana.<\/p>\n<p>Bahia.Ba<\/p>\n<div class='share-to-whatsapp-wrapper'><div class='share-on-whsp'>Share on: <\/div><a data-text='CPMI do INSS: Senador anuncia convite a Fl\u00e1vio Dino para prestar esclarecimentos' data-link='https:\/\/newsinfoco.com.br\/inicio\/cpmi-do-inss-senador-anuncia-convite-a-flavio-dino-para-prestar-esclarecimentos\/' class='whatsapp-button whatsapp-share'>WhatsApp<\/a><div class='clear '><\/div><\/div>","protected":false},"excerpt":{"rendered":"<p>O presidente da CPMI do INSS, Carlos Viana (Podemos-MG), utilizou as redes sociais nesta sexta-feira (6) para anunciar que vai apresentar um requerimento que que convida o ministro Fl\u00e1vio Dino, do Supremo Tribunal Federal (STF), a \u201cprestar esclarecimentos institucionais\u201d Em seu perfil no X (antigo Twitter), o senador disse que a convoca\u00e7\u00e3o \u201ctem car\u00e1ter institucional [&hellip;]<\/p>\n","protected":false},"author":1,"featured_media":49565,"comment_status":"closed","ping_status":"closed","sticky":false,"template":"","format":"standard","meta":{"om_disable_all_campaigns":false,"_exactmetrics_skip_tracking":false,"_exactmetrics_sitenote_active":false,"_exactmetrics_sitenote_note":"","_exactmetrics_sitenote_category":0,"footnotes":""},"categories":[21],"tags":[],"class_list":["post-49564","post","type-post","status-publish","format-standard","has-post-thumbnail","hentry","category-brasil"],"aioseo_notices":[],"_links":{"self":[{"href":"https:\/\/newsinfoco.com.br\/inicio\/wp-json\/wp\/v2\/posts\/49564","targetHints":{"allow":["GET"]}}],"collection":[{"href":"https:\/\/newsinfoco.com.br\/inicio\/wp-json\/wp\/v2\/posts"}],"about":[{"href":"https:\/\/newsinfoco.com.br\/inicio\/wp-json\/wp\/v2\/types\/post"}],"author":[{"embeddable":true,"href":"https:\/\/newsinfoco.com.br\/inicio\/wp-json\/wp\/v2\/users\/1"}],"replies":[{"embeddable":true,"href":"https:\/\/newsinfoco.com.br\/inicio\/wp-json\/wp\/v2\/comments?post=49564"}],"version-history":[{"count":1,"href":"https:\/\/newsinfoco.com.br\/inicio\/wp-json\/wp\/v2\/posts\/49564\/revisions"}],"predecessor-version":[{"id":49566,"href":"https:\/\/newsinfoco.com.br\/inicio\/wp-json\/wp\/v2\/posts\/49564\/revisions\/49566"}],"wp:featuredmedia":[{"embeddable":true,"href":"https:\/\/newsinfoco.com.br\/inicio\/wp-json\/wp\/v2\/media\/49565"}],"wp:attachment":[{"href":"https:\/\/newsinfoco.com.br\/inicio\/wp-json\/wp\/v2\/media?parent=49564"}],"wp:term":[{"taxonomy":"category","embeddable":true,"href":"https:\/\/newsinfoco.com.br\/inicio\/wp-json\/wp\/v2\/categories?post=49564"},{"taxonomy":"post_tag","embeddable":true,"href":"https:\/\/newsinfoco.com.br\/inicio\/wp-json\/wp\/v2\/tags?post=49564"}],"curies":[{"name":"wp","href":"https:\/\/api.w.org\/{rel}","templated":true}]}}