{"id":49567,"date":"2026-03-07T17:54:26","date_gmt":"2026-03-07T20:54:26","guid":{"rendered":"https:\/\/newsinfoco.com.br\/inicio\/?p=49567"},"modified":"2026-03-07T17:54:26","modified_gmt":"2026-03-07T20:54:26","slug":"no-ba-vi-da-politica-governador-e-prefeito-sao-vitoria-mas-bahia-domina-o-legislativo","status":"publish","type":"post","link":"https:\/\/newsinfoco.com.br\/inicio\/no-ba-vi-da-politica-governador-e-prefeito-sao-vitoria-mas-bahia-domina-o-legislativo\/","title":{"rendered":"No Ba-Vi da pol\u00edtica, governador e prefeito s\u00e3o Vit\u00f3ria, mas Bahia domina o Legislativo"},"content":{"rendered":"<div class=\"conteudo_post\">\n<p>O cl\u00e1ssico Ba-Vi \u00e9 uma marca da cultura do estado. Milh\u00f5es de baianos s\u00e3o apaixonados por Bahia e Vit\u00f3ria, os dois clubes mais tradicionais de Salvador, que acabaram ganhando o carinho tamb\u00e9m de muitos interioranos.<\/p>\n<p>Nas proximidades de dois cl\u00e1ssicos importantes \u2014 um neste s\u00e1bado (7), 17h, decide o campe\u00e3o baiano de 2026; o outro, \u00e0s 20h pr\u00f3xima quarta-feira (11), vale pelo Brasileir\u00e3o S\u00e9rie A \u2014,\u00a0<strong>bahia.ba<\/strong>\u00a0aproveitou para contabilizar o clube do cora\u00e7\u00e3o da classe pol\u00edtica do estado.<\/p><div class=\"newsi-conteudo_19\" id=\"newsi-2703538197\"><a href=\"https:\/\/www.instagram.com\/prefeituraalagoinhas?igsh=YzgzdDJ1bWR3aWI4\" aria-label=\"SAVE_20251006_221555\"><img loading=\"lazy\" decoding=\"async\" src=\"https:\/\/newsinfoco.com.br\/inicio\/wp-content\/uploads\/2025\/10\/SAVE_20251006_221555-rotated.jpg\" alt=\"\"  srcset=\"https:\/\/newsinfoco.com.br\/inicio\/wp-content\/uploads\/2025\/10\/SAVE_20251006_221555-rotated.jpg 1140w, https:\/\/newsinfoco.com.br\/inicio\/wp-content\/uploads\/2025\/10\/SAVE_20251006_221555-300x52.jpg 300w, https:\/\/newsinfoco.com.br\/inicio\/wp-content\/uploads\/2025\/10\/SAVE_20251006_221555-1024x177.jpg 1024w, https:\/\/newsinfoco.com.br\/inicio\/wp-content\/uploads\/2025\/10\/SAVE_20251006_221555-768x133.jpg 768w, https:\/\/newsinfoco.com.br\/inicio\/wp-content\/uploads\/2025\/10\/SAVE_20251006_221555-600x104.jpg 600w, https:\/\/newsinfoco.com.br\/inicio\/wp-content\/uploads\/2025\/10\/SAVE_20251006_221555-696x120.jpg 696w, https:\/\/newsinfoco.com.br\/inicio\/wp-content\/uploads\/2025\/10\/SAVE_20251006_221555-1068x185.jpg 1068w\" sizes=\"(max-width: 1140px) 100vw, 1140px\" width=\"1140\" height=\"197\"   \/><\/a><\/div>\n<p>Nas lideran\u00e7as do Executivo, n\u00e3o tem jeito: d\u00e1 Vit\u00f3ria. Tanto o governador\u00a0<strong>Jer\u00f4nimo Rodrigues (PT)<\/strong>, nascido em Aiquara, quanto o prefeito de Salvador,\u00a0<strong>Bruno Reis (Uni\u00e3o Brasil)<\/strong>, de Petrolina-PE,\u00a0<strong>s\u00e3o torcedores rubro-negros<\/strong>\u00a0apaixonados. Ambos assumem publicamente seu carinho pelo Le\u00e3o.<\/p>\n<p>Para aprofundar a vantagem rubro-negra, vale citar que o presidente\u00a0<strong>Luiz In\u00e1cio Lula da Silva<\/strong>\u00a0(PT), corintiano roxo,\u00a0<strong>j\u00e1 declarou algumas vezes ter simpatia pelo Vit\u00f3ria<\/strong>, para contrariar seus ministros\u00a0<strong>Rui Costa (PT)<\/strong>,\u00a0<strong>Sid\u00f4nio Palmeira<\/strong>\u00a0e\u00a0<strong>Margareth Menezes<\/strong>, todos\u00a0<strong>torcedores do Bahia<\/strong>.<\/p>\n<p>No contraponto a Jer\u00f4nimo e Bruno, est\u00e3o seus vices. O vice-governador\u00a0<strong>Geraldo J\u00fanior (MDB)<\/strong>\u00a0e a vice-prefeita\u00a0<strong>Ana Paula Matos (PDT)\u00a0<\/strong>s\u00e3o<strong>\u00a0torcedores do Bahia<\/strong>. O emedebista, inclusive, j\u00e1 chegou a carregar o trof\u00e9u do t\u00edtulo tricolor no Baian\u00e3o de 2023.<\/p>\n<p>Mas \u00e9 no Legislativo que o Bahia imp\u00f5e sua vantagem. Na\u00a0<strong>C\u00e2mara Municipal de Salvador<\/strong>, a vantagem tricolor \u00e9 arrasadora. De um total de 43 vereadores, 40 foram consultados, sendo\u00a0<strong>26 tricolores<\/strong>, contra\u00a0<strong>11 rubro-negros<\/strong>. Dois parlamentares declararam outros clubes: Randerson Leal (Podemos) \u00e9 Flamengo-RJ, enquanto Andr\u00e9 Fraga (PV) \u00e9 Botafogo-RJ. Cris Correia (PSDB) afirmou n\u00e3o ter time.<\/p>\n<p>Na Assembleia Legislativa da Bahia (ALBA), a superioridade tricolor \u00e9 mais discreta. Dos 63 deputados estaduais, 47 foram consultados pelo\u00a0<strong>bahia.ba<\/strong>. Um total de\u00a0<strong>18 parlamentares declararam prefer\u00eancia pelo Esquadr\u00e3o de A\u00e7o<\/strong>, enquanto\u00a0<strong>15 apontaram suas escolhas pelo Vit\u00f3ria<\/strong>. Foram citados ainda o Flamengo-RJ (6), o Vasco-RJ (2), o Atl\u00e9tico de Alagoinhas (2), o Gal\u00edcia (1), o Juazeirense (1), o Fluminense-RJ (1) e o Vit\u00f3ria da Conquista (1). S\u00f3 Samuel J\u00fanior (Republicanos) disse n\u00e3o ter um clube do cora\u00e7\u00e3o.<\/p>\n<p>Entre os representantes baianos em Bras\u00edlia, tamb\u00e9m h\u00e1 vantagem para o Tricolor. Na\u00a0<strong>C\u00e2mara dos Deputados<\/strong>, 31 dos 39 parlamentares tiveram seus clubes revelados:\u00a0<strong>17 s\u00e3o Bahia e oito s\u00e3o Vit\u00f3ria<\/strong>, contra tr\u00eas do Flamengo-RJ, um de Fluminense de Feira, Jequi\u00e9 e Vasco-RJ.<\/p>\n<p>No Senado,\u00a0<strong>Angelo Coronel (PSD)<\/strong>\u00a0e\u00a0<strong>Jaques Wagner (PT)<\/strong>\u00a0s\u00e3o\u00a0<strong>tricolores<\/strong>, enquanto\u00a0<strong>Otto Alencar (PSD)<\/strong>\u00a0\u00e9\u00a0<strong>rubro-negro<\/strong>.<\/p>\n<p>\u2013<\/p>\n<p><strong>Governo da Bahia<\/strong><br \/>\nJer\u00f4nimo Rodrigues (governador): Vit\u00f3ria<br \/>\nGeraldo J\u00fanior (vice-governador): Bahia<\/p>\n<p><strong>Prefeitura de Salvador<\/strong><br \/>\nBruno Reis (prefeito): Vit\u00f3ria<br \/>\nAna Paula Matos (vice-prefeita): Bahia<\/p>\n<p><strong>Assembleia Legislativa<br \/>\n<\/strong>Bahia 38,3%<br \/>\nVit\u00f3ria 31,9%<\/p>\n<p><strong>C\u00e2mara Municipal de Salvador<\/strong><br \/>\nBahia 65%<br \/>\nVit\u00f3ria 27,5%<\/p>\n<div>\n<div>\n<div class=\"trv-player-container\">\n<div class=\"trv-wrapper\">\n<div id=\"br_video_player_0ca9d92000052ae31fdcea1f19e1a19dc3c659f9\" class=\"trvd_video_player trvdinstream\">\n<div class=\"media-player\">\n<div class=\"trv-video\">\n<div id=\"truvid_ima_container81128\" class=\"truvid_ima_container\">\n<div>\n<div><\/div>\n<\/div>\n<\/div>\n<\/div>\n<\/div>\n<\/div>\n<\/div>\n<\/div>\n<\/div>\n<\/div>\n<p><strong>C\u00e2mara dos Deputados (bancada baiana)<br \/>\n<\/strong>Bahia 54,8%<br \/>\nVit\u00f3ria 25,8%<\/p>\n<p><strong>Senado Federal (bancada baiana)<br \/>\n<\/strong>Bahia 66,7%<br \/>\nVit\u00f3ria 33,3%<\/p>\n<p>Bahia.Ba<\/p>\n<\/div>\n<div class=\"item\"><\/div>\n<div class='share-to-whatsapp-wrapper'><div class='share-on-whsp'>Share on: <\/div><a data-text='No Ba-Vi da pol\u00edtica, governador e prefeito s\u00e3o Vit\u00f3ria, mas Bahia domina o Legislativo' data-link='https:\/\/newsinfoco.com.br\/inicio\/no-ba-vi-da-politica-governador-e-prefeito-sao-vitoria-mas-bahia-domina-o-legislativo\/' class='whatsapp-button whatsapp-share'>WhatsApp<\/a><div class='clear '><\/div><\/div>","protected":false},"excerpt":{"rendered":"<p>O cl\u00e1ssico Ba-Vi \u00e9 uma marca da cultura do estado. Milh\u00f5es de baianos s\u00e3o apaixonados por Bahia e Vit\u00f3ria, os dois clubes mais tradicionais de Salvador, que acabaram ganhando o carinho tamb\u00e9m de muitos interioranos. Nas proximidades de dois cl\u00e1ssicos importantes \u2014 um neste s\u00e1bado (7), 17h, decide o campe\u00e3o baiano de 2026; o outro, [&hellip;]<\/p>\n","protected":false},"author":1,"featured_media":49568,"comment_status":"closed","ping_status":"closed","sticky":false,"template":"","format":"standard","meta":{"om_disable_all_campaigns":false,"_exactmetrics_skip_tracking":false,"_exactmetrics_sitenote_active":false,"_exactmetrics_sitenote_note":"","_exactmetrics_sitenote_category":0,"footnotes":""},"categories":[19],"tags":[],"class_list":["post-49567","post","type-post","status-publish","format-standard","has-post-thumbnail","hentry","category-bahia"],"aioseo_notices":[],"_links":{"self":[{"href":"https:\/\/newsinfoco.com.br\/inicio\/wp-json\/wp\/v2\/posts\/49567","targetHints":{"allow":["GET"]}}],"collection":[{"href":"https:\/\/newsinfoco.com.br\/inicio\/wp-json\/wp\/v2\/posts"}],"about":[{"href":"https:\/\/newsinfoco.com.br\/inicio\/wp-json\/wp\/v2\/types\/post"}],"author":[{"embeddable":true,"href":"https:\/\/newsinfoco.com.br\/inicio\/wp-json\/wp\/v2\/users\/1"}],"replies":[{"embeddable":true,"href":"https:\/\/newsinfoco.com.br\/inicio\/wp-json\/wp\/v2\/comments?post=49567"}],"version-history":[{"count":1,"href":"https:\/\/newsinfoco.com.br\/inicio\/wp-json\/wp\/v2\/posts\/49567\/revisions"}],"predecessor-version":[{"id":49569,"href":"https:\/\/newsinfoco.com.br\/inicio\/wp-json\/wp\/v2\/posts\/49567\/revisions\/49569"}],"wp:featuredmedia":[{"embeddable":true,"href":"https:\/\/newsinfoco.com.br\/inicio\/wp-json\/wp\/v2\/media\/49568"}],"wp:attachment":[{"href":"https:\/\/newsinfoco.com.br\/inicio\/wp-json\/wp\/v2\/media?parent=49567"}],"wp:term":[{"taxonomy":"category","embeddable":true,"href":"https:\/\/newsinfoco.com.br\/inicio\/wp-json\/wp\/v2\/categories?post=49567"},{"taxonomy":"post_tag","embeddable":true,"href":"https:\/\/newsinfoco.com.br\/inicio\/wp-json\/wp\/v2\/tags?post=49567"}],"curies":[{"name":"wp","href":"https:\/\/api.w.org\/{rel}","templated":true}]}}