{"id":49570,"date":"2026-03-07T18:07:41","date_gmt":"2026-03-07T21:07:41","guid":{"rendered":"https:\/\/newsinfoco.com.br\/inicio\/?p=49570"},"modified":"2026-03-07T18:07:41","modified_gmt":"2026-03-07T21:07:41","slug":"datafolha-aponta-lula-a-frente-de-flavio-bolsonaro-no-2o-turno","status":"publish","type":"post","link":"https:\/\/newsinfoco.com.br\/inicio\/datafolha-aponta-lula-a-frente-de-flavio-bolsonaro-no-2o-turno\/","title":{"rendered":"Datafolha aponta Lula \u00e0 frente de Fl\u00e1vio Bolsonaro no 2\u00ba turno"},"content":{"rendered":"<div class=\"conteudo_post\">\n<article class=\"text-token-text-primary w-full focus:outline-none [--shadow-height:45px] has-data-writing-block:pointer-events-none has-data-writing-block:-mt-(--shadow-height) has-data-writing-block:pt-(--shadow-height) [&amp;:has([data-writing-block])&gt;*]:pointer-events-auto scroll-mt-[calc(var(--header-height)+min(200px,max(70px,20svh)))]\" dir=\"auto\" tabindex=\"-1\" data-turn-id=\"request-69ac3117-51a0-8330-a18b-199bb0f7025e-9\" data-testid=\"conversation-turn-20\" data-scroll-anchor=\"true\" data-turn=\"assistant\">\n<div class=\"text-base my-auto mx-auto pb-10 [--thread-content-margin:var(--thread-content-margin-xs,calc(var(--spacing)*4))] @w-sm\/main:[--thread-content-margin:var(--thread-content-margin-sm,calc(var(--spacing)*6))] @w-lg\/main:[--thread-content-margin:var(--thread-content-margin-lg,calc(var(--spacing)*16))] px-(--thread-content-margin)\">\n<div class=\"[--thread-content-max-width:40rem] @w-lg\/main:[--thread-content-max-width:48rem] mx-auto max-w-(--thread-content-max-width) flex-1 group\/turn-messages focus-visible:outline-hidden relative flex w-full min-w-0 flex-col agent-turn\" tabindex=\"-1\">\n<div class=\"flex max-w-full flex-col gap-4 grow\">\n<div class=\"min-h-8 text-message relative flex w-full flex-col items-end gap-2 text-start break-words whitespace-normal [.text-message+&amp;]:mt-1\" dir=\"auto\" data-message-author-role=\"assistant\" data-message-id=\"f6bff8e2-c7f3-4583-bec2-5721c1376ab8\" data-message-model-slug=\"gpt-5-3\">\n<div class=\"flex w-full flex-col gap-1 empty:hidden\">\n<div class=\"markdown prose dark:prose-invert w-full wrap-break-word light markdown-new-styling\">\n<p data-start=\"0\" data-end=\"365\">Uma pesquisa divulgada neste s\u00e1bado (7) pelo instituto\u00a0<span class=\"hover:entity-accent entity-underline inline cursor-pointer align-baseline\"><span class=\"whitespace-normal\">Datafolha<\/span><\/span>\u00a0e publicada pelo jornal\u00a0<span class=\"hover:entity-accent entity-underline inline cursor-pointer align-baseline\"><span class=\"whitespace-normal\">Folha de S.Paulo<\/span><\/span>\u00a0aponta um cen\u00e1rio apertado em uma poss\u00edvel disputa de segundo turno nas elei\u00e7\u00f5es presidenciais de 2026 entre o presidente\u00a0<span class=\"hover:entity-accent entity-underline inline cursor-pointer align-baseline\"><span class=\"whitespace-normal\">Luiz In\u00e1cio Lula da Silva<\/span><\/span>\u00a0e o senador\u00a0<span class=\"hover:entity-accent entity-underline inline cursor-pointer align-baseline\"><span class=\"whitespace-normal\">Fl\u00e1vio Bolsonaro<\/span><\/span>.<\/p>\n<p data-start=\"367\" data-end=\"480\">De acordo com o levantamento, Lula aparece com 46% das inten\u00e7\u00f5es de voto, enquanto Fl\u00e1vio Bolsonaro registra 43%.<\/p><div class=\"newsi-conteudo_19\" id=\"newsi-1457116860\"><a href=\"https:\/\/www.instagram.com\/prefeituraalagoinhas?igsh=YzgzdDJ1bWR3aWI4\" aria-label=\"SAVE_20251006_221555\"><img loading=\"lazy\" decoding=\"async\" src=\"https:\/\/newsinfoco.com.br\/inicio\/wp-content\/uploads\/2025\/10\/SAVE_20251006_221555-rotated.jpg\" alt=\"\"  srcset=\"https:\/\/newsinfoco.com.br\/inicio\/wp-content\/uploads\/2025\/10\/SAVE_20251006_221555-rotated.jpg 1140w, https:\/\/newsinfoco.com.br\/inicio\/wp-content\/uploads\/2025\/10\/SAVE_20251006_221555-300x52.jpg 300w, https:\/\/newsinfoco.com.br\/inicio\/wp-content\/uploads\/2025\/10\/SAVE_20251006_221555-1024x177.jpg 1024w, https:\/\/newsinfoco.com.br\/inicio\/wp-content\/uploads\/2025\/10\/SAVE_20251006_221555-768x133.jpg 768w, https:\/\/newsinfoco.com.br\/inicio\/wp-content\/uploads\/2025\/10\/SAVE_20251006_221555-600x104.jpg 600w, https:\/\/newsinfoco.com.br\/inicio\/wp-content\/uploads\/2025\/10\/SAVE_20251006_221555-696x120.jpg 696w, https:\/\/newsinfoco.com.br\/inicio\/wp-content\/uploads\/2025\/10\/SAVE_20251006_221555-1068x185.jpg 1068w\" sizes=\"(max-width: 1140px) 100vw, 1140px\" width=\"1140\" height=\"197\"   \/><\/a><\/div>\n<p data-start=\"482\" data-end=\"735\">O estudo tamb\u00e9m mostra que a dist\u00e2ncia entre os dois diminuiu em rela\u00e7\u00e3o \u00e0s pesquisas anteriores. Em dezembro, o presidente tinha 51% das prefer\u00eancias contra 36% do senador. J\u00e1 em julho de 2025, Lula marcava 48%, enquanto o parlamentar aparecia com 37%.<\/p>\n<p data-start=\"737\" data-end=\"924\">Na pesquisa mais recente, 10% dos entrevistados afirmaram que votariam em branco, anulariam o voto ou n\u00e3o escolheriam nenhum dos candidatos. Outros 1% disseram n\u00e3o saber em quem votariam.<\/p>\n<p data-start=\"926\" data-end=\"1161\" data-is-last-node=\"\" data-is-only-node=\"\">O levantamento foi realizado entre os dias 3 e 5 deste m\u00eas e ouviu 2.004 eleitores com 16 anos ou mais em 137 munic\u00edpios brasileiros. A margem de erro \u00e9 de dois pontos percentuais para mais ou para menos, com n\u00edvel de confian\u00e7a de 95%.<\/p>\n<\/div>\n<\/div>\n<\/div>\n<\/div>\n<\/div>\n<\/div>\n<\/article>\n<\/div>\n<div id=\"author-info\" class=\"ui items\">\n<div class=\"item\">Bahia.Ba<\/div>\n<\/div>\n<div class='share-to-whatsapp-wrapper'><div class='share-on-whsp'>Share on: <\/div><a data-text='Datafolha aponta Lula \u00e0 frente de Fl\u00e1vio Bolsonaro no 2\u00ba turno' data-link='https:\/\/newsinfoco.com.br\/inicio\/datafolha-aponta-lula-a-frente-de-flavio-bolsonaro-no-2o-turno\/' class='whatsapp-button whatsapp-share'>WhatsApp<\/a><div class='clear '><\/div><\/div>","protected":false},"excerpt":{"rendered":"<p>Uma pesquisa divulgada neste s\u00e1bado (7) pelo instituto\u00a0Datafolha\u00a0e publicada pelo jornal\u00a0Folha de S.Paulo\u00a0aponta um cen\u00e1rio apertado em uma poss\u00edvel disputa de segundo turno nas elei\u00e7\u00f5es presidenciais de 2026 entre o presidente\u00a0Luiz In\u00e1cio Lula da Silva\u00a0e o senador\u00a0Fl\u00e1vio Bolsonaro. De acordo com o levantamento, Lula aparece com 46% das inten\u00e7\u00f5es de voto, enquanto Fl\u00e1vio Bolsonaro registra [&hellip;]<\/p>\n","protected":false},"author":1,"featured_media":49571,"comment_status":"closed","ping_status":"closed","sticky":false,"template":"","format":"standard","meta":{"om_disable_all_campaigns":false,"_exactmetrics_skip_tracking":false,"_exactmetrics_sitenote_active":false,"_exactmetrics_sitenote_note":"","_exactmetrics_sitenote_category":0,"footnotes":""},"categories":[21],"tags":[],"class_list":["post-49570","post","type-post","status-publish","format-standard","has-post-thumbnail","hentry","category-brasil"],"aioseo_notices":[],"_links":{"self":[{"href":"https:\/\/newsinfoco.com.br\/inicio\/wp-json\/wp\/v2\/posts\/49570","targetHints":{"allow":["GET"]}}],"collection":[{"href":"https:\/\/newsinfoco.com.br\/inicio\/wp-json\/wp\/v2\/posts"}],"about":[{"href":"https:\/\/newsinfoco.com.br\/inicio\/wp-json\/wp\/v2\/types\/post"}],"author":[{"embeddable":true,"href":"https:\/\/newsinfoco.com.br\/inicio\/wp-json\/wp\/v2\/users\/1"}],"replies":[{"embeddable":true,"href":"https:\/\/newsinfoco.com.br\/inicio\/wp-json\/wp\/v2\/comments?post=49570"}],"version-history":[{"count":1,"href":"https:\/\/newsinfoco.com.br\/inicio\/wp-json\/wp\/v2\/posts\/49570\/revisions"}],"predecessor-version":[{"id":49572,"href":"https:\/\/newsinfoco.com.br\/inicio\/wp-json\/wp\/v2\/posts\/49570\/revisions\/49572"}],"wp:featuredmedia":[{"embeddable":true,"href":"https:\/\/newsinfoco.com.br\/inicio\/wp-json\/wp\/v2\/media\/49571"}],"wp:attachment":[{"href":"https:\/\/newsinfoco.com.br\/inicio\/wp-json\/wp\/v2\/media?parent=49570"}],"wp:term":[{"taxonomy":"category","embeddable":true,"href":"https:\/\/newsinfoco.com.br\/inicio\/wp-json\/wp\/v2\/categories?post=49570"},{"taxonomy":"post_tag","embeddable":true,"href":"https:\/\/newsinfoco.com.br\/inicio\/wp-json\/wp\/v2\/tags?post=49570"}],"curies":[{"name":"wp","href":"https:\/\/api.w.org\/{rel}","templated":true}]}}