{"id":49576,"date":"2026-03-07T18:29:06","date_gmt":"2026-03-07T21:29:06","guid":{"rendered":"https:\/\/newsinfoco.com.br\/inicio\/?p=49576"},"modified":"2026-03-07T18:29:06","modified_gmt":"2026-03-07T21:29:06","slug":"mulheres-evangelicas-realizam-caminhada-contra-feminicidio-em-salvador","status":"publish","type":"post","link":"https:\/\/newsinfoco.com.br\/inicio\/mulheres-evangelicas-realizam-caminhada-contra-feminicidio-em-salvador\/","title":{"rendered":"Mulheres evang\u00e9licas realizam caminhada contra feminic\u00eddio em Salvador"},"content":{"rendered":"<div class=\"conteudo_post\">\n<p>A primeira Caminhada das Mulheres Evang\u00e9licas contra o Feminic\u00eddio aconteceu neste s\u00e1bado (7), em Salvador (BA). O grupo saiu do Campo Grande e seguiu at\u00e9 a Pra\u00e7a da Piedade.<\/p>\n<p>A mobiliza\u00e7\u00e3o faz parte das a\u00e7\u00f5es do Dia Internacional da Mulher e marcou o in\u00edcio de uma s\u00e9rie de atividades organizadas pelo grupo Mulheres Evang\u00e9licas contra o Feminic\u00eddio.<\/p><div class=\"newsi-conteudo_19\" id=\"newsi-697642929\"><a href=\"https:\/\/www.instagram.com\/prefeituraalagoinhas?igsh=YzgzdDJ1bWR3aWI4\" aria-label=\"SAVE_20251006_221555\"><img loading=\"lazy\" decoding=\"async\" src=\"https:\/\/newsinfoco.com.br\/inicio\/wp-content\/uploads\/2025\/10\/SAVE_20251006_221555-rotated.jpg\" alt=\"\"  srcset=\"https:\/\/newsinfoco.com.br\/inicio\/wp-content\/uploads\/2025\/10\/SAVE_20251006_221555-rotated.jpg 1140w, https:\/\/newsinfoco.com.br\/inicio\/wp-content\/uploads\/2025\/10\/SAVE_20251006_221555-300x52.jpg 300w, https:\/\/newsinfoco.com.br\/inicio\/wp-content\/uploads\/2025\/10\/SAVE_20251006_221555-1024x177.jpg 1024w, https:\/\/newsinfoco.com.br\/inicio\/wp-content\/uploads\/2025\/10\/SAVE_20251006_221555-768x133.jpg 768w, https:\/\/newsinfoco.com.br\/inicio\/wp-content\/uploads\/2025\/10\/SAVE_20251006_221555-600x104.jpg 600w, https:\/\/newsinfoco.com.br\/inicio\/wp-content\/uploads\/2025\/10\/SAVE_20251006_221555-696x120.jpg 696w, https:\/\/newsinfoco.com.br\/inicio\/wp-content\/uploads\/2025\/10\/SAVE_20251006_221555-1068x185.jpg 1068w\" sizes=\"(max-width: 1140px) 100vw, 1140px\" width=\"1140\" height=\"197\"   \/><\/a><\/div>\n<p>O objetivo do movimento \u00e9 alertar e combater a viol\u00eancia contra as mulheres, inclusive dentro das igrejas.<\/p>\n<p>Cerca de 200 pessoas participaram da caminhada, entre fi\u00e9is, pastoras, l\u00edderes de diversas igrejas e ativistas pelos direitos das mulheres. A proposta foi mostrar que o p\u00fablico evang\u00e9lico tamb\u00e9m est\u00e1 mobilizado no combate \u00e0 viol\u00eancia de g\u00eanero.<\/p>\n<p>Bianca Daebs, uma das organizadoras da iniciativa, afirmou que o n\u00famero de v\u00edtimas entre mulheres crist\u00e3s indica que o tema precisa ser discutido com mais frequ\u00eancia nas igrejas.<\/p>\n<div>\n<div>\n<div class=\"trv-player-container\">\n<div class=\"trv-wrapper\">\n<div id=\"br_video_player_afc40bc03a44e9f6a965ea1f19e1a19dc3c659f9\" class=\"trvd_video_player trvdinstream\">\u201cJ\u00e1 \u00e9 tempo de as igrejas abordarem em seus p\u00falpitos, escolas b\u00edblicas dominicais e em suas organiza\u00e7\u00f5es o tema da viol\u00eancia de g\u00eanero praticada contra mulheres e meninas, principalmente a viol\u00eancia dom\u00e9stica, e denunci\u00e1-la como crime e pecado, pois, caso contr\u00e1rio, corre-se o s\u00e9rio risco de ser apontada como c\u00famplice das in\u00fameras viol\u00eancias que nos atingem de muitas formas\u201d, declarou.<\/div>\n<\/div>\n<\/div>\n<\/div>\n<\/div>\n<p>Al\u00e9m da caminhada, o grupo tamb\u00e9m promove palestras e oficinas gratuitas em escolas e igrejas, encontros com fam\u00edlias evang\u00e9licas, rodas de conversa em associa\u00e7\u00f5es de bairros e outras atividades voltadas \u00e0 conscientiza\u00e7\u00e3o sobre o tema.<\/p>\n<\/div>\n<div id=\"author-info\" class=\"ui items\">\n<div class=\"item\">Bahia.Ba<\/div>\n<\/div>\n<div class='share-to-whatsapp-wrapper'><div class='share-on-whsp'>Share on: <\/div><a data-text='Mulheres evang\u00e9licas realizam caminhada contra feminic\u00eddio em Salvador' data-link='https:\/\/newsinfoco.com.br\/inicio\/mulheres-evangelicas-realizam-caminhada-contra-feminicidio-em-salvador\/' class='whatsapp-button whatsapp-share'>WhatsApp<\/a><div class='clear '><\/div><\/div>","protected":false},"excerpt":{"rendered":"<p>A primeira Caminhada das Mulheres Evang\u00e9licas contra o Feminic\u00eddio aconteceu neste s\u00e1bado (7), em Salvador (BA). O grupo saiu do Campo Grande e seguiu at\u00e9 a Pra\u00e7a da Piedade. A mobiliza\u00e7\u00e3o faz parte das a\u00e7\u00f5es do Dia Internacional da Mulher e marcou o in\u00edcio de uma s\u00e9rie de atividades organizadas pelo grupo Mulheres Evang\u00e9licas contra [&hellip;]<\/p>\n","protected":false},"author":1,"featured_media":49577,"comment_status":"closed","ping_status":"closed","sticky":false,"template":"","format":"standard","meta":{"om_disable_all_campaigns":false,"_exactmetrics_skip_tracking":false,"_exactmetrics_sitenote_active":false,"_exactmetrics_sitenote_note":"","_exactmetrics_sitenote_category":0,"footnotes":""},"categories":[19],"tags":[],"class_list":["post-49576","post","type-post","status-publish","format-standard","has-post-thumbnail","hentry","category-bahia"],"aioseo_notices":[],"_links":{"self":[{"href":"https:\/\/newsinfoco.com.br\/inicio\/wp-json\/wp\/v2\/posts\/49576","targetHints":{"allow":["GET"]}}],"collection":[{"href":"https:\/\/newsinfoco.com.br\/inicio\/wp-json\/wp\/v2\/posts"}],"about":[{"href":"https:\/\/newsinfoco.com.br\/inicio\/wp-json\/wp\/v2\/types\/post"}],"author":[{"embeddable":true,"href":"https:\/\/newsinfoco.com.br\/inicio\/wp-json\/wp\/v2\/users\/1"}],"replies":[{"embeddable":true,"href":"https:\/\/newsinfoco.com.br\/inicio\/wp-json\/wp\/v2\/comments?post=49576"}],"version-history":[{"count":1,"href":"https:\/\/newsinfoco.com.br\/inicio\/wp-json\/wp\/v2\/posts\/49576\/revisions"}],"predecessor-version":[{"id":49578,"href":"https:\/\/newsinfoco.com.br\/inicio\/wp-json\/wp\/v2\/posts\/49576\/revisions\/49578"}],"wp:featuredmedia":[{"embeddable":true,"href":"https:\/\/newsinfoco.com.br\/inicio\/wp-json\/wp\/v2\/media\/49577"}],"wp:attachment":[{"href":"https:\/\/newsinfoco.com.br\/inicio\/wp-json\/wp\/v2\/media?parent=49576"}],"wp:term":[{"taxonomy":"category","embeddable":true,"href":"https:\/\/newsinfoco.com.br\/inicio\/wp-json\/wp\/v2\/categories?post=49576"},{"taxonomy":"post_tag","embeddable":true,"href":"https:\/\/newsinfoco.com.br\/inicio\/wp-json\/wp\/v2\/tags?post=49576"}],"curies":[{"name":"wp","href":"https:\/\/api.w.org\/{rel}","templated":true}]}}