{"id":49580,"date":"2026-03-07T18:42:08","date_gmt":"2026-03-07T21:42:08","guid":{"rendered":"https:\/\/newsinfoco.com.br\/inicio\/?p=49580"},"modified":"2026-03-07T18:42:08","modified_gmt":"2026-03-07T21:42:08","slug":"psol-rejeita-federacao-do-pt-mas-mantem-apoio-a-lula","status":"publish","type":"post","link":"https:\/\/newsinfoco.com.br\/inicio\/psol-rejeita-federacao-do-pt-mas-mantem-apoio-a-lula\/","title":{"rendered":"PSOL rejeita federa\u00e7\u00e3o do PT, mas mant\u00e9m apoio a Lula"},"content":{"rendered":"<div class=\"conteudo_post\">\n<p data-start=\"213\" data-end=\"589\">O\u00a0<span class=\"hover:entity-accent entity-underline inline cursor-pointer align-baseline\"><span class=\"whitespace-normal\">PSOL<\/span><\/span>\u00a0decidiu neste s\u00e1bado (7) n\u00e3o integrar a\u00a0<span class=\"hover:entity-accent entity-underline inline cursor-pointer align-baseline\"><span class=\"whitespace-normal\">Federa\u00e7\u00e3o Brasil da Esperan\u00e7a<\/span><\/span>, bloco pol\u00edtico formado pelo PT,\u00a0<span class=\"hover:entity-accent entity-underline inline cursor-pointer align-baseline\"><span class=\"whitespace-normal\">PCdoB\u00a0<\/span><\/span>e\u00a0<span class=\"hover:entity-accent entity-underline inline cursor-pointer align-baseline\"><span class=\"whitespace-normal\">PV<\/span><\/span>. A defini\u00e7\u00e3o foi tomada durante reuni\u00e3o do Diret\u00f3rio Nacional realizada em\u00a0<span class=\"hover:entity-accent entity-underline inline cursor-pointer align-baseline\"><span class=\"whitespace-normal\">S\u00e3o Paulo<\/span><\/span>.<\/p>\n<p data-start=\"591\" data-end=\"806\">A poss\u00edvel ades\u00e3o \u00e0 federa\u00e7\u00e3o vinha sendo discutida dentro da legenda como parte das articula\u00e7\u00f5es da esquerda para o cen\u00e1rio eleitoral de 2026, mas acabou n\u00e3o obtendo apoio suficiente entre os dirigentes do partido.<\/p><div class=\"newsi-conteudo_19\" id=\"newsi-938889691\"><a href=\"https:\/\/www.instagram.com\/prefeituraalagoinhas?igsh=YzgzdDJ1bWR3aWI4\" aria-label=\"SAVE_20251006_221555\"><img loading=\"lazy\" decoding=\"async\" src=\"https:\/\/newsinfoco.com.br\/inicio\/wp-content\/uploads\/2025\/10\/SAVE_20251006_221555-rotated.jpg\" alt=\"\"  srcset=\"https:\/\/newsinfoco.com.br\/inicio\/wp-content\/uploads\/2025\/10\/SAVE_20251006_221555-rotated.jpg 1140w, https:\/\/newsinfoco.com.br\/inicio\/wp-content\/uploads\/2025\/10\/SAVE_20251006_221555-300x52.jpg 300w, https:\/\/newsinfoco.com.br\/inicio\/wp-content\/uploads\/2025\/10\/SAVE_20251006_221555-1024x177.jpg 1024w, https:\/\/newsinfoco.com.br\/inicio\/wp-content\/uploads\/2025\/10\/SAVE_20251006_221555-768x133.jpg 768w, https:\/\/newsinfoco.com.br\/inicio\/wp-content\/uploads\/2025\/10\/SAVE_20251006_221555-600x104.jpg 600w, https:\/\/newsinfoco.com.br\/inicio\/wp-content\/uploads\/2025\/10\/SAVE_20251006_221555-696x120.jpg 696w, https:\/\/newsinfoco.com.br\/inicio\/wp-content\/uploads\/2025\/10\/SAVE_20251006_221555-1068x185.jpg 1068w\" sizes=\"(max-width: 1140px) 100vw, 1140px\" width=\"1140\" height=\"197\"   \/><\/a><\/div>\n<div>\n<div>\n<div class=\"trv-player-container\">\n<div class=\"trv-wrapper\">\n<div id=\"br_video_player_f650ebf054c34087998eea1f19e1a19dc3c659f9\" class=\"trvd_video_player trvdinstream\">\n<div class=\"media-player\">\n<div class=\"trv-video\">\n<div id=\"truvid_ima_container90993\" class=\"truvid_ima_container\">\n<div>\n<div>\n<div><\/div>\n<\/div>\n<p><iframe loading=\"lazy\" id=\"goog_1539857692\" title=\"Advertisement\" src=\"https:\/\/imasdk.googleapis.com\/js\/core\/bridge3.746.1_en.html#deid=%22%22&amp;eventfe_experiment_ids=%5B%5D&amp;fid=%22goog_1539857692%22&amp;genotype_experiment_data=%7B%22experimentStateProto%22%3A%22%5B%5B%5B45713128%2Cnull%2Cnull%2C%5B%5D%5D%2C%5Bnull%2C745150931%2Cnull%2C%5Bnull%2C1%5D%5D%2C%5Bnull%2C749060184%2Cnull%2C%5Bnull%2C128%5D%5D%2C%5B841585769%2Cnull%2Cnull%2C%5B1%5D%5D%2C%5B45761044%2Cnull%2Cnull%2C%5B%5D%5D%2C%5B45722344%2Cnull%2Cnull%2C%5B%5D%5D%2C%5B45706017%2Cnull%2Cnull%2C%5B1%5D%5D%2C%5B45740207%2Cnull%2Cnull%2C%5B%5D%5D%2C%5B45668885%2Cnull%2Cnull%2C%5B%5D%5D%2C%5B45685340%2Cnull%2Cnull%2C%5B%5D%5D%2C%5B45734716%2Cnull%2Cnull%2C%5B%5D%5D%2C%5B45735891%2Cnull%2Cnull%2C%5B%5D%5D%2C%5B45663239%2Cnull%2Cnull%2C%5B%5D%5D%2C%5B45715032%2Cnull%2Cnull%2C%5B1%5D%5D%2C%5B45661356%2Cnull%2Cnull%2C%5B%5D%5D%2C%5B839547366%2Cnull%2Cnull%2C%5B1%5D%5D%2C%5B45676441%2Cnull%2Cnull%2C%5B%5D%5D%2C%5B45675307%2Cnull%2Cnull%2C%5B1%5D%5D%2C%5B45675308%2Cnull%2Cnull%2C%5B1%5D%5D%2C%5Bnull%2C45645574%2Cnull%2C%5B%5D%5D%2C%5B45688859%2Cnull%2Cnull%2C%5B%5D%5D%2C%5B45656766%2Cnull%2Cnull%2C%5B%5D%5D%2C%5B45710689%2Cnull%2Cnull%2C%5B%5D%5D%2C%5B45710688%2Cnull%2Cnull%2C%5B1%5D%5D%2C%5B45685601%2Cnull%2Cnull%2C%5B%5D%5D%2C%5Bnull%2C45685602%2Cnull%2C%5Bnull%2C500%5D%5D%2C%5B45756824%2Cnull%2Cnull%2C%5B%5D%5D%2C%5B45747172%2Cnull%2Cnull%2C%5B%5D%5D%2C%5B775241416%2Cnull%2Cnull%2C%5B%5D%5D%2C%5B781107959%2Cnull%2Cnull%2C%5B%5D%5D%2C%5B781107958%2Cnull%2Cnull%2C%5B%5D%5D%2C%5B792614055%2Cnull%2Cnull%2C%5B%5D%5D%2C%5B781107957%2Cnull%2Cnull%2C%5B%5D%5D%2C%5B45729602%2Cnull%2Cnull%2C%5B%5D%5D%2C%5B45753603%2Cnull%2Cnull%2C%5B%5D%5D%2C%5B45753604%2Cnull%2Cnull%2C%5B%5D%5D%2C%5B45658982%2Cnull%2Cnull%2C%5B%5D%5D%2C%5B45725657%2Cnull%2Cnull%2C%5B%5D%5D%5D%2C%5B%5B16%2C%5B%5B1%2C%5B%5B31089630%5D%2C%5B31089631%2C%5B%5B45668885%2Cnull%2Cnull%2C%5B1%5D%5D%5D%5D%5D%5D%2C%5B1000%2C%5B%5B95332046%5D%5D%5D%2C%5Bnull%2C%5B%5B95332047%5D%5D%5D%2C%5B10%2C%5B%5B95338769%2C%5B%5Bnull%2C45645574%2Cnull%2C%5Bnull%2C1%5D%5D%5D%5D%2C%5B95338770%2C%5B%5Bnull%2C45645574%2Cnull%2C%5Bnull%2C2%5D%5D%5D%5D%5D%5D%2C%5B50%2C%5B%5B95345206%5D%2C%5B95345207%2C%5B%5B45661356%2Cnull%2Cnull%2C%5B1%5D%5D%5D%5D%5D%5D%2C%5B1%2C%5B%5B95351425%5D%2C%5B95351426%2C%5B%5B45676441%2Cnull%2Cnull%2C%5B1%5D%5D%5D%5D%5D%5D%2C%5B20%2C%5B%5B95356068%5D%2C%5B95356069%2C%5B%5B45685601%2Cnull%2Cnull%2C%5B%5D%5D%2C%5Bnull%2C45685602%2Cnull%2C%5B%5D%5D%5D%5D%2C%5B95356070%2C%5B%5B45685601%2Cnull%2Cnull%2C%5B1%5D%5D%2C%5Bnull%2C45685602%2Cnull%2C%5B%5D%5D%5D%5D%2C%5B95356071%2C%5B%5B45685601%2Cnull%2Cnull%2C%5B1%5D%5D%2C%5Bnull%2C45685602%2Cnull%2C%5Bnull%2C100%5D%5D%5D%5D%5D%5D%2C%5B1%2C%5B%5B95373378%2C%5B%5B792614055%2Cnull%2Cnull%2C%5B1%5D%5D%5D%5D%2C%5B95373379%2C%5B%5B45747172%2Cnull%2Cnull%2C%5B1%5D%5D%2C%5B781107959%2Cnull%2Cnull%2C%5B1%5D%5D%2C%5B792614055%2Cnull%2Cnull%2C%5B1%5D%5D%2C%5B781107957%2Cnull%2Cnull%2C%5B1%5D%5D%5D%5D%5D%5D%2C%5Bnull%2C%5B%5B95375930%5D%2C%5B95375931%2C%5B%5B45734716%2Cnull%2Cnull%2C%5B1%5D%5D%5D%5D%2C%5B95376520%2C%5B%5B45734716%2Cnull%2Cnull%2C%5B1%5D%5D%2C%5B45735891%2Cnull%2Cnull%2C%5B1%5D%5D%5D%5D%5D%5D%2C%5Bnull%2C%5B%5B95378095%5D%2C%5B95378096%2C%5B%5B45740207%2Cnull%2Cnull%2C%5B1%5D%5D%5D%5D%5D%5D%2C%5B10%2C%5B%5B95378629%5D%2C%5B95378630%2C%5B%5B45729602%2Cnull%2Cnull%2C%5B1%5D%5D%5D%5D%2C%5B95381582%2C%5B%5B45729602%2Cnull%2Cnull%2C%5B1%5D%5D%2C%5B45753603%2Cnull%2Cnull%2C%5B1%5D%5D%5D%5D%2C%5B95381583%2C%5B%5B45729602%2Cnull%2Cnull%2C%5B1%5D%5D%2C%5B45753604%2Cnull%2Cnull%2C%5B1%5D%5D%5D%5D%5D%5D%2C%5B10%2C%5B%5B95382403%5D%2C%5B95382404%2C%5B%5B45756824%2Cnull%2Cnull%2C%5B1%5D%5D%5D%5D%5D%5D%2C%5B10%2C%5B%5B95385117%5D%2C%5B95385118%2C%5B%5B45761044%2Cnull%2Cnull%2C%5B1%5D%5D%5D%5D%5D%5D%5D%5D%5D%2Cnull%2Cnull%2C%5Bnull%2C1000%2C1%2C1000%5D%5D%22%7D&amp;imalib_experiments=%5B95322027%2C95331589%2C95332046%5D&amp;is_eap_loader=false&amp;managed_js_experiment_id=0&amp;page_correlator=1541168227347217&amp;pvsid=7034889892625330&amp;top_accessible_page_url=%22https%3A%2F%2Fbahia.ba%2Fpolitica%2Fpsol-rejeita-federacao-do-pt-mas-mantem-apoio-a-lula%2F%22\" width=\"348\" height=\"195\" allowfullscreen=\"allowfullscreen\" data-mce-fragment=\"1\"><\/iframe><iframe title=\"Advertisement\" data-mce-fragment=\"1\"><\/iframe><\/div>\n<\/div>\n<\/div>\n<div class=\"trv-poster\"><img decoding=\"async\" class=\"trv-poster-img\" src=\"https:\/\/src.trvdp.com\/images\/0aa46f50f4d212677a93d20fb216cea9dcd4ee7a_2.jpg\" alt=\"bahia_ba\" \/><\/div>\n<div class=\"video-overlay\"><\/div>\n<\/div>\n<div class=\"trv-autoskip-container\">\n<div class=\"trv-autoskip-background\"><img class=\"trv-autoskip-poster\" alt=\"auto skip\" width=\"192\" height=\"108\" \/><\/p>\n<div class=\"trv-autoskip-line-top\">\n<div><\/div>\n<\/div>\n<div class=\"trv-autoskip-line-right\">\n<div><\/div>\n<\/div>\n<div class=\"trv-autoskip-line-bottom\">\n<div><\/div>\n<\/div>\n<div class=\"trv-autoskip-line-left\">\n<div><\/div>\n<\/div>\n<\/div>\n<div class=\"autoskip-btn autoskip-btn-blue\"><\/div>\n<div class=\"autoskip-btn autoskip-btn-gray\"><\/div>\n<\/div>\n<div><\/div>\n<p><img decoding=\"async\" src=\"https:\/\/image8.pubmatic.com\/AdServer\/ImgSync?p=167031&amp;gdpr=0&amp;gdpr_consent=&amp;pu=https%3A%2F%2Fv6.truvidplayer.com%2Flive%2Fusersync.php%3Fprovider_id%3Dpubmatic%26user_id%3D%23PMUID\" \/><img decoding=\"async\" src=\"https:\/\/sync.smartadserver.com\/getuid?url=https%3A\/\/v6.truvidplayer.com\/live\/usersync.php%3Fprovider_id%3Dequative%26user_id%3D[sas_uid]&amp;gdpr_consent=&amp;nwid=3356\" \/><\/div>\n<\/div>\n<\/div>\n<\/div>\n<\/div>\n<p data-start=\"808\" data-end=\"1028\">Em comunicado divulgado ap\u00f3s o encontro, o PSOL confirmou a decis\u00e3o. \u201cA proposta de ingresso do PSOL na Federa\u00e7\u00e3o Brasil da Esperan\u00e7a (PT-PCdoB-PV) n\u00e3o foi aprovada pelo Diret\u00f3rio Nacional do PSOL\u201d, informou a sigla.<\/p>\n<p data-start=\"1329\" data-end=\"1582\">Apesar de rejeitar a entrada na alian\u00e7a partid\u00e1ria, o PSOL aprovou por unanimidade o apoio \u00e0 tentativa de reelei\u00e7\u00e3o do presidente\u00a0<span class=\"hover:entity-accent entity-underline inline cursor-pointer align-baseline\"><span class=\"whitespace-normal\">Luiz In\u00e1cio Lula da Silva<\/span><\/span>\u00a0em 2026, repetindo a estrat\u00e9gia adotada pela legenda na elei\u00e7\u00e3o presidencial de 2022.<\/p>\n<\/div>\n<div id=\"author-info\" class=\"ui items\">\n<div class=\"item\">Bahia.Ba<\/div>\n<\/div>\n<div class='share-to-whatsapp-wrapper'><div class='share-on-whsp'>Share on: <\/div><a data-text='PSOL rejeita federa\u00e7\u00e3o do PT, mas mant\u00e9m apoio a Lula' data-link='https:\/\/newsinfoco.com.br\/inicio\/psol-rejeita-federacao-do-pt-mas-mantem-apoio-a-lula\/' class='whatsapp-button whatsapp-share'>WhatsApp<\/a><div class='clear '><\/div><\/div>","protected":false},"excerpt":{"rendered":"<p>O\u00a0PSOL\u00a0decidiu neste s\u00e1bado (7) n\u00e3o integrar a\u00a0Federa\u00e7\u00e3o Brasil da Esperan\u00e7a, bloco pol\u00edtico formado pelo PT,\u00a0PCdoB\u00a0e\u00a0PV. A defini\u00e7\u00e3o foi tomada durante reuni\u00e3o do Diret\u00f3rio Nacional realizada em\u00a0S\u00e3o Paulo. A poss\u00edvel ades\u00e3o \u00e0 federa\u00e7\u00e3o vinha sendo discutida dentro da legenda como parte das articula\u00e7\u00f5es da esquerda para o cen\u00e1rio eleitoral de 2026, mas acabou n\u00e3o obtendo apoio [&hellip;]<\/p>\n","protected":false},"author":1,"featured_media":49581,"comment_status":"closed","ping_status":"closed","sticky":false,"template":"","format":"standard","meta":{"om_disable_all_campaigns":false,"_exactmetrics_skip_tracking":false,"_exactmetrics_sitenote_active":false,"_exactmetrics_sitenote_note":"","_exactmetrics_sitenote_category":0,"footnotes":""},"categories":[21],"tags":[],"class_list":["post-49580","post","type-post","status-publish","format-standard","has-post-thumbnail","hentry","category-brasil"],"aioseo_notices":[],"_links":{"self":[{"href":"https:\/\/newsinfoco.com.br\/inicio\/wp-json\/wp\/v2\/posts\/49580","targetHints":{"allow":["GET"]}}],"collection":[{"href":"https:\/\/newsinfoco.com.br\/inicio\/wp-json\/wp\/v2\/posts"}],"about":[{"href":"https:\/\/newsinfoco.com.br\/inicio\/wp-json\/wp\/v2\/types\/post"}],"author":[{"embeddable":true,"href":"https:\/\/newsinfoco.com.br\/inicio\/wp-json\/wp\/v2\/users\/1"}],"replies":[{"embeddable":true,"href":"https:\/\/newsinfoco.com.br\/inicio\/wp-json\/wp\/v2\/comments?post=49580"}],"version-history":[{"count":1,"href":"https:\/\/newsinfoco.com.br\/inicio\/wp-json\/wp\/v2\/posts\/49580\/revisions"}],"predecessor-version":[{"id":49582,"href":"https:\/\/newsinfoco.com.br\/inicio\/wp-json\/wp\/v2\/posts\/49580\/revisions\/49582"}],"wp:featuredmedia":[{"embeddable":true,"href":"https:\/\/newsinfoco.com.br\/inicio\/wp-json\/wp\/v2\/media\/49581"}],"wp:attachment":[{"href":"https:\/\/newsinfoco.com.br\/inicio\/wp-json\/wp\/v2\/media?parent=49580"}],"wp:term":[{"taxonomy":"category","embeddable":true,"href":"https:\/\/newsinfoco.com.br\/inicio\/wp-json\/wp\/v2\/categories?post=49580"},{"taxonomy":"post_tag","embeddable":true,"href":"https:\/\/newsinfoco.com.br\/inicio\/wp-json\/wp\/v2\/tags?post=49580"}],"curies":[{"name":"wp","href":"https:\/\/api.w.org\/{rel}","templated":true}]}}