{"id":49583,"date":"2026-03-07T18:49:39","date_gmt":"2026-03-07T21:49:39","guid":{"rendered":"https:\/\/newsinfoco.com.br\/inicio\/?p=49583"},"modified":"2026-03-07T18:49:39","modified_gmt":"2026-03-07T21:49:39","slug":"lucas-pinheiro-vence-slalom-gigante-em-etapa-da-copa-do-mundo","status":"publish","type":"post","link":"https:\/\/newsinfoco.com.br\/inicio\/lucas-pinheiro-vence-slalom-gigante-em-etapa-da-copa-do-mundo\/","title":{"rendered":"Lucas Pinheiro vence slalom gigante em etapa da Copa do Mundo"},"content":{"rendered":"<div class=\"conteudo_post\">\n<p data-start=\"119\" data-end=\"477\">O brasileiro\u00a0<span class=\"hover:entity-accent entity-underline inline cursor-pointer align-baseline\"><span class=\"whitespace-normal\">Lucas Pinheiro Braathen<\/span><\/span>\u00a0conquistou neste s\u00e1bado (7) mais um resultado de destaque no esqui alpino. O atleta venceu a disputa do slalom gigante v\u00e1lida pela\u00a0<span class=\"hover:entity-accent entity-underline inline cursor-pointer align-baseline\"><span class=\"whitespace-normal\">Copa do Mundo de Esqui Alpino<\/span><\/span>, realizada na cidade de\u00a0<span class=\"hover:entity-accent entity-underline inline cursor-pointer align-baseline\"><span class=\"whitespace-normal\">Kranjska Gora<\/span><\/span>, na\u00a0<span class=\"hover:entity-accent entity-underline inline cursor-pointer align-baseline\"><span class=\"whitespace-normal\">Eslov\u00eania<\/span><\/span>, completando a prova em 2min11s95.<\/p>\n<p data-start=\"479\" data-end=\"745\">A vit\u00f3ria acontece poucas semanas depois de o esquiador garantir um resultado hist\u00f3rico para o Brasil ao conquistar a primeira medalha de ouro do pa\u00eds nos Jogos de Inverno disputados em\u00a0<span class=\"hover:entity-accent entity-underline inline cursor-pointer align-baseline\"><span class=\"whitespace-normal\">Mil\u00e3o-Cortina<\/span><\/span>, na\u00a0<span class=\"hover:entity-accent entity-underline inline cursor-pointer align-baseline\"><span class=\"whitespace-normal\">It\u00e1lia<\/span><\/span>.<\/p><div class=\"newsi-conteudo_19\" id=\"newsi-1407412076\"><a href=\"https:\/\/www.instagram.com\/prefeituraalagoinhas?igsh=YzgzdDJ1bWR3aWI4\" aria-label=\"SAVE_20251006_221555\"><img loading=\"lazy\" decoding=\"async\" src=\"https:\/\/newsinfoco.com.br\/inicio\/wp-content\/uploads\/2025\/10\/SAVE_20251006_221555-rotated.jpg\" alt=\"\"  srcset=\"https:\/\/newsinfoco.com.br\/inicio\/wp-content\/uploads\/2025\/10\/SAVE_20251006_221555-rotated.jpg 1140w, https:\/\/newsinfoco.com.br\/inicio\/wp-content\/uploads\/2025\/10\/SAVE_20251006_221555-300x52.jpg 300w, https:\/\/newsinfoco.com.br\/inicio\/wp-content\/uploads\/2025\/10\/SAVE_20251006_221555-1024x177.jpg 1024w, https:\/\/newsinfoco.com.br\/inicio\/wp-content\/uploads\/2025\/10\/SAVE_20251006_221555-768x133.jpg 768w, https:\/\/newsinfoco.com.br\/inicio\/wp-content\/uploads\/2025\/10\/SAVE_20251006_221555-600x104.jpg 600w, https:\/\/newsinfoco.com.br\/inicio\/wp-content\/uploads\/2025\/10\/SAVE_20251006_221555-696x120.jpg 696w, https:\/\/newsinfoco.com.br\/inicio\/wp-content\/uploads\/2025\/10\/SAVE_20251006_221555-1068x185.jpg 1068w\" sizes=\"(max-width: 1140px) 100vw, 1140px\" width=\"1140\" height=\"197\"   \/><\/a><\/div>\n<p data-start=\"747\" data-end=\"1057\">Na etapa deste s\u00e1bado, o su\u00ed\u00e7o\u00a0<span class=\"hover:entity-accent entity-underline inline cursor-pointer align-baseline\"><span class=\"whitespace-normal\">Lo\u00efc Meillard<\/span><\/span>\u00a0terminou na segunda coloca\u00e7\u00e3o, enquanto o austr\u00edaco\u00a0<span class=\"hover:entity-accent entity-underline inline cursor-pointer align-baseline\"><span class=\"whitespace-normal\">Stefan Brennsteiner<\/span><\/span>\u00a0ficou com o terceiro lugar. J\u00e1 o tamb\u00e9m su\u00ed\u00e7o\u00a0<span class=\"hover:entity-accent entity-underline inline cursor-pointer align-baseline\"><span class=\"whitespace-normal\">Marco Odermatt<\/span><\/span>, l\u00edder da classifica\u00e7\u00e3o da modalidade, finalizou a prova em quinto.<\/p>\n<p data-start=\"1059\" data-end=\"1202\">Com o resultado, Braathen soma 447 pontos e ocupa a segunda posi\u00e7\u00e3o no ranking do slalom gigante, atr\u00e1s apenas de Odermatt, que lidera com 495.<\/p>\n<p data-start=\"1204\" data-end=\"1384\">Na classifica\u00e7\u00e3o do slalom, o brasileiro tamb\u00e9m aparece na vice-lideran\u00e7a, com 451 pontos, um a menos que o noruegu\u00eas\u00a0<span class=\"hover:entity-accent entity-underline inline cursor-pointer align-baseline\"><span class=\"whitespace-normal\">Atle Lie McGrath<\/span><\/span>, atual l\u00edder da disputa.<\/p>\n<div>\n<div>\n<div class=\"trv-player-container\">\n<div class=\"trv-wrapper\">\n<div id=\"br_video_player_c8799259183662b4ac6dea1f19e1a19dc3c659f9\" class=\"trvd_video_player trvdinstream\">\n<div class=\"media-player\">\n<div class=\"trv-video\">\n<div id=\"truvid_ima_container58439\" class=\"truvid_ima_container\">\n<div>\n<div><\/div>\n<\/div>\n<\/div>\n<\/div>\n<\/div>\n<\/div>\n<\/div>\n<\/div>\n<\/div>\n<\/div>\n<p data-start=\"1386\" data-end=\"1536\">A pr\u00f3xima prova est\u00e1 prevista para este domingo (8). A primeira descida come\u00e7a \u00e0s 5h30, no hor\u00e1rio de Bras\u00edlia, e a segunda est\u00e1 programada para 8h30.<\/p>\n<p data-start=\"1538\" data-end=\"1725\" data-is-last-node=\"\" data-is-only-node=\"\">As finais da temporada da Copa do Mundo de esqui alpino ser\u00e3o disputadas nos dias 24 e 25 de mar\u00e7o, em\u00a0<span class=\"hover:entity-accent entity-underline inline cursor-pointer align-baseline\"><span class=\"whitespace-normal\">Lillehammer<\/span><\/span>, na\u00a0<span class=\"hover:entity-accent entity-underline inline cursor-pointer align-baseline\"><span class=\"whitespace-normal\">Noruega<\/span><\/span>.<\/p>\n<\/div>\n<div id=\"author-info\" class=\"ui items\">\n<div class=\"item\">Bahia.Ba<\/div>\n<\/div>\n<div class='share-to-whatsapp-wrapper'><div class='share-on-whsp'>Share on: <\/div><a data-text='Lucas Pinheiro vence slalom gigante em etapa da Copa do Mundo' data-link='https:\/\/newsinfoco.com.br\/inicio\/lucas-pinheiro-vence-slalom-gigante-em-etapa-da-copa-do-mundo\/' class='whatsapp-button whatsapp-share'>WhatsApp<\/a><div class='clear '><\/div><\/div>","protected":false},"excerpt":{"rendered":"<p>O brasileiro\u00a0Lucas Pinheiro Braathen\u00a0conquistou neste s\u00e1bado (7) mais um resultado de destaque no esqui alpino. O atleta venceu a disputa do slalom gigante v\u00e1lida pela\u00a0Copa do Mundo de Esqui Alpino, realizada na cidade de\u00a0Kranjska Gora, na\u00a0Eslov\u00eania, completando a prova em 2min11s95. A vit\u00f3ria acontece poucas semanas depois de o esquiador garantir um resultado hist\u00f3rico para [&hellip;]<\/p>\n","protected":false},"author":1,"featured_media":49584,"comment_status":"closed","ping_status":"closed","sticky":false,"template":"","format":"standard","meta":{"om_disable_all_campaigns":false,"_exactmetrics_skip_tracking":false,"_exactmetrics_sitenote_active":false,"_exactmetrics_sitenote_note":"","_exactmetrics_sitenote_category":0,"footnotes":""},"categories":[21],"tags":[],"class_list":["post-49583","post","type-post","status-publish","format-standard","has-post-thumbnail","hentry","category-brasil"],"aioseo_notices":[],"_links":{"self":[{"href":"https:\/\/newsinfoco.com.br\/inicio\/wp-json\/wp\/v2\/posts\/49583","targetHints":{"allow":["GET"]}}],"collection":[{"href":"https:\/\/newsinfoco.com.br\/inicio\/wp-json\/wp\/v2\/posts"}],"about":[{"href":"https:\/\/newsinfoco.com.br\/inicio\/wp-json\/wp\/v2\/types\/post"}],"author":[{"embeddable":true,"href":"https:\/\/newsinfoco.com.br\/inicio\/wp-json\/wp\/v2\/users\/1"}],"replies":[{"embeddable":true,"href":"https:\/\/newsinfoco.com.br\/inicio\/wp-json\/wp\/v2\/comments?post=49583"}],"version-history":[{"count":1,"href":"https:\/\/newsinfoco.com.br\/inicio\/wp-json\/wp\/v2\/posts\/49583\/revisions"}],"predecessor-version":[{"id":49585,"href":"https:\/\/newsinfoco.com.br\/inicio\/wp-json\/wp\/v2\/posts\/49583\/revisions\/49585"}],"wp:featuredmedia":[{"embeddable":true,"href":"https:\/\/newsinfoco.com.br\/inicio\/wp-json\/wp\/v2\/media\/49584"}],"wp:attachment":[{"href":"https:\/\/newsinfoco.com.br\/inicio\/wp-json\/wp\/v2\/media?parent=49583"}],"wp:term":[{"taxonomy":"category","embeddable":true,"href":"https:\/\/newsinfoco.com.br\/inicio\/wp-json\/wp\/v2\/categories?post=49583"},{"taxonomy":"post_tag","embeddable":true,"href":"https:\/\/newsinfoco.com.br\/inicio\/wp-json\/wp\/v2\/tags?post=49583"}],"curies":[{"name":"wp","href":"https:\/\/api.w.org\/{rel}","templated":true}]}}