{"id":49586,"date":"2026-03-07T18:56:26","date_gmt":"2026-03-07T21:56:26","guid":{"rendered":"https:\/\/newsinfoco.com.br\/inicio\/?p=49586"},"modified":"2026-03-07T18:56:26","modified_gmt":"2026-03-07T21:56:26","slug":"michelle-bolsonaro-reage-a-criticas-de-ciro-gomes-nas-redes-sociais","status":"publish","type":"post","link":"https:\/\/newsinfoco.com.br\/inicio\/michelle-bolsonaro-reage-a-criticas-de-ciro-gomes-nas-redes-sociais\/","title":{"rendered":"Michelle Bolsonaro reage a cr\u00edticas de Ciro Gomes nas redes sociais"},"content":{"rendered":"<div class=\"conteudo_post\">\n<p data-start=\"0\" data-end=\"277\">A ex-primeira-dama\u00a0<span class=\"hover:entity-accent entity-underline inline cursor-pointer align-baseline\"><span class=\"whitespace-normal\">Michelle Bolsonaro<\/span><\/span>\u00a0(PL) respondeu \u00e0s cr\u00edticas feitas por\u00a0<span class=\"hover:entity-accent entity-underline inline cursor-pointer align-baseline\"><span class=\"whitespace-normal\">Ciro Gomes<\/span><\/span>\u00a0ap\u00f3s declara\u00e7\u00f5es dela envolvendo o deputado federal\u00a0<span class=\"hover:entity-accent entity-underline inline cursor-pointer align-baseline\"><span class=\"whitespace-normal\">Andr\u00e9 Fernandes<\/span><\/span>\u00a0(PL), no contexto das articula\u00e7\u00f5es pol\u00edticas no Cear\u00e1.<\/p>\n<p data-start=\"279\" data-end=\"685\">Ciro, que recentemente se filiou ao\u00a0<span class=\"hover:entity-accent entity-underline inline cursor-pointer align-baseline\"><span class=\"whitespace-normal\">Partido da Social Democracia Brasileira<\/span><\/span>\u00a0(PSDB), tem se aproximado politicamente de Andr\u00e9 Fernandes no estado. O ex-governador afirmou que Michelle teria \u201chumilhado\u201d o parlamentar ao declarar apoio ao senador\u00a0<span class=\"hover:entity-accent entity-underline inline cursor-pointer align-baseline\"><span class=\"whitespace-normal\">Eduardo Gir\u00e3o<\/span><\/span>\u00a0(Novo) como poss\u00edvel candidato ao governo do Cear\u00e1.<\/p><div class=\"newsi-conteudo_19\" id=\"newsi-215316970\"><a href=\"https:\/\/www.instagram.com\/prefeituraalagoinhas?igsh=YzgzdDJ1bWR3aWI4\" aria-label=\"SAVE_20251006_221555\"><img loading=\"lazy\" decoding=\"async\" src=\"https:\/\/newsinfoco.com.br\/inicio\/wp-content\/uploads\/2025\/10\/SAVE_20251006_221555-rotated.jpg\" alt=\"\"  srcset=\"https:\/\/newsinfoco.com.br\/inicio\/wp-content\/uploads\/2025\/10\/SAVE_20251006_221555-rotated.jpg 1140w, https:\/\/newsinfoco.com.br\/inicio\/wp-content\/uploads\/2025\/10\/SAVE_20251006_221555-300x52.jpg 300w, https:\/\/newsinfoco.com.br\/inicio\/wp-content\/uploads\/2025\/10\/SAVE_20251006_221555-1024x177.jpg 1024w, https:\/\/newsinfoco.com.br\/inicio\/wp-content\/uploads\/2025\/10\/SAVE_20251006_221555-768x133.jpg 768w, https:\/\/newsinfoco.com.br\/inicio\/wp-content\/uploads\/2025\/10\/SAVE_20251006_221555-600x104.jpg 600w, https:\/\/newsinfoco.com.br\/inicio\/wp-content\/uploads\/2025\/10\/SAVE_20251006_221555-696x120.jpg 696w, https:\/\/newsinfoco.com.br\/inicio\/wp-content\/uploads\/2025\/10\/SAVE_20251006_221555-1068x185.jpg 1068w\" sizes=\"(max-width: 1140px) 100vw, 1140px\" width=\"1140\" height=\"197\"   \/><\/a><\/div>\n<p data-start=\"687\" data-end=\"791\">Em publica\u00e7\u00e3o nas redes sociais, Michelle reagiu \u00e0s cr\u00edticas e afirmou que n\u00e3o abre m\u00e3o de seus valores.<\/p>\n<div>\n<div>\n<div class=\"trv-player-container\">\n<div class=\"trv-wrapper\">\n<div id=\"br_video_player_1bdad4d6724c3626ec05ea1f19e1a19dc3c659f9\" class=\"trvd_video_player trvdinstream\">\n<div class=\"media-player\">\n<div class=\"trv-video\">\n<div id=\"truvid_ima_container37359\" class=\"truvid_ima_container\">\n<div>\n<div><\/div>\n<\/div>\n<\/div>\n<\/div>\n<\/div>\n<\/div>\n<\/div>\n<\/div>\n<\/div>\n<\/div>\n<p data-start=\"793\" data-end=\"924\">\u201cComo crist\u00e3, esposa e m\u00e3e de fam\u00edlia jamais\u2026 Jamais trocarei nossos princ\u00edpios e valores em nome de um tal pragmatismo\u201d, escreveu.<\/p>\n<p data-start=\"926\" data-end=\"1173\" data-is-last-node=\"\" data-is-only-node=\"\">Na mesma manifesta\u00e7\u00e3o, a ex-primeira-dama tamb\u00e9m relembrou uma declara\u00e7\u00e3o feita por Ciro durante a disputa presidencial de 2018 contra\u00a0<span class=\"hover:entity-accent entity-underline inline cursor-pointer align-baseline\"><span class=\"whitespace-normal\">Jair Bolsonaro<\/span><\/span>. Na ocasi\u00e3o, o ex-ministro classificou o ent\u00e3o candidato como \u201cmentiroso\u201d.<\/p>\n<\/div>\n<div id=\"author-info\" class=\"ui items\">\n<div class=\"item\">Bahia.Ba<\/div>\n<\/div>\n<div class='share-to-whatsapp-wrapper'><div class='share-on-whsp'>Share on: <\/div><a data-text='Michelle Bolsonaro reage a cr\u00edticas de Ciro Gomes nas redes sociais' data-link='https:\/\/newsinfoco.com.br\/inicio\/michelle-bolsonaro-reage-a-criticas-de-ciro-gomes-nas-redes-sociais\/' class='whatsapp-button whatsapp-share'>WhatsApp<\/a><div class='clear '><\/div><\/div>","protected":false},"excerpt":{"rendered":"<p>A ex-primeira-dama\u00a0Michelle Bolsonaro\u00a0(PL) respondeu \u00e0s cr\u00edticas feitas por\u00a0Ciro Gomes\u00a0ap\u00f3s declara\u00e7\u00f5es dela envolvendo o deputado federal\u00a0Andr\u00e9 Fernandes\u00a0(PL), no contexto das articula\u00e7\u00f5es pol\u00edticas no Cear\u00e1. Ciro, que recentemente se filiou ao\u00a0Partido da Social Democracia Brasileira\u00a0(PSDB), tem se aproximado politicamente de Andr\u00e9 Fernandes no estado. O ex-governador afirmou que Michelle teria \u201chumilhado\u201d o parlamentar ao declarar apoio ao [&hellip;]<\/p>\n","protected":false},"author":1,"featured_media":49587,"comment_status":"closed","ping_status":"closed","sticky":false,"template":"","format":"standard","meta":{"om_disable_all_campaigns":false,"_exactmetrics_skip_tracking":false,"_exactmetrics_sitenote_active":false,"_exactmetrics_sitenote_note":"","_exactmetrics_sitenote_category":0,"footnotes":""},"categories":[21],"tags":[],"class_list":["post-49586","post","type-post","status-publish","format-standard","has-post-thumbnail","hentry","category-brasil"],"aioseo_notices":[],"_links":{"self":[{"href":"https:\/\/newsinfoco.com.br\/inicio\/wp-json\/wp\/v2\/posts\/49586","targetHints":{"allow":["GET"]}}],"collection":[{"href":"https:\/\/newsinfoco.com.br\/inicio\/wp-json\/wp\/v2\/posts"}],"about":[{"href":"https:\/\/newsinfoco.com.br\/inicio\/wp-json\/wp\/v2\/types\/post"}],"author":[{"embeddable":true,"href":"https:\/\/newsinfoco.com.br\/inicio\/wp-json\/wp\/v2\/users\/1"}],"replies":[{"embeddable":true,"href":"https:\/\/newsinfoco.com.br\/inicio\/wp-json\/wp\/v2\/comments?post=49586"}],"version-history":[{"count":1,"href":"https:\/\/newsinfoco.com.br\/inicio\/wp-json\/wp\/v2\/posts\/49586\/revisions"}],"predecessor-version":[{"id":49588,"href":"https:\/\/newsinfoco.com.br\/inicio\/wp-json\/wp\/v2\/posts\/49586\/revisions\/49588"}],"wp:featuredmedia":[{"embeddable":true,"href":"https:\/\/newsinfoco.com.br\/inicio\/wp-json\/wp\/v2\/media\/49587"}],"wp:attachment":[{"href":"https:\/\/newsinfoco.com.br\/inicio\/wp-json\/wp\/v2\/media?parent=49586"}],"wp:term":[{"taxonomy":"category","embeddable":true,"href":"https:\/\/newsinfoco.com.br\/inicio\/wp-json\/wp\/v2\/categories?post=49586"},{"taxonomy":"post_tag","embeddable":true,"href":"https:\/\/newsinfoco.com.br\/inicio\/wp-json\/wp\/v2\/tags?post=49586"}],"curies":[{"name":"wp","href":"https:\/\/api.w.org\/{rel}","templated":true}]}}