{"id":49589,"date":"2026-03-07T19:02:22","date_gmt":"2026-03-07T22:02:22","guid":{"rendered":"https:\/\/newsinfoco.com.br\/inicio\/?p=49589"},"modified":"2026-03-07T19:02:22","modified_gmt":"2026-03-07T22:02:22","slug":"flavio-bolsonaro-pede-saida-de-moraes-apos-supostas-mensagens-com-vorcaro","status":"publish","type":"post","link":"https:\/\/newsinfoco.com.br\/inicio\/flavio-bolsonaro-pede-saida-de-moraes-apos-supostas-mensagens-com-vorcaro\/","title":{"rendered":"Fl\u00e1vio Bolsonaro pede sa\u00edda de Moraes ap\u00f3s supostas mensagens com Vorcaro"},"content":{"rendered":"<div class=\"conteudo_post\">\n<p>O senador e pr\u00e9-candidato \u00e0 Presid\u00eancia da Rep\u00fablica Fl\u00e1vio Bolsonaro (PL-RJ) reagiu \u00e0 divulga\u00e7\u00e3o de\u00a0<a href=\"https:\/\/bahia.ba\/politica\/dono-do-banco-master-conversou-com-moraes-por-whatsapp-horas-antes-de-ser-preso\/\" target=\"_blank\" rel=\"noopener noreferrer\">supostas mensagens entre o ministro do Supremo Tribunal Federal (STF) Alexandre de Moraes e o empres\u00e1rio Daniel Vorcaro, dono do Banco Master<\/a>. O caso teria ocorrido no dia em que o banqueiro foi preso pela Pol\u00edcia Federal pela primeira vez, em novembro de 2025. O ministro nega qualquer conversa.<\/p>\n<p>Neste s\u00e1bado (7), Fl\u00e1vio publicou nas redes sociais cr\u00edticas ao magistrado e afirmou que Moraes deveria deixar o cargo na Suprema Corte.<\/p><div class=\"newsi-conteudo_19\" id=\"newsi-253257851\"><a href=\"https:\/\/www.instagram.com\/prefeituraalagoinhas?igsh=YzgzdDJ1bWR3aWI4\" aria-label=\"SAVE_20251006_221555\"><img loading=\"lazy\" decoding=\"async\" src=\"https:\/\/newsinfoco.com.br\/inicio\/wp-content\/uploads\/2025\/10\/SAVE_20251006_221555-rotated.jpg\" alt=\"\"  srcset=\"https:\/\/newsinfoco.com.br\/inicio\/wp-content\/uploads\/2025\/10\/SAVE_20251006_221555-rotated.jpg 1140w, https:\/\/newsinfoco.com.br\/inicio\/wp-content\/uploads\/2025\/10\/SAVE_20251006_221555-300x52.jpg 300w, https:\/\/newsinfoco.com.br\/inicio\/wp-content\/uploads\/2025\/10\/SAVE_20251006_221555-1024x177.jpg 1024w, https:\/\/newsinfoco.com.br\/inicio\/wp-content\/uploads\/2025\/10\/SAVE_20251006_221555-768x133.jpg 768w, https:\/\/newsinfoco.com.br\/inicio\/wp-content\/uploads\/2025\/10\/SAVE_20251006_221555-600x104.jpg 600w, https:\/\/newsinfoco.com.br\/inicio\/wp-content\/uploads\/2025\/10\/SAVE_20251006_221555-696x120.jpg 696w, https:\/\/newsinfoco.com.br\/inicio\/wp-content\/uploads\/2025\/10\/SAVE_20251006_221555-1068x185.jpg 1068w\" sizes=\"(max-width: 1140px) 100vw, 1140px\" width=\"1140\" height=\"197\"   \/><\/a><\/div>\n<p>\u201cAlexandre de Moraes deve renunciar, pelo bem da democracia e do Judici\u00e1rio brasileiro! Ou sofrer, imediatamente, processo de impeachment no Senado Federal. As mensagens reveladas escancaram que ele atuava como advogado de fato. Era parte interessada nas demandas. Isso \u00e9 absolutamente incompat\u00edvel com a fun\u00e7\u00e3o e configura crime. N\u00e3o h\u00e1 mais qualquer condi\u00e7\u00e3o de perman\u00eancia no cargo\u201d, escreveu o senador.<\/p>\n<p>O parlamentar tamb\u00e9m direcionou cr\u00edticas ao procurador-geral da Rep\u00fablica, Paulo Gonet, afirmando que ele deveria ter determinado a abertura de uma investiga\u00e7\u00e3o sobre o caso.<\/p>\n<p>\u201cOutro esc\u00e2ndalo \u00e9 o Procurador-Geral da Rep\u00fablica (PGR), Paulo Gonet, at\u00e9 agora n\u00e3o ter aberto investiga\u00e7\u00e3o contra Moraes. As institui\u00e7\u00f5es precisam ser preservadas das pessoas que as envergonham!\u201d, afirmou.<\/p>\n<p><strong>STF nega conversas<\/strong><\/p>\n<p>Na noite de sexta-feira (6), a Secretaria de Comunica\u00e7\u00e3o do Supremo Tribunal Federal\u00a0<a href=\"https:\/\/bahia.ba\/politica\/moraes-se-pronuncia-sobre-supostas-mensagens-com-vorcaro\/\" target=\"_blank\" rel=\"noopener noreferrer\">divulgou uma nota negando qualquer troca de mensagens entre Alexandre de Moraes e Daniel Vorcaro<\/a>. O posicionamento foi publicado a pedido do gabinete do ministro.<\/p>\n<p>O assunto ganhou repercuss\u00e3o ap\u00f3s o blog da jornalista Malu Gaspar, do jornal O Globo, divulgar imagens de mensagens atribu\u00eddas ao banqueiro, enviadas ao ministro em novembro do ano passado, poucas horas antes da pris\u00e3o.<\/p>\n<p>Segundo o STF, uma an\u00e1lise t\u00e9cnica dos dados telem\u00e1ticos de Vorcaro, que foram tornados p\u00fablicos pela CPMI do INSS, indicou que as mensagens de visualiza\u00e7\u00e3o \u00fanica enviadas em 17 de novembro de 2025 n\u00e3o correspondem a contatos ligados ao ministro.<\/p>\n<p>Ainda de acordo com a nota, os prints divulgados estariam associados a outros contatos do empres\u00e1rio e n\u00e3o a Alexandre de Moraes.<\/p>\n<\/div>\n<div id=\"author-info\" class=\"ui items\">\n<div class=\"item\">Bahia.Ba<\/div>\n<\/div>\n<div class='share-to-whatsapp-wrapper'><div class='share-on-whsp'>Share on: <\/div><a data-text='Fl\u00e1vio Bolsonaro pede sa\u00edda de Moraes ap\u00f3s supostas mensagens com Vorcaro' data-link='https:\/\/newsinfoco.com.br\/inicio\/flavio-bolsonaro-pede-saida-de-moraes-apos-supostas-mensagens-com-vorcaro\/' class='whatsapp-button whatsapp-share'>WhatsApp<\/a><div class='clear '><\/div><\/div>","protected":false},"excerpt":{"rendered":"<p>O senador e pr\u00e9-candidato \u00e0 Presid\u00eancia da Rep\u00fablica Fl\u00e1vio Bolsonaro (PL-RJ) reagiu \u00e0 divulga\u00e7\u00e3o de\u00a0supostas mensagens entre o ministro do Supremo Tribunal Federal (STF) Alexandre de Moraes e o empres\u00e1rio Daniel Vorcaro, dono do Banco Master. O caso teria ocorrido no dia em que o banqueiro foi preso pela Pol\u00edcia Federal pela primeira vez, em [&hellip;]<\/p>\n","protected":false},"author":1,"featured_media":49590,"comment_status":"closed","ping_status":"closed","sticky":false,"template":"","format":"standard","meta":{"om_disable_all_campaigns":false,"_exactmetrics_skip_tracking":false,"_exactmetrics_sitenote_active":false,"_exactmetrics_sitenote_note":"","_exactmetrics_sitenote_category":0,"footnotes":""},"categories":[19],"tags":[],"class_list":["post-49589","post","type-post","status-publish","format-standard","has-post-thumbnail","hentry","category-bahia"],"aioseo_notices":[],"_links":{"self":[{"href":"https:\/\/newsinfoco.com.br\/inicio\/wp-json\/wp\/v2\/posts\/49589","targetHints":{"allow":["GET"]}}],"collection":[{"href":"https:\/\/newsinfoco.com.br\/inicio\/wp-json\/wp\/v2\/posts"}],"about":[{"href":"https:\/\/newsinfoco.com.br\/inicio\/wp-json\/wp\/v2\/types\/post"}],"author":[{"embeddable":true,"href":"https:\/\/newsinfoco.com.br\/inicio\/wp-json\/wp\/v2\/users\/1"}],"replies":[{"embeddable":true,"href":"https:\/\/newsinfoco.com.br\/inicio\/wp-json\/wp\/v2\/comments?post=49589"}],"version-history":[{"count":1,"href":"https:\/\/newsinfoco.com.br\/inicio\/wp-json\/wp\/v2\/posts\/49589\/revisions"}],"predecessor-version":[{"id":49591,"href":"https:\/\/newsinfoco.com.br\/inicio\/wp-json\/wp\/v2\/posts\/49589\/revisions\/49591"}],"wp:featuredmedia":[{"embeddable":true,"href":"https:\/\/newsinfoco.com.br\/inicio\/wp-json\/wp\/v2\/media\/49590"}],"wp:attachment":[{"href":"https:\/\/newsinfoco.com.br\/inicio\/wp-json\/wp\/v2\/media?parent=49589"}],"wp:term":[{"taxonomy":"category","embeddable":true,"href":"https:\/\/newsinfoco.com.br\/inicio\/wp-json\/wp\/v2\/categories?post=49589"},{"taxonomy":"post_tag","embeddable":true,"href":"https:\/\/newsinfoco.com.br\/inicio\/wp-json\/wp\/v2\/tags?post=49589"}],"curies":[{"name":"wp","href":"https:\/\/api.w.org\/{rel}","templated":true}]}}