{"id":49592,"date":"2026-03-07T19:08:05","date_gmt":"2026-03-07T22:08:05","guid":{"rendered":"https:\/\/newsinfoco.com.br\/inicio\/?p=49592"},"modified":"2026-03-07T19:08:05","modified_gmt":"2026-03-07T22:08:05","slug":"e-do-brasil-rafaela-silva-conquista-ouro-em-torneio-internacional-de-judo","status":"publish","type":"post","link":"https:\/\/newsinfoco.com.br\/inicio\/e-do-brasil-rafaela-silva-conquista-ouro-em-torneio-internacional-de-judo\/","title":{"rendered":"\u00c9 do Brasil! Rafaela Silva conquista ouro em torneio internacional de jud\u00f4"},"content":{"rendered":"<div class=\"conteudo_post\">\n<p>A brasileira Rafaela Silva, campe\u00e3 ol\u00edmpica em 2016 e bicampe\u00e3 mundial de jud\u00f4, conquistou neste s\u00e1bado (7) a\u00a0<strong>medalha de ouro do Grand Prix da \u00c1ustria<\/strong>\u00a0na categoria at\u00e9 63kg. A judoca venceu quatro combates contra advers\u00e1rias europeias, com direito a tr\u00eas ippons, o \u201cnocaute\u201d do jud\u00f4.<\/p>\n<p>Na decis\u00e3o, a carioca de 33 anos superou Laura Fazliu, do Kosovo, medalhista ol\u00edmpica de bronze em Paris 2024. Antes da final, Rafaela enfrentou Raffaella Ciano (It\u00e1lia), Yoana Manova (Bulg\u00e1ria) e Laura Fernandez (Espanha).<\/p><div class=\"newsi-conteudo_19\" id=\"newsi-2725358413\"><a href=\"https:\/\/www.instagram.com\/prefeituraalagoinhas?igsh=YzgzdDJ1bWR3aWI4\" aria-label=\"SAVE_20251006_221555\"><img loading=\"lazy\" decoding=\"async\" src=\"https:\/\/newsinfoco.com.br\/inicio\/wp-content\/uploads\/2025\/10\/SAVE_20251006_221555-rotated.jpg\" alt=\"\"  srcset=\"https:\/\/newsinfoco.com.br\/inicio\/wp-content\/uploads\/2025\/10\/SAVE_20251006_221555-rotated.jpg 1140w, https:\/\/newsinfoco.com.br\/inicio\/wp-content\/uploads\/2025\/10\/SAVE_20251006_221555-300x52.jpg 300w, https:\/\/newsinfoco.com.br\/inicio\/wp-content\/uploads\/2025\/10\/SAVE_20251006_221555-1024x177.jpg 1024w, https:\/\/newsinfoco.com.br\/inicio\/wp-content\/uploads\/2025\/10\/SAVE_20251006_221555-768x133.jpg 768w, https:\/\/newsinfoco.com.br\/inicio\/wp-content\/uploads\/2025\/10\/SAVE_20251006_221555-600x104.jpg 600w, https:\/\/newsinfoco.com.br\/inicio\/wp-content\/uploads\/2025\/10\/SAVE_20251006_221555-696x120.jpg 696w, https:\/\/newsinfoco.com.br\/inicio\/wp-content\/uploads\/2025\/10\/SAVE_20251006_221555-1068x185.jpg 1068w\" sizes=\"(max-width: 1140px) 100vw, 1140px\" width=\"1140\" height=\"197\"   \/><\/a><\/div>\n<p>A conquista versa com a boa fase da atleta, que\u00a0<strong>tamb\u00e9m venceu recentemente o Grand Slam de Paris<\/strong>, disputado no m\u00eas passado na capital francesa.<\/p>\n<p><strong>Mais brasileiros na disputa<\/strong><\/p>\n<p>Ainda neste s\u00e1bado, dois brasileiros disputaram a medalha de bronze na categoria masculina at\u00e9 73kg. Daniel Cargnin, medalhista ol\u00edmpico e atual vice-campe\u00e3o mundial, levou a melhor sobre Guilherme de Oliveira e garantiu lugar no p\u00f3dio.<\/p>\n<p>Outros brasileiros tamb\u00e9m entraram no tatame, mas n\u00e3o avan\u00e7aram \u00e0 disputa por medalhas. Kaillany Cardoso (70kg), Gabriel Falc\u00e3o (81kg) e Kauan dos Santos (81kg) ficaram fora do p\u00f3dio.<\/p>\n<div>\n<div>\n<div class=\"trv-player-container\">\n<div class=\"trv-wrapper\">\n<div id=\"br_video_player_90ac611801bb4a36aa55ea1f19e1a19dc3c659f9\" class=\"trvd_video_player trvdinstream\">\n<div class=\"media-player\">\n<div class=\"trv-video\">\n<div id=\"truvid_ima_container90585\" class=\"truvid_ima_container\">\n<div>\n<div><\/div>\n<\/div>\n<\/div>\n<\/div>\n<\/div>\n<\/div>\n<\/div>\n<\/div>\n<\/div>\n<\/div>\n<p>Na sexta-feira (6), o Brasil j\u00e1 havia conquistado outras duas medalhas no torneio: Ronald Lima ficou com a prata na categoria at\u00e9 66kg, enquanto Gabriela Concei\u00e7\u00e3o levou o bronze no peso at\u00e9 48kg.<\/p>\n<p>O Grand Prix da \u00c1ustria ser\u00e1 encerrado neste domingo (8), quando mais atletas brasileiros entram em a\u00e7\u00e3o: Rafael Macedo (90kg), Marcelo Fronckowiak (90kg), Beatriz Freitas (78kg), Giovani Ferreira (100kg) e Giovana Santos (+78kg).<\/p>\n<\/div>\n<div id=\"author-info\" class=\"ui items\">\n<div class=\"item\">Bahia.Ba<\/div>\n<\/div>\n<div class='share-to-whatsapp-wrapper'><div class='share-on-whsp'>Share on: <\/div><a data-text='\u00c9 do Brasil! Rafaela Silva conquista ouro em torneio internacional de jud\u00f4' data-link='https:\/\/newsinfoco.com.br\/inicio\/e-do-brasil-rafaela-silva-conquista-ouro-em-torneio-internacional-de-judo\/' class='whatsapp-button whatsapp-share'>WhatsApp<\/a><div class='clear '><\/div><\/div>","protected":false},"excerpt":{"rendered":"<p>A brasileira Rafaela Silva, campe\u00e3 ol\u00edmpica em 2016 e bicampe\u00e3 mundial de jud\u00f4, conquistou neste s\u00e1bado (7) a\u00a0medalha de ouro do Grand Prix da \u00c1ustria\u00a0na categoria at\u00e9 63kg. A judoca venceu quatro combates contra advers\u00e1rias europeias, com direito a tr\u00eas ippons, o \u201cnocaute\u201d do jud\u00f4. Na decis\u00e3o, a carioca de 33 anos superou Laura Fazliu, [&hellip;]<\/p>\n","protected":false},"author":1,"featured_media":49593,"comment_status":"closed","ping_status":"closed","sticky":false,"template":"","format":"standard","meta":{"om_disable_all_campaigns":false,"_exactmetrics_skip_tracking":false,"_exactmetrics_sitenote_active":false,"_exactmetrics_sitenote_note":"","_exactmetrics_sitenote_category":0,"footnotes":""},"categories":[21],"tags":[],"class_list":["post-49592","post","type-post","status-publish","format-standard","has-post-thumbnail","hentry","category-brasil"],"aioseo_notices":[],"_links":{"self":[{"href":"https:\/\/newsinfoco.com.br\/inicio\/wp-json\/wp\/v2\/posts\/49592","targetHints":{"allow":["GET"]}}],"collection":[{"href":"https:\/\/newsinfoco.com.br\/inicio\/wp-json\/wp\/v2\/posts"}],"about":[{"href":"https:\/\/newsinfoco.com.br\/inicio\/wp-json\/wp\/v2\/types\/post"}],"author":[{"embeddable":true,"href":"https:\/\/newsinfoco.com.br\/inicio\/wp-json\/wp\/v2\/users\/1"}],"replies":[{"embeddable":true,"href":"https:\/\/newsinfoco.com.br\/inicio\/wp-json\/wp\/v2\/comments?post=49592"}],"version-history":[{"count":1,"href":"https:\/\/newsinfoco.com.br\/inicio\/wp-json\/wp\/v2\/posts\/49592\/revisions"}],"predecessor-version":[{"id":49594,"href":"https:\/\/newsinfoco.com.br\/inicio\/wp-json\/wp\/v2\/posts\/49592\/revisions\/49594"}],"wp:featuredmedia":[{"embeddable":true,"href":"https:\/\/newsinfoco.com.br\/inicio\/wp-json\/wp\/v2\/media\/49593"}],"wp:attachment":[{"href":"https:\/\/newsinfoco.com.br\/inicio\/wp-json\/wp\/v2\/media?parent=49592"}],"wp:term":[{"taxonomy":"category","embeddable":true,"href":"https:\/\/newsinfoco.com.br\/inicio\/wp-json\/wp\/v2\/categories?post=49592"},{"taxonomy":"post_tag","embeddable":true,"href":"https:\/\/newsinfoco.com.br\/inicio\/wp-json\/wp\/v2\/tags?post=49592"}],"curies":[{"name":"wp","href":"https:\/\/api.w.org\/{rel}","templated":true}]}}