{"id":49595,"date":"2026-03-09T14:19:06","date_gmt":"2026-03-09T17:19:06","guid":{"rendered":"https:\/\/newsinfoco.com.br\/inicio\/?p=49595"},"modified":"2026-03-09T14:19:06","modified_gmt":"2026-03-09T17:19:06","slug":"projeto-leva-pessoas-com-deficiencia-de-alagoinhas-para-banho-de-mar-assistido","status":"publish","type":"post","link":"https:\/\/newsinfoco.com.br\/inicio\/projeto-leva-pessoas-com-deficiencia-de-alagoinhas-para-banho-de-mar-assistido\/","title":{"rendered":"Projeto leva pessoas com defici\u00eancia de Alagoinhas para banho de mar assistido"},"content":{"rendered":"<p>Neste s\u00e1bado, 7, a Praia da Pregui\u00e7a, em Salvador, foi cen\u00e1rio de um momento de inclus\u00e3o e lazer para pessoas com defici\u00eancia de Alagoinhas. A atividade proporcionou aos participantes a experi\u00eancia de um banho de mar assistido, al\u00e9m de diversas pr\u00e1ticas esportivas e recreativas na \u00e1gua. A a\u00e7\u00e3o integrou o Projeto VivaMar, promovido pela Secretaria Municipal de Desenvolvimento Social (Sedes), por meio da Ger\u00eancia de Pol\u00edticas para Inclus\u00e3o e Defesa dos Direitos da Pessoa com Defici\u00eancia, em parceria com o ParaPraia, iniciativa da Prefeitura de Salvador realizada por meio da Secretaria Municipal de Promo\u00e7\u00e3o Social, Combate \u00e0 Pobreza, Esportes e Lazer (Sempre).<\/p>\n<p data-start=\"936\" data-end=\"1721\">O banho de mar foi realizado com a assist\u00eancia de professores e volunt\u00e1rios capacitados. O evento reuniu cerca de 28 pessoas com defici\u00eancia de Alagoinhas, integrantes da Associa\u00e7\u00e3o da Pessoa com Defici\u00eancia de Alagoinhas e Adjac\u00eancias (APCDAA). O grupo participou da programa\u00e7\u00e3o acompanhado por familiares e cuidadores e realizou o deslocamento at\u00e9 a capital em um \u00f4nibus adaptado, garantindo acessibilidade e conforto durante a viagem. Em Salvador, por meio de uma estrutura totalmente adaptada para pessoas com defici\u00eancia f\u00edsica, contendo cadeiras anf\u00edbias, acess\u00f3rios flutuantes, \u00e1reas destinadas a atividades recreativas, banheiros adaptados, tendas de apoio e pistas de acesso que facilitam a locomo\u00e7\u00e3o at\u00e9 o mar, os participantes tiveram momentos de alegria e intera\u00e7\u00e3o social.<\/p><div class=\"newsi-conteudo_19\" id=\"newsi-1873440976\"><a href=\"https:\/\/www.instagram.com\/prefeituraalagoinhas?igsh=YzgzdDJ1bWR3aWI4\" aria-label=\"SAVE_20251006_221555\"><img loading=\"lazy\" decoding=\"async\" src=\"https:\/\/newsinfoco.com.br\/inicio\/wp-content\/uploads\/2025\/10\/SAVE_20251006_221555-rotated.jpg\" alt=\"\"  srcset=\"https:\/\/newsinfoco.com.br\/inicio\/wp-content\/uploads\/2025\/10\/SAVE_20251006_221555-rotated.jpg 1140w, https:\/\/newsinfoco.com.br\/inicio\/wp-content\/uploads\/2025\/10\/SAVE_20251006_221555-300x52.jpg 300w, https:\/\/newsinfoco.com.br\/inicio\/wp-content\/uploads\/2025\/10\/SAVE_20251006_221555-1024x177.jpg 1024w, https:\/\/newsinfoco.com.br\/inicio\/wp-content\/uploads\/2025\/10\/SAVE_20251006_221555-768x133.jpg 768w, https:\/\/newsinfoco.com.br\/inicio\/wp-content\/uploads\/2025\/10\/SAVE_20251006_221555-600x104.jpg 600w, https:\/\/newsinfoco.com.br\/inicio\/wp-content\/uploads\/2025\/10\/SAVE_20251006_221555-696x120.jpg 696w, https:\/\/newsinfoco.com.br\/inicio\/wp-content\/uploads\/2025\/10\/SAVE_20251006_221555-1068x185.jpg 1068w\" sizes=\"(max-width: 1140px) 100vw, 1140px\" width=\"1140\" height=\"197\"   \/><\/a><\/div>\n<p data-start=\"1723\" data-end=\"2208\">\u201cHoje \u00e9 um dia muito especial para todos n\u00f3s. Esse projeto garante algo que muitas vezes parece simples, mas que ainda n\u00e3o \u00e9 acess\u00edvel para todos: o direito de entrar no mar, sentir a \u00e1gua e aproveitar a praia com seguran\u00e7a, com equipamentos adaptados e apoio especializado. Mais do que um passeio, este \u00e9 um momento de dignidade, alegria e pertencimento, que refor\u00e7a a import\u00e2ncia de promover a inclus\u00e3o em todos os espa\u00e7os da sociedade\u201d, destacou a secret\u00e1ria da Sedes, Lianne Carmo.<\/p>\n<p data-start=\"2210\" data-end=\"2597\">\u201cEssa parceria foi pensada para garantir \u00e0s pessoas com defici\u00eancia de Alagoinhas o acesso ao lazer, \u00e0 inclus\u00e3o e \u00e0 qualidade de vida. A grande ades\u00e3o e o entusiasmo dos participantes mostram como iniciativas como essa fazem diferen\u00e7a na vida dessas pessoas e de suas fam\u00edlias\u201d, destacou a gerente de Pol\u00edticas para Inclus\u00e3o e Direitos da Pessoa com Defici\u00eancia da Sedes, Diana de Jesus.<\/p>\n<p data-start=\"2599\" data-end=\"3157\">Segundo a coordenadora do projeto ParaPraia, Fabiane Fontoura, a parceria com a Prefeitura de Alagoinhas contribui para ampliar o alcance da iniciativa e fortalecer as a\u00e7\u00f5es de inclus\u00e3o e acessibilidade. \u201cO projeto j\u00e1 existe h\u00e1 11 anos e acontece todos os anos em diferentes praias de Salvador e tamb\u00e9m em outras regi\u00f5es. O nosso compromisso \u00e9 ampliar o acesso e levar acessibilidade para cada vez mais pessoas. Por isso, \u00e9 muito gratificante ver que, por meio dessa parceria com a Prefeitura de Alagoinhas, conseguimos proporcionar esse momento\u201d, ressaltou.<\/p>\n<p data-start=\"3159\" data-end=\"3540\">\u201cFoi um momento de grande felicidade para ele e para mim tamb\u00e9m\u201d, conta Raimunda Sousa, m\u00e3e de Lucas Sousa, pessoa com transtorno do espectro autista (TEA). \u201cEle ficou muito animado e, quando ele est\u00e1 feliz, eu tamb\u00e9m fico. Ent\u00e3o est\u00e1 sendo muito bom poder curtir esse momento junto com ele. Sou muito grata pela oportunidade que a Prefeitura de Alagoinhas proporcionou\u201d, destacou.<\/p>\n<p data-start=\"3542\" data-end=\"3945\">Vilma Assis, m\u00e3e de Leandro, tamb\u00e9m ressaltou a import\u00e2ncia da iniciativa e da estrutura oferecida durante a experi\u00eancia, garantindo o acesso dele ao mar com total seguran\u00e7a. \u201cEst\u00e1 sendo muito acess\u00edvel, desde o trajeto at\u00e9 Salvador, com o \u00f4nibus adaptado, at\u00e9 toda a estrutura na praia. Isso faz a diferen\u00e7a para que eles possam participar e aproveitar esse momento com seguran\u00e7a e dignidade\u201d, afirmou.<\/p>\n<p>&nbsp;<\/p>\n<div class='share-to-whatsapp-wrapper'><div class='share-on-whsp'>Share on: <\/div><a data-text='Projeto leva pessoas com defici\u00eancia de Alagoinhas para banho de mar assistido' data-link='https:\/\/newsinfoco.com.br\/inicio\/projeto-leva-pessoas-com-deficiencia-de-alagoinhas-para-banho-de-mar-assistido\/' class='whatsapp-button whatsapp-share'>WhatsApp<\/a><div class='clear '><\/div><\/div>","protected":false},"excerpt":{"rendered":"<p>Neste s\u00e1bado, 7, a Praia da Pregui\u00e7a, em Salvador, foi cen\u00e1rio de um momento de inclus\u00e3o e lazer para pessoas com defici\u00eancia de Alagoinhas. A atividade proporcionou aos participantes a experi\u00eancia de um banho de mar assistido, al\u00e9m de diversas pr\u00e1ticas esportivas e recreativas na \u00e1gua. A a\u00e7\u00e3o integrou o Projeto VivaMar, promovido pela Secretaria [&hellip;]<\/p>\n","protected":false},"author":1,"featured_media":49596,"comment_status":"closed","ping_status":"closed","sticky":false,"template":"","format":"standard","meta":{"om_disable_all_campaigns":false,"_exactmetrics_skip_tracking":false,"_exactmetrics_sitenote_active":false,"_exactmetrics_sitenote_note":"","_exactmetrics_sitenote_category":0,"footnotes":""},"categories":[38,167],"tags":[],"class_list":["post-49595","post","type-post","status-publish","format-standard","has-post-thumbnail","hentry","category-alagoinhas-e-regiao","category-exclusivas"],"aioseo_notices":[],"_links":{"self":[{"href":"https:\/\/newsinfoco.com.br\/inicio\/wp-json\/wp\/v2\/posts\/49595","targetHints":{"allow":["GET"]}}],"collection":[{"href":"https:\/\/newsinfoco.com.br\/inicio\/wp-json\/wp\/v2\/posts"}],"about":[{"href":"https:\/\/newsinfoco.com.br\/inicio\/wp-json\/wp\/v2\/types\/post"}],"author":[{"embeddable":true,"href":"https:\/\/newsinfoco.com.br\/inicio\/wp-json\/wp\/v2\/users\/1"}],"replies":[{"embeddable":true,"href":"https:\/\/newsinfoco.com.br\/inicio\/wp-json\/wp\/v2\/comments?post=49595"}],"version-history":[{"count":1,"href":"https:\/\/newsinfoco.com.br\/inicio\/wp-json\/wp\/v2\/posts\/49595\/revisions"}],"predecessor-version":[{"id":49597,"href":"https:\/\/newsinfoco.com.br\/inicio\/wp-json\/wp\/v2\/posts\/49595\/revisions\/49597"}],"wp:featuredmedia":[{"embeddable":true,"href":"https:\/\/newsinfoco.com.br\/inicio\/wp-json\/wp\/v2\/media\/49596"}],"wp:attachment":[{"href":"https:\/\/newsinfoco.com.br\/inicio\/wp-json\/wp\/v2\/media?parent=49595"}],"wp:term":[{"taxonomy":"category","embeddable":true,"href":"https:\/\/newsinfoco.com.br\/inicio\/wp-json\/wp\/v2\/categories?post=49595"},{"taxonomy":"post_tag","embeddable":true,"href":"https:\/\/newsinfoco.com.br\/inicio\/wp-json\/wp\/v2\/tags?post=49595"}],"curies":[{"name":"wp","href":"https:\/\/api.w.org\/{rel}","templated":true}]}}