{"id":49598,"date":"2026-03-09T15:12:11","date_gmt":"2026-03-09T18:12:11","guid":{"rendered":"https:\/\/newsinfoco.com.br\/inicio\/?p=49598"},"modified":"2026-03-09T15:12:11","modified_gmt":"2026-03-09T18:12:11","slug":"jeronimo-define-prazo-para-anunciar-chapa-completa-a-reeleicao","status":"publish","type":"post","link":"https:\/\/newsinfoco.com.br\/inicio\/jeronimo-define-prazo-para-anunciar-chapa-completa-a-reeleicao\/","title":{"rendered":"Jer\u00f4nimo define prazo para anunciar chapa completa \u00e0 reelei\u00e7\u00e3o"},"content":{"rendered":"<div class=\"conteudo_post\">\n<p>O governador da Bahia, Jer\u00f4nimo Rodrigues (PT), revelou nesta segunda-feira (9) que pretende anunciar at\u00e9 o final de mar\u00e7o a forma\u00e7\u00e3o da chapa majorit\u00e1ria que disputar\u00e1 as elei\u00e7\u00f5es deste ano. A declara\u00e7\u00e3o foi dada durante a inaugura\u00e7\u00e3o do Centro Social Urbano de Val\u00e9ria, no bairro de Val\u00e9ria, em Salvador.<\/p>\n<p>Segundo o governador, o processo de defini\u00e7\u00e3o exige di\u00e1logo com os partidos aliados para evitar desgastes dentro da base e garantir unidade em torno do projeto pol\u00edtico que envolve o governo estadual e o presidente Luiz In\u00e1cio Lula da Silva (PT).<\/p><div class=\"newsi-conteudo_19\" id=\"newsi-792439840\"><a href=\"https:\/\/www.instagram.com\/prefeituraalagoinhas?igsh=YzgzdDJ1bWR3aWI4\" aria-label=\"SAVE_20251006_221555\"><img loading=\"lazy\" decoding=\"async\" src=\"https:\/\/newsinfoco.com.br\/inicio\/wp-content\/uploads\/2025\/10\/SAVE_20251006_221555-rotated.jpg\" alt=\"\"  srcset=\"https:\/\/newsinfoco.com.br\/inicio\/wp-content\/uploads\/2025\/10\/SAVE_20251006_221555-rotated.jpg 1140w, https:\/\/newsinfoco.com.br\/inicio\/wp-content\/uploads\/2025\/10\/SAVE_20251006_221555-300x52.jpg 300w, https:\/\/newsinfoco.com.br\/inicio\/wp-content\/uploads\/2025\/10\/SAVE_20251006_221555-1024x177.jpg 1024w, https:\/\/newsinfoco.com.br\/inicio\/wp-content\/uploads\/2025\/10\/SAVE_20251006_221555-768x133.jpg 768w, https:\/\/newsinfoco.com.br\/inicio\/wp-content\/uploads\/2025\/10\/SAVE_20251006_221555-600x104.jpg 600w, https:\/\/newsinfoco.com.br\/inicio\/wp-content\/uploads\/2025\/10\/SAVE_20251006_221555-696x120.jpg 696w, https:\/\/newsinfoco.com.br\/inicio\/wp-content\/uploads\/2025\/10\/SAVE_20251006_221555-1068x185.jpg 1068w\" sizes=\"(max-width: 1140px) 100vw, 1140px\" width=\"1140\" height=\"197\"   \/><\/a><\/div>\n<div>\n<div>\n<div class=\"trv-player-container\">\n<div class=\"trv-wrapper\">\n<div id=\"br_video_player_767e6ec84450f001bbb9ea1f19e1a19dc3c659f9\" class=\"trvd_video_player trvdinstream\">\u201cN\u00f3s temos um prazo das coisas. Se n\u00f3s temos um prazo no m\u00eas de mar\u00e7o, eu vou utilizar o \u00faltimo dia, se for preciso, para que a gente possa tomar uma decis\u00e3o aderente com aquilo que n\u00f3s acreditamos. Uma chapa que n\u00e3o machuque ningu\u00e9m, que n\u00e3o maltrate ningu\u00e9m. N\u00f3s n\u00e3o podemos ter perdas nessa caminhada.<\/div>\n<\/div>\n<\/div>\n<\/div>\n<\/div>\n<p>\u201cEu espero que at\u00e9 o final do m\u00eas a gente consiga resolver. \u00c9 meu interesse que a gente possa fechar isso antes do m\u00eas, mas n\u00f3s temos um prazo legal\u201d, acrescentou.<\/p>\n<\/div>\n<div id=\"author-info\" class=\"ui items\">\n<div class=\"item\">Bahia.Ba<\/div>\n<\/div>\n<div class='share-to-whatsapp-wrapper'><div class='share-on-whsp'>Share on: <\/div><a data-text='Jer\u00f4nimo define prazo para anunciar chapa completa \u00e0 reelei\u00e7\u00e3o' data-link='https:\/\/newsinfoco.com.br\/inicio\/jeronimo-define-prazo-para-anunciar-chapa-completa-a-reeleicao\/' class='whatsapp-button whatsapp-share'>WhatsApp<\/a><div class='clear '><\/div><\/div>","protected":false},"excerpt":{"rendered":"<p>O governador da Bahia, Jer\u00f4nimo Rodrigues (PT), revelou nesta segunda-feira (9) que pretende anunciar at\u00e9 o final de mar\u00e7o a forma\u00e7\u00e3o da chapa majorit\u00e1ria que disputar\u00e1 as elei\u00e7\u00f5es deste ano. A declara\u00e7\u00e3o foi dada durante a inaugura\u00e7\u00e3o do Centro Social Urbano de Val\u00e9ria, no bairro de Val\u00e9ria, em Salvador. Segundo o governador, o processo de [&hellip;]<\/p>\n","protected":false},"author":1,"featured_media":49599,"comment_status":"closed","ping_status":"closed","sticky":false,"template":"","format":"standard","meta":{"om_disable_all_campaigns":false,"_exactmetrics_skip_tracking":false,"_exactmetrics_sitenote_active":false,"_exactmetrics_sitenote_note":"","_exactmetrics_sitenote_category":0,"footnotes":""},"categories":[19],"tags":[],"class_list":["post-49598","post","type-post","status-publish","format-standard","has-post-thumbnail","hentry","category-bahia"],"aioseo_notices":[],"_links":{"self":[{"href":"https:\/\/newsinfoco.com.br\/inicio\/wp-json\/wp\/v2\/posts\/49598","targetHints":{"allow":["GET"]}}],"collection":[{"href":"https:\/\/newsinfoco.com.br\/inicio\/wp-json\/wp\/v2\/posts"}],"about":[{"href":"https:\/\/newsinfoco.com.br\/inicio\/wp-json\/wp\/v2\/types\/post"}],"author":[{"embeddable":true,"href":"https:\/\/newsinfoco.com.br\/inicio\/wp-json\/wp\/v2\/users\/1"}],"replies":[{"embeddable":true,"href":"https:\/\/newsinfoco.com.br\/inicio\/wp-json\/wp\/v2\/comments?post=49598"}],"version-history":[{"count":1,"href":"https:\/\/newsinfoco.com.br\/inicio\/wp-json\/wp\/v2\/posts\/49598\/revisions"}],"predecessor-version":[{"id":49600,"href":"https:\/\/newsinfoco.com.br\/inicio\/wp-json\/wp\/v2\/posts\/49598\/revisions\/49600"}],"wp:featuredmedia":[{"embeddable":true,"href":"https:\/\/newsinfoco.com.br\/inicio\/wp-json\/wp\/v2\/media\/49599"}],"wp:attachment":[{"href":"https:\/\/newsinfoco.com.br\/inicio\/wp-json\/wp\/v2\/media?parent=49598"}],"wp:term":[{"taxonomy":"category","embeddable":true,"href":"https:\/\/newsinfoco.com.br\/inicio\/wp-json\/wp\/v2\/categories?post=49598"},{"taxonomy":"post_tag","embeddable":true,"href":"https:\/\/newsinfoco.com.br\/inicio\/wp-json\/wp\/v2\/tags?post=49598"}],"curies":[{"name":"wp","href":"https:\/\/api.w.org\/{rel}","templated":true}]}}