{"id":49604,"date":"2026-03-09T15:23:47","date_gmt":"2026-03-09T18:23:47","guid":{"rendered":"https:\/\/newsinfoco.com.br\/inicio\/?p=49604"},"modified":"2026-03-09T15:23:47","modified_gmt":"2026-03-09T18:23:47","slug":"governo-lula-tenta-barrar-nos-eua-classificacao-de-faccoes-como-organizacoes-terroristas","status":"publish","type":"post","link":"https:\/\/newsinfoco.com.br\/inicio\/governo-lula-tenta-barrar-nos-eua-classificacao-de-faccoes-como-organizacoes-terroristas\/","title":{"rendered":"Governo Lula tenta barrar nos EUA classifica\u00e7\u00e3o de fac\u00e7\u00f5es como organiza\u00e7\u00f5es terroristas"},"content":{"rendered":"<div class=\"conteudo_post\">\n<p>O governo brasileiro tenta convencer os Estados Unidos a ampliar a coopera\u00e7\u00e3o policial e de intelig\u00eancia no combate ao crime organizado entre os dois pa\u00edses. A movimenta\u00e7\u00e3o \u00e9 uma tentativa de evitar que a gest\u00e3o de Donald Trump classifique as fac\u00e7\u00f5es criminosas brasileiras como organiza\u00e7\u00f5es terroristas. As informa\u00e7\u00f5es s\u00e3o do jornal O Globo.<\/p>\n<p>De acordo com a publica\u00e7\u00e3o, o governo brasileiro avalia que classificar as fac\u00e7\u00f5es criminosas brasileiras como organiza\u00e7\u00f5es terroristas pode interferir negativamente na soberania nacional e na atua\u00e7\u00e3o bilateral em seguran\u00e7a.<\/p><div class=\"newsi-conteudo_19\" id=\"newsi-2889904522\"><a href=\"https:\/\/www.instagram.com\/prefeituraalagoinhas?igsh=YzgzdDJ1bWR3aWI4\" aria-label=\"SAVE_20251006_221555\"><img loading=\"lazy\" decoding=\"async\" src=\"https:\/\/newsinfoco.com.br\/inicio\/wp-content\/uploads\/2025\/10\/SAVE_20251006_221555-rotated.jpg\" alt=\"\"  srcset=\"https:\/\/newsinfoco.com.br\/inicio\/wp-content\/uploads\/2025\/10\/SAVE_20251006_221555-rotated.jpg 1140w, https:\/\/newsinfoco.com.br\/inicio\/wp-content\/uploads\/2025\/10\/SAVE_20251006_221555-300x52.jpg 300w, https:\/\/newsinfoco.com.br\/inicio\/wp-content\/uploads\/2025\/10\/SAVE_20251006_221555-1024x177.jpg 1024w, https:\/\/newsinfoco.com.br\/inicio\/wp-content\/uploads\/2025\/10\/SAVE_20251006_221555-768x133.jpg 768w, https:\/\/newsinfoco.com.br\/inicio\/wp-content\/uploads\/2025\/10\/SAVE_20251006_221555-600x104.jpg 600w, https:\/\/newsinfoco.com.br\/inicio\/wp-content\/uploads\/2025\/10\/SAVE_20251006_221555-696x120.jpg 696w, https:\/\/newsinfoco.com.br\/inicio\/wp-content\/uploads\/2025\/10\/SAVE_20251006_221555-1068x185.jpg 1068w\" sizes=\"(max-width: 1140px) 100vw, 1140px\" width=\"1140\" height=\"197\"   \/><\/a><\/div>\n<p>O assunto deve ser discutido no encontro entre os presidentes Luiz In\u00e1cio Lula da Silva e Trump, ainda sem data definida, nos EUA.<\/p>\n<p>O objetivo do governo brasileiro \u00e9 intensificar o combate \u00e0\u00a0 lavagem de dinheiro e rastreamento de fluxos financeiros, al\u00e9m de manter o controle nacional sobre instrumentos de repress\u00e3o e intelig\u00eancia.<\/p>\n<div>\n<div>\n<div class=\"trv-player-container\">\n<div class=\"trv-wrapper\">\n<div id=\"br_video_player_7adace7679b9ac6cb89cea1f19e1a19dc3c659f9\" class=\"trvd_video_player trvdinstream\">\n<div class=\"media-player\">\n<div class=\"trv-video\"><\/div>\n<div class=\"trv-poster\"><img decoding=\"async\" class=\"trv-poster-img\" src=\"https:\/\/src.trvdp.com\/images\/1560c7b02521a07d665ee832c0e4994531944423_2.jpg\" alt=\"bahia_ba\" \/><\/div>\n<div class=\"links-overlay\"><\/div>\n<\/div>\n<div class=\"trv-autoskip-container\">\n<div class=\"trv-autoskip-background\"><img class=\"trv-autoskip-poster\" alt=\"auto skip\" width=\"192\" height=\"108\" \/><\/p>\n<div class=\"trv-autoskip-line-top\">\n<div><\/div>\n<\/div>\n<div class=\"trv-autoskip-line-right\">\n<div><\/div>\n<\/div>\n<div class=\"trv-autoskip-line-bottom\">\n<div><\/div>\n<\/div>\n<div class=\"trv-autoskip-line-left\">\n<div><\/div>\n<\/div>\n<\/div>\n<div class=\"autoskip-btn autoskip-btn-blue\"><\/div>\n<div class=\"autoskip-btn autoskip-btn-gray\"><\/div>\n<\/div>\n<div><\/div>\n<p><img decoding=\"async\" src=\"https:\/\/image8.pubmatic.com\/AdServer\/ImgSync?p=167031&amp;gdpr=0&amp;gdpr_consent=&amp;pu=https%3A%2F%2Fv6.truvidplayer.com%2Flive%2Fusersync.php%3Fprovider_id%3Dpubmatic%26user_id%3D%23PMUID\" \/><img decoding=\"async\" src=\"https:\/\/sync.smartadserver.com\/getuid?url=https%3A\/\/v6.truvidplayer.com\/live\/usersync.php%3Fprovider_id%3Dequative%26user_id%3D[sas_uid]&amp;gdpr_consent=&amp;nwid=3356\" \/><iframe loading=\"lazy\" id=\"truvid_cnt_prebid_trv_iframe53040\" src=\"about:blank\" width=\"1px\" height=\"1px\" frameborder=\"0\" marginwidth=\"0\" marginheight=\"0\" scrolling=\"NO\" data-mce-fragment=\"1\"><\/iframe><\/div>\n<\/div>\n<\/div>\n<\/div>\n<\/div>\n<p>Para o Pal\u00e1cio do Planalto, classificar fac\u00e7\u00f5es como grupos terroristas poderia gerar san\u00e7\u00f5es adicionais e impactos jur\u00eddicos e econ\u00f4micos de alcance extraterritorial, mesmo sem v\u00ednculo direto com atividades il\u00edcitas.<\/p>\n<p>No Brasil, fac\u00e7\u00f5es como PCC e Comando Vermelho s\u00e3o classificadas juridicamente como organiza\u00e7\u00f5es criminosas. Isso porque a legisla\u00e7\u00e3o brasileira classifica terrorismo como atos motivados por raz\u00f5es ideol\u00f3gicas, religiosas ou pol\u00edticas. J\u00e1 o foco da maioria dessas fac\u00e7\u00f5es \u00e9 econ\u00f4mico, com atividades relacionadas ao tr\u00e1fico de drogas, armas e lavagem de dinheiro.<\/p>\n<\/div>\n<div id=\"author-info\" class=\"ui items\">\n<div class=\"item\">Bahia.Ba<\/div>\n<\/div>\n<div class='share-to-whatsapp-wrapper'><div class='share-on-whsp'>Share on: <\/div><a data-text='Governo Lula tenta barrar nos EUA classifica\u00e7\u00e3o de fac\u00e7\u00f5es como organiza\u00e7\u00f5es terroristas' data-link='https:\/\/newsinfoco.com.br\/inicio\/governo-lula-tenta-barrar-nos-eua-classificacao-de-faccoes-como-organizacoes-terroristas\/' class='whatsapp-button whatsapp-share'>WhatsApp<\/a><div class='clear '><\/div><\/div>","protected":false},"excerpt":{"rendered":"<p>O governo brasileiro tenta convencer os Estados Unidos a ampliar a coopera\u00e7\u00e3o policial e de intelig\u00eancia no combate ao crime organizado entre os dois pa\u00edses. A movimenta\u00e7\u00e3o \u00e9 uma tentativa de evitar que a gest\u00e3o de Donald Trump classifique as fac\u00e7\u00f5es criminosas brasileiras como organiza\u00e7\u00f5es terroristas. As informa\u00e7\u00f5es s\u00e3o do jornal O Globo. De acordo [&hellip;]<\/p>\n","protected":false},"author":1,"featured_media":49605,"comment_status":"closed","ping_status":"closed","sticky":false,"template":"","format":"standard","meta":{"om_disable_all_campaigns":false,"_exactmetrics_skip_tracking":false,"_exactmetrics_sitenote_active":false,"_exactmetrics_sitenote_note":"","_exactmetrics_sitenote_category":0,"footnotes":""},"categories":[21],"tags":[],"class_list":["post-49604","post","type-post","status-publish","format-standard","has-post-thumbnail","hentry","category-brasil"],"aioseo_notices":[],"_links":{"self":[{"href":"https:\/\/newsinfoco.com.br\/inicio\/wp-json\/wp\/v2\/posts\/49604","targetHints":{"allow":["GET"]}}],"collection":[{"href":"https:\/\/newsinfoco.com.br\/inicio\/wp-json\/wp\/v2\/posts"}],"about":[{"href":"https:\/\/newsinfoco.com.br\/inicio\/wp-json\/wp\/v2\/types\/post"}],"author":[{"embeddable":true,"href":"https:\/\/newsinfoco.com.br\/inicio\/wp-json\/wp\/v2\/users\/1"}],"replies":[{"embeddable":true,"href":"https:\/\/newsinfoco.com.br\/inicio\/wp-json\/wp\/v2\/comments?post=49604"}],"version-history":[{"count":1,"href":"https:\/\/newsinfoco.com.br\/inicio\/wp-json\/wp\/v2\/posts\/49604\/revisions"}],"predecessor-version":[{"id":49606,"href":"https:\/\/newsinfoco.com.br\/inicio\/wp-json\/wp\/v2\/posts\/49604\/revisions\/49606"}],"wp:featuredmedia":[{"embeddable":true,"href":"https:\/\/newsinfoco.com.br\/inicio\/wp-json\/wp\/v2\/media\/49605"}],"wp:attachment":[{"href":"https:\/\/newsinfoco.com.br\/inicio\/wp-json\/wp\/v2\/media?parent=49604"}],"wp:term":[{"taxonomy":"category","embeddable":true,"href":"https:\/\/newsinfoco.com.br\/inicio\/wp-json\/wp\/v2\/categories?post=49604"},{"taxonomy":"post_tag","embeddable":true,"href":"https:\/\/newsinfoco.com.br\/inicio\/wp-json\/wp\/v2\/tags?post=49604"}],"curies":[{"name":"wp","href":"https:\/\/api.w.org\/{rel}","templated":true}]}}