{"id":49607,"date":"2026-03-09T15:29:39","date_gmt":"2026-03-09T18:29:39","guid":{"rendered":"https:\/\/newsinfoco.com.br\/inicio\/?p=49607"},"modified":"2026-03-09T15:29:39","modified_gmt":"2026-03-09T18:29:39","slug":"wagner-moura-demonstra-esperanca-por-vitoria-brasileira-no-oscar-2026","status":"publish","type":"post","link":"https:\/\/newsinfoco.com.br\/inicio\/wagner-moura-demonstra-esperanca-por-vitoria-brasileira-no-oscar-2026\/","title":{"rendered":"Wagner Moura demonstra esperan\u00e7a por vit\u00f3ria brasileira no Oscar 2026"},"content":{"rendered":"<div class=\"conteudo_post\">\n<p data-start=\"273\" data-end=\"604\">A poucos dias da cerim\u00f4nia do\u00a0<span class=\"hover:entity-accent entity-underline inline cursor-pointer align-baseline\"><span class=\"whitespace-normal\">Oscar 2026<\/span><\/span>,\u00a0<span class=\"hover:entity-accent entity-underline inline cursor-pointer align-baseline\"><span class=\"whitespace-normal\">Wagner Moura<\/span><\/span>\u00a0afirmou estar otimista com as chances do Brasil na premia\u00e7\u00e3o. Indicado ao pr\u00eamio de\u00a0<em>Melhor Ator<\/em>\u00a0por\u00a0<em><strong><span class=\"hover:entity-accent entity-underline inline cursor-pointer align-baseline\"><span class=\"whitespace-normal\">O Agente Secreto<\/span><\/span><\/strong><\/em>, o artista disse esperar que o pa\u00eds conquiste estatuetas pelo segundo ano consecutivo.<\/p>\n<p data-start=\"606\" data-end=\"911\">Em entrevista exibida neste domingo (8) no\u00a0<em><span class=\"hover:entity-accent entity-underline inline cursor-pointer align-baseline\"><span class=\"whitespace-normal\">Fant\u00e1stico<\/span><\/span><\/em>, da\u00a0<span class=\"hover:entity-accent entity-underline inline cursor-pointer align-baseline\"><span class=\"whitespace-normal\">TV Globo<\/span><\/span>, Moura comentou as expectativas para a cerim\u00f4nia. \u201cEu estou com muita esperan\u00e7a de que<strong>\u00a0<em data-start=\"816\" data-end=\"834\">O Agente Secreto<\/em><\/strong>, na categoria de Melhor Filme Internacional, tenha uma boa chance\u201d, afirmou.<\/p><div class=\"newsi-conteudo_19\" id=\"newsi-3528651475\"><a href=\"https:\/\/www.instagram.com\/prefeituraalagoinhas?igsh=YzgzdDJ1bWR3aWI4\" aria-label=\"SAVE_20251006_221555\"><img loading=\"lazy\" decoding=\"async\" src=\"https:\/\/newsinfoco.com.br\/inicio\/wp-content\/uploads\/2025\/10\/SAVE_20251006_221555-rotated.jpg\" alt=\"\"  srcset=\"https:\/\/newsinfoco.com.br\/inicio\/wp-content\/uploads\/2025\/10\/SAVE_20251006_221555-rotated.jpg 1140w, https:\/\/newsinfoco.com.br\/inicio\/wp-content\/uploads\/2025\/10\/SAVE_20251006_221555-300x52.jpg 300w, https:\/\/newsinfoco.com.br\/inicio\/wp-content\/uploads\/2025\/10\/SAVE_20251006_221555-1024x177.jpg 1024w, https:\/\/newsinfoco.com.br\/inicio\/wp-content\/uploads\/2025\/10\/SAVE_20251006_221555-768x133.jpg 768w, https:\/\/newsinfoco.com.br\/inicio\/wp-content\/uploads\/2025\/10\/SAVE_20251006_221555-600x104.jpg 600w, https:\/\/newsinfoco.com.br\/inicio\/wp-content\/uploads\/2025\/10\/SAVE_20251006_221555-696x120.jpg 696w, https:\/\/newsinfoco.com.br\/inicio\/wp-content\/uploads\/2025\/10\/SAVE_20251006_221555-1068x185.jpg 1068w\" sizes=\"(max-width: 1140px) 100vw, 1140px\" width=\"1140\" height=\"197\"   \/><\/a><\/div>\n<p data-start=\"913\" data-end=\"1155\">Segundo o ator, a intensa campanha de divulga\u00e7\u00e3o do longa ao redor do mundo chegou ao fim. Durante os \u00faltimos meses, a equipe participou de entrevistas, talk shows, jantares promocionais e exibi\u00e7\u00f5es privadas voltadas para membros da academia.<\/p>\n<p data-start=\"1157\" data-end=\"1318\">\u201cAgora \u00e9 parar e curtir. Curtir mesmo a onda de estar indicado a um pr\u00eamio desse tipo e participar de um momento t\u00e3o importante para o cinema brasileiro\u201d, disse.<\/p>\n<p data-start=\"1320\" data-end=\"1710\">Desde sua estreia no\u00a0<em><span class=\"hover:entity-accent entity-underline inline cursor-pointer align-baseline\"><span class=\"whitespace-normal\">Festival de Cannes<\/span><\/span><\/em>, em maio de 2025, o filme acumulou reconhecimento internacional. Ao longo de cerca de 300 dias, a produ\u00e7\u00e3o j\u00e1 conquistou mais de 55 pr\u00eamios em festivais e premia\u00e7\u00f5es pelo mundo, incluindo trof\u00e9us no\u00a0<span class=\"hover:entity-accent entity-underline inline cursor-pointer align-baseline\"><span class=\"whitespace-normal\">Globo de Ouro<\/span><\/span>\u00a0e no\u00a0<span class=\"hover:entity-accent entity-underline inline cursor-pointer align-baseline\"><span class=\"whitespace-normal\">Critics\u2019 Choice Awards<\/span><\/span>, considerados importantes indicadores para o Oscar.<\/p>\n<p data-start=\"1712\" data-end=\"1985\">Para Moura, a repercuss\u00e3o internacional do longa tamb\u00e9m ajuda a projetar a cultura brasileira no exterior. \u201cAcho que isso tem uma import\u00e2ncia grande na gera\u00e7\u00e3o de identidade, no entendimento do que \u00e9 o Brasil, com sua complexidade, suas belezas e suas trag\u00e9dias\u201d, comentou.<\/p>\n<p data-start=\"1987\" data-end=\"2287\">A 98\u00aa edi\u00e7\u00e3o do Oscar acontece no dia 15 de mar\u00e7o, em Los Angeles. No Brasil, a cerim\u00f4nia poder\u00e1 ser acompanhada pela TV Globo e pelos canais da\u00a0<span class=\"hover:entity-accent entity-underline inline cursor-pointer align-baseline\"><span class=\"whitespace-normal\">Warner Bros. Discovery<\/span><\/span>, incluindo\u00a0<span class=\"hover:entity-accent entity-underline inline cursor-pointer align-baseline\"><span class=\"whitespace-normal\">TNT<\/span><\/span>\u00a0e a plataforma de streaming\u00a0<span class=\"hover:entity-accent entity-underline inline cursor-pointer align-baseline\"><span class=\"whitespace-normal\">HBO Max<\/span><\/span>.<\/p>\n<h4 data-section-id=\"1fpakld\" data-start=\"2289\" data-end=\"2315\">Indica\u00e7\u00f5es brasileiras<\/h4>\n<p data-start=\"2317\" data-end=\"2530\"><strong><em data-start=\"2317\" data-end=\"2335\">O Agente Secreto<\/em><\/strong>, dirigido por\u00a0<span class=\"hover:entity-accent entity-underline inline cursor-pointer align-baseline\"><span class=\"whitespace-normal\">Kleber Mendon\u00e7a Filho<\/span><\/span>, \u00e9 o filme brasileiro com o maior n\u00famero de indica\u00e7\u00f5es na hist\u00f3ria da premia\u00e7\u00e3o. Na edi\u00e7\u00e3o deste ano, o longa concorre em quatro categorias:<\/p>\n<ul data-start=\"2532\" data-end=\"2643\">\n<li data-section-id=\"1xmwk37\" data-start=\"2532\" data-end=\"2566\">\n<p data-start=\"2534\" data-end=\"2566\">Melhor Ator, para Wagner Moura<\/p>\n<\/li>\n<li data-section-id=\"16hzhzz\" data-start=\"2567\" data-end=\"2597\">\n<p data-start=\"2569\" data-end=\"2597\">Melhor Filme Internacional<\/p>\n<\/li>\n<li data-section-id=\"k1q4mq\" data-start=\"2598\" data-end=\"2614\">\n<p data-start=\"2600\" data-end=\"2614\">Melhor Filme<\/p>\n<\/li>\n<li data-section-id=\"btcxuv\" data-start=\"2615\" data-end=\"2643\">\n<p data-start=\"2617\" data-end=\"2643\">Melhor Dire\u00e7\u00e3o de Elenco<\/p>\n<\/li>\n<\/ul>\n<p data-start=\"2645\" data-end=\"2820\">Al\u00e9m disso, o Brasil tamb\u00e9m aparece na categoria de\u00a0<em>Melhor Fotografia<\/em>\u00a0com\u00a0<strong><span class=\"hover:entity-accent entity-underline inline cursor-pointer align-baseline\"><span class=\"whitespace-normal\">Adolpho Veloso<\/span><\/span><\/strong>, indicado pelo filme\u00a0<em><strong><span class=\"hover:entity-accent entity-underline inline cursor-pointer align-baseline\"><span class=\"whitespace-normal\">Sonhos de Trem<\/span><\/span><\/strong><\/em>.<\/p>\n<div>\n<div>\n<div class=\"trv-player-container\">\n<div class=\"trv-wrapper\">\n<div id=\"br_video_player_f9fc57efc7705c73c074ea1f19e1a19dc3c659f9\" class=\"trvd_video_player trvdinstream\">Durante a entrevista, Moura tamb\u00e9m comentou sobre o clima nos dias que antecedem a premia\u00e7\u00e3o. \u201cClaro que vou dar entrevistas no tapete vermelho, participar de tudo. Mas o trabalho mesmo j\u00e1 acabou, que era convencer as pessoas a votarem no filme. Agora \u00e9 aproveitar\u201d, concluiu.<\/div>\n<\/div>\n<\/div>\n<\/div>\n<\/div>\n<p data-start=\"3100\" data-end=\"3337\" data-is-last-node=\"\" data-is-only-node=\"\">Parte da equipe\u00a0tamb\u00e9m estar\u00e1 presente na cerim\u00f4nia em Los Angeles, incluindo integrantes do elenco como\u00a0<span class=\"hover:entity-accent entity-underline inline cursor-pointer align-baseline\"><span class=\"whitespace-normal\">Geane Albuquerque<\/span><\/span>\u00a0e\u00a0<span class=\"hover:entity-accent entity-underline inline cursor-pointer align-baseline\"><span class=\"whitespace-normal\">Rob\u00e9rio Di\u00f3genes<\/span><\/span>, que participam da produ\u00e7\u00e3o.<\/p>\n<p data-start=\"3100\" data-end=\"3337\" data-is-last-node=\"\" data-is-only-node=\"\">Bahia.Ba<\/p>\n<\/div>\n<div class=\"item\"><\/div>\n<div class='share-to-whatsapp-wrapper'><div class='share-on-whsp'>Share on: <\/div><a data-text='Wagner Moura demonstra esperan\u00e7a por vit\u00f3ria brasileira no Oscar 2026' data-link='https:\/\/newsinfoco.com.br\/inicio\/wagner-moura-demonstra-esperanca-por-vitoria-brasileira-no-oscar-2026\/' class='whatsapp-button whatsapp-share'>WhatsApp<\/a><div class='clear '><\/div><\/div>","protected":false},"excerpt":{"rendered":"<p>A poucos dias da cerim\u00f4nia do\u00a0Oscar 2026,\u00a0Wagner Moura\u00a0afirmou estar otimista com as chances do Brasil na premia\u00e7\u00e3o. Indicado ao pr\u00eamio de\u00a0Melhor Ator\u00a0por\u00a0O Agente Secreto, o artista disse esperar que o pa\u00eds conquiste estatuetas pelo segundo ano consecutivo. Em entrevista exibida neste domingo (8) no\u00a0Fant\u00e1stico, da\u00a0TV Globo, Moura comentou as expectativas para a cerim\u00f4nia. \u201cEu estou [&hellip;]<\/p>\n","protected":false},"author":1,"featured_media":49608,"comment_status":"closed","ping_status":"closed","sticky":false,"template":"","format":"standard","meta":{"om_disable_all_campaigns":false,"_exactmetrics_skip_tracking":false,"_exactmetrics_sitenote_active":false,"_exactmetrics_sitenote_note":"","_exactmetrics_sitenote_category":0,"footnotes":""},"categories":[21],"tags":[],"class_list":["post-49607","post","type-post","status-publish","format-standard","has-post-thumbnail","hentry","category-brasil"],"aioseo_notices":[],"_links":{"self":[{"href":"https:\/\/newsinfoco.com.br\/inicio\/wp-json\/wp\/v2\/posts\/49607","targetHints":{"allow":["GET"]}}],"collection":[{"href":"https:\/\/newsinfoco.com.br\/inicio\/wp-json\/wp\/v2\/posts"}],"about":[{"href":"https:\/\/newsinfoco.com.br\/inicio\/wp-json\/wp\/v2\/types\/post"}],"author":[{"embeddable":true,"href":"https:\/\/newsinfoco.com.br\/inicio\/wp-json\/wp\/v2\/users\/1"}],"replies":[{"embeddable":true,"href":"https:\/\/newsinfoco.com.br\/inicio\/wp-json\/wp\/v2\/comments?post=49607"}],"version-history":[{"count":1,"href":"https:\/\/newsinfoco.com.br\/inicio\/wp-json\/wp\/v2\/posts\/49607\/revisions"}],"predecessor-version":[{"id":49609,"href":"https:\/\/newsinfoco.com.br\/inicio\/wp-json\/wp\/v2\/posts\/49607\/revisions\/49609"}],"wp:featuredmedia":[{"embeddable":true,"href":"https:\/\/newsinfoco.com.br\/inicio\/wp-json\/wp\/v2\/media\/49608"}],"wp:attachment":[{"href":"https:\/\/newsinfoco.com.br\/inicio\/wp-json\/wp\/v2\/media?parent=49607"}],"wp:term":[{"taxonomy":"category","embeddable":true,"href":"https:\/\/newsinfoco.com.br\/inicio\/wp-json\/wp\/v2\/categories?post=49607"},{"taxonomy":"post_tag","embeddable":true,"href":"https:\/\/newsinfoco.com.br\/inicio\/wp-json\/wp\/v2\/tags?post=49607"}],"curies":[{"name":"wp","href":"https:\/\/api.w.org\/{rel}","templated":true}]}}