{"id":4961,"date":"2018-06-07T18:25:26","date_gmt":"2018-06-07T21:25:26","guid":{"rendered":"http:\/\/newsinfoco.com.br\/?p=4961"},"modified":"2018-06-07T18:25:26","modified_gmt":"2018-06-07T21:25:26","slug":"com-apoio-da-prefeitura-revelacao-f-c-e-unidos-esporte-clube-disputam-final-do-5o-campeonato-da-comunidade-nova-brasilia","status":"publish","type":"post","link":"https:\/\/newsinfoco.com.br\/inicio\/com-apoio-da-prefeitura-revelacao-f-c-e-unidos-esporte-clube-disputam-final-do-5o-campeonato-da-comunidade-nova-brasilia\/","title":{"rendered":"Com apoio da Prefeitura, Revela\u00e7\u00e3o F.C. e Unidos Esporte Clube disputam final do 5\u00ba Campeonato da Comunidade Nova Bras\u00edlia"},"content":{"rendered":"<p style=\"text-align: justify;\"><span style=\"color: #000000;\">O futebol amador de Alagoinhas promete movimentar os torcedores neste final de semana. Pela disputa final do 5\u00ba Campeonato Society da Comunidade de Nova Bras\u00edlia, o Unidos Esporte Clube enfrenta, neste domingo (10), a partir das 10h, o Revela\u00e7\u00e3o F. C.<\/span><\/p>\n<p style=\"text-align: justify;\"><span style=\"color: #000000;\">A final ser\u00e1 realizada no campo de Nova Bras\u00edlia, com direito a show dan\u00e7ante e arrocha de Joseval Santana ap\u00f3s a decis\u00e3o do campeonato. A organiza\u00e7\u00e3o \u00e9 da Liga Vis\u00e3o do Futuro, com apoio da Prefeitura Municipal, por meio da Secretaria de Cultura, Esporte e Turismo (SECET).<\/span><\/p><div class=\"newsi-conteudo_19\" id=\"newsi-1642600797\"><a href=\"https:\/\/www.instagram.com\/prefeituraalagoinhas?igsh=YzgzdDJ1bWR3aWI4\" aria-label=\"SAVE_20251006_221555\"><img loading=\"lazy\" decoding=\"async\" src=\"https:\/\/newsinfoco.com.br\/inicio\/wp-content\/uploads\/2025\/10\/SAVE_20251006_221555-rotated.jpg\" alt=\"\"  srcset=\"https:\/\/newsinfoco.com.br\/inicio\/wp-content\/uploads\/2025\/10\/SAVE_20251006_221555-rotated.jpg 1140w, https:\/\/newsinfoco.com.br\/inicio\/wp-content\/uploads\/2025\/10\/SAVE_20251006_221555-300x52.jpg 300w, https:\/\/newsinfoco.com.br\/inicio\/wp-content\/uploads\/2025\/10\/SAVE_20251006_221555-1024x177.jpg 1024w, https:\/\/newsinfoco.com.br\/inicio\/wp-content\/uploads\/2025\/10\/SAVE_20251006_221555-768x133.jpg 768w, https:\/\/newsinfoco.com.br\/inicio\/wp-content\/uploads\/2025\/10\/SAVE_20251006_221555-600x104.jpg 600w, https:\/\/newsinfoco.com.br\/inicio\/wp-content\/uploads\/2025\/10\/SAVE_20251006_221555-696x120.jpg 696w, https:\/\/newsinfoco.com.br\/inicio\/wp-content\/uploads\/2025\/10\/SAVE_20251006_221555-1068x185.jpg 1068w\" sizes=\"(max-width: 1140px) 100vw, 1140px\" width=\"1140\" height=\"197\"   \/><\/a><\/div>\n<p style=\"text-align: justify;\"><span style=\"color: #000000;\">\u201cA prefeitura est\u00e1 garantindo todo o apoio, com arbitragem e premia\u00e7\u00e3o. Precisamos continuar incentivando o esporte amador na cidade\u201d, pontuou o subsecret\u00e1rio da SECET, Arnaldo Garrido.<\/span><\/p>\n<p style=\"text-align: justify;\"><span style=\"color: #000000;\"><strong>Servi\u00e7o<\/strong><\/span><br \/>\n<span style=\"color: #000000;\">5\u00ba Campeonato Society da Comunidade Nova Bras\u00edlia<\/span><br \/>\n<span style=\"color: #000000;\">Unidos Esporte Clube x Revela\u00e7\u00e3o F.C.<\/span><br \/>\n<span style=\"color: #000000;\">Data: 10\/06<\/span><br \/>\n<span style=\"color: #000000;\">Hor\u00e1rio: 10h<\/span><\/p>\n<h6 style=\"text-align: right;\" align=\"right\"><span style=\"color: #999999;\">Fonte: SECOM SECET Prefeitura<\/span><\/h6>\n<div class='share-to-whatsapp-wrapper'><div class='share-on-whsp'>Share on: <\/div><a data-text='Com apoio da Prefeitura, Revela\u00e7\u00e3o F.C. e Unidos Esporte Clube disputam final do 5\u00ba Campeonato da Comunidade Nova Bras\u00edlia' data-link='https:\/\/newsinfoco.com.br\/inicio\/com-apoio-da-prefeitura-revelacao-f-c-e-unidos-esporte-clube-disputam-final-do-5o-campeonato-da-comunidade-nova-brasilia\/' class='whatsapp-button whatsapp-share'>WhatsApp<\/a><div class='clear '><\/div><\/div>","protected":false},"excerpt":{"rendered":"<p>O futebol amador de Alagoinhas promete movimentar os torcedores neste final de semana. Pela disputa final do 5\u00ba Campeonato Society da Comunidade de Nova Bras\u00edlia, o Unidos Esporte Clube enfrenta, neste domingo (10), a partir das 10h, o Revela\u00e7\u00e3o F. C. A final ser\u00e1 realizada no campo de Nova Bras\u00edlia, com direito a show dan\u00e7ante [&hellip;]<\/p>\n","protected":false},"author":1,"featured_media":3924,"comment_status":"open","ping_status":"open","sticky":false,"template":"","format":"standard","meta":{"om_disable_all_campaigns":false,"_exactmetrics_skip_tracking":false,"_exactmetrics_sitenote_active":false,"_exactmetrics_sitenote_note":"","_exactmetrics_sitenote_category":0,"footnotes":""},"categories":[38,30],"tags":[53,54,67],"class_list":["post-4961","post","type-post","status-publish","format-standard","has-post-thumbnail","hentry","category-alagoinhas-e-regiao","category-destaque","tag-alagoinhas","tag-prefeitura","tag-secet"],"aioseo_notices":[],"_links":{"self":[{"href":"https:\/\/newsinfoco.com.br\/inicio\/wp-json\/wp\/v2\/posts\/4961","targetHints":{"allow":["GET"]}}],"collection":[{"href":"https:\/\/newsinfoco.com.br\/inicio\/wp-json\/wp\/v2\/posts"}],"about":[{"href":"https:\/\/newsinfoco.com.br\/inicio\/wp-json\/wp\/v2\/types\/post"}],"author":[{"embeddable":true,"href":"https:\/\/newsinfoco.com.br\/inicio\/wp-json\/wp\/v2\/users\/1"}],"replies":[{"embeddable":true,"href":"https:\/\/newsinfoco.com.br\/inicio\/wp-json\/wp\/v2\/comments?post=4961"}],"version-history":[{"count":0,"href":"https:\/\/newsinfoco.com.br\/inicio\/wp-json\/wp\/v2\/posts\/4961\/revisions"}],"wp:featuredmedia":[{"embeddable":true,"href":"https:\/\/newsinfoco.com.br\/inicio\/wp-json\/wp\/v2\/media\/3924"}],"wp:attachment":[{"href":"https:\/\/newsinfoco.com.br\/inicio\/wp-json\/wp\/v2\/media?parent=4961"}],"wp:term":[{"taxonomy":"category","embeddable":true,"href":"https:\/\/newsinfoco.com.br\/inicio\/wp-json\/wp\/v2\/categories?post=4961"},{"taxonomy":"post_tag","embeddable":true,"href":"https:\/\/newsinfoco.com.br\/inicio\/wp-json\/wp\/v2\/tags?post=4961"}],"curies":[{"name":"wp","href":"https:\/\/api.w.org\/{rel}","templated":true}]}}