{"id":49611,"date":"2026-03-09T15:36:31","date_gmt":"2026-03-09T18:36:31","guid":{"rendered":"https:\/\/newsinfoco.com.br\/inicio\/?p=49611"},"modified":"2026-03-09T15:36:31","modified_gmt":"2026-03-09T18:36:31","slug":"kassab-diz-que-psd-definira-candidato-a-presidencia-ate-31-de-marco","status":"publish","type":"post","link":"https:\/\/newsinfoco.com.br\/inicio\/kassab-diz-que-psd-definira-candidato-a-presidencia-ate-31-de-marco\/","title":{"rendered":"Kassab diz que PSD definir\u00e1 candidato \u00e0 Presid\u00eancia at\u00e9 31 de mar\u00e7o"},"content":{"rendered":"<div class=\"conteudo_post\">\n<div class=\"text-base my-auto mx-auto [--thread-content-margin:var(--thread-content-margin-xs,calc(var(--spacing)*4))] @w-sm\/main:[--thread-content-margin:var(--thread-content-margin-sm,calc(var(--spacing)*6))] @w-lg\/main:[--thread-content-margin:var(--thread-content-margin-lg,calc(var(--spacing)*16))] px-(--thread-content-margin)\">\n<div class=\"[--thread-content-max-width:40rem] @w-lg\/main:[--thread-content-max-width:48rem] mx-auto max-w-(--thread-content-max-width) flex-1 group\/turn-messages focus-visible:outline-hidden relative flex w-full min-w-0 flex-col agent-turn\" tabindex=\"-1\">\n<div class=\"flex max-w-full flex-col gap-4 grow\">\n<div class=\"min-h-8 text-message relative flex w-full flex-col items-end gap-2 text-start break-words whitespace-normal [.text-message+&amp;]:mt-1\" dir=\"auto\" data-message-author-role=\"assistant\" data-message-id=\"f6506235-2416-44b7-8111-a3d2f4a30255\" data-message-model-slug=\"gpt-5-3\">\n<div class=\"flex w-full flex-col gap-1 empty:hidden\">\n<div class=\"markdown prose dark:prose-invert w-full wrap-break-word light markdown-new-styling\">\n<p data-start=\"0\" data-end=\"234\">O presidente do\u00a0<span class=\"hover:entity-accent entity-underline inline cursor-pointer align-baseline\"><span class=\"whitespace-normal\">Partido Social Democr\u00e1tico<\/span><\/span>\u00a0(PSD),\u00a0<span class=\"hover:entity-accent entity-underline inline cursor-pointer align-baseline\"><span class=\"whitespace-normal\">Gilberto Kassab<\/span><\/span>, afirmou nesta segunda-feira (9) que a defini\u00e7\u00e3o do candidato da legenda \u00e0 Presid\u00eancia da Rep\u00fablica deve ocorrer at\u00e9 o dia 31 de mar\u00e7o. A declara\u00e7\u00e3o foi dada a jornalistas ap\u00f3s a sua participa\u00e7\u00e3o em um evento promovido pela\u00a0<span class=\"hover:entity-accent entity-underline inline cursor-pointer align-baseline\"><span class=\"whitespace-normal\">Associa\u00e7\u00e3o Comercial de S\u00e3o Paulo<\/span><\/span>, na capital paulista.<\/p>\n<p data-start=\"391\" data-end=\"623\">Atualmente, o partido tem como nomes colocados para a disputa os governadores\u00a0<span class=\"hover:entity-accent entity-underline inline cursor-pointer align-baseline\"><span class=\"whitespace-normal\">Eduardo Leite<\/span><\/span>\u00a0(Rio Grande do Sul),\u00a0<span class=\"hover:entity-accent entity-underline inline cursor-pointer align-baseline\"><span class=\"whitespace-normal\">Ronaldo Caiado<\/span><\/span>\u00a0(Goi\u00e1s) e\u00a0<span class=\"hover:entity-accent entity-underline inline cursor-pointer align-baseline\"><span class=\"whitespace-normal\">Ratinho J\u00fanior<\/span><\/span>\u00a0(Paran\u00e1).<\/p><div class=\"newsi-conteudo_19\" id=\"newsi-593032031\"><a href=\"https:\/\/www.instagram.com\/prefeituraalagoinhas?igsh=YzgzdDJ1bWR3aWI4\" aria-label=\"SAVE_20251006_221555\"><img loading=\"lazy\" decoding=\"async\" src=\"https:\/\/newsinfoco.com.br\/inicio\/wp-content\/uploads\/2025\/10\/SAVE_20251006_221555-rotated.jpg\" alt=\"\"  srcset=\"https:\/\/newsinfoco.com.br\/inicio\/wp-content\/uploads\/2025\/10\/SAVE_20251006_221555-rotated.jpg 1140w, https:\/\/newsinfoco.com.br\/inicio\/wp-content\/uploads\/2025\/10\/SAVE_20251006_221555-300x52.jpg 300w, https:\/\/newsinfoco.com.br\/inicio\/wp-content\/uploads\/2025\/10\/SAVE_20251006_221555-1024x177.jpg 1024w, https:\/\/newsinfoco.com.br\/inicio\/wp-content\/uploads\/2025\/10\/SAVE_20251006_221555-768x133.jpg 768w, https:\/\/newsinfoco.com.br\/inicio\/wp-content\/uploads\/2025\/10\/SAVE_20251006_221555-600x104.jpg 600w, https:\/\/newsinfoco.com.br\/inicio\/wp-content\/uploads\/2025\/10\/SAVE_20251006_221555-696x120.jpg 696w, https:\/\/newsinfoco.com.br\/inicio\/wp-content\/uploads\/2025\/10\/SAVE_20251006_221555-1068x185.jpg 1068w\" sizes=\"(max-width: 1140px) 100vw, 1140px\" width=\"1140\" height=\"197\"   \/><\/a><\/div>\n<p data-start=\"625\" data-end=\"890\">Em janeiro, quando Caiado decidiu deixar o\u00a0<span class=\"hover:entity-accent entity-underline inline cursor-pointer align-baseline\"><span class=\"whitespace-normal\">Uni\u00e3o Brasil<\/span><\/span>\u00a0para se filiar ao PSD, Kassab havia informado que a escolha do candidato aconteceria at\u00e9 15 de abril. Na ocasi\u00e3o, o dirigente destacou que os tr\u00eas nomes estavam \u201cmuito bem preparados\u201d.<\/p>\n<p data-start=\"892\" data-end=\"1004\" data-is-last-node=\"\" data-is-only-node=\"\">Segundo Kassab, \u201cs\u00e3o tr\u00eas governadores que durante oito anos governaram seus estados com aprova\u00e7\u00e3o extraordin\u00e1ria.\u201d<\/p>\n<\/div>\n<\/div>\n<\/div>\n<\/div>\n<\/div>\n<\/div>\n<\/div>\n<div id=\"author-info\" class=\"ui items\">\n<div class=\"item\">Bahia.Ba<\/div>\n<\/div>\n<div class='share-to-whatsapp-wrapper'><div class='share-on-whsp'>Share on: <\/div><a data-text='Kassab diz que PSD definir\u00e1 candidato \u00e0 Presid\u00eancia at\u00e9 31 de mar\u00e7o' data-link='https:\/\/newsinfoco.com.br\/inicio\/kassab-diz-que-psd-definira-candidato-a-presidencia-ate-31-de-marco\/' class='whatsapp-button whatsapp-share'>WhatsApp<\/a><div class='clear '><\/div><\/div>","protected":false},"excerpt":{"rendered":"<p>O presidente do\u00a0Partido Social Democr\u00e1tico\u00a0(PSD),\u00a0Gilberto Kassab, afirmou nesta segunda-feira (9) que a defini\u00e7\u00e3o do candidato da legenda \u00e0 Presid\u00eancia da Rep\u00fablica deve ocorrer at\u00e9 o dia 31 de mar\u00e7o. A declara\u00e7\u00e3o foi dada a jornalistas ap\u00f3s a sua participa\u00e7\u00e3o em um evento promovido pela\u00a0Associa\u00e7\u00e3o Comercial de S\u00e3o Paulo, na capital paulista. Atualmente, o partido tem [&hellip;]<\/p>\n","protected":false},"author":1,"featured_media":49612,"comment_status":"closed","ping_status":"closed","sticky":false,"template":"","format":"standard","meta":{"om_disable_all_campaigns":false,"_exactmetrics_skip_tracking":false,"_exactmetrics_sitenote_active":false,"_exactmetrics_sitenote_note":"","_exactmetrics_sitenote_category":0,"footnotes":""},"categories":[21],"tags":[],"class_list":["post-49611","post","type-post","status-publish","format-standard","has-post-thumbnail","hentry","category-brasil"],"aioseo_notices":[],"_links":{"self":[{"href":"https:\/\/newsinfoco.com.br\/inicio\/wp-json\/wp\/v2\/posts\/49611","targetHints":{"allow":["GET"]}}],"collection":[{"href":"https:\/\/newsinfoco.com.br\/inicio\/wp-json\/wp\/v2\/posts"}],"about":[{"href":"https:\/\/newsinfoco.com.br\/inicio\/wp-json\/wp\/v2\/types\/post"}],"author":[{"embeddable":true,"href":"https:\/\/newsinfoco.com.br\/inicio\/wp-json\/wp\/v2\/users\/1"}],"replies":[{"embeddable":true,"href":"https:\/\/newsinfoco.com.br\/inicio\/wp-json\/wp\/v2\/comments?post=49611"}],"version-history":[{"count":1,"href":"https:\/\/newsinfoco.com.br\/inicio\/wp-json\/wp\/v2\/posts\/49611\/revisions"}],"predecessor-version":[{"id":49613,"href":"https:\/\/newsinfoco.com.br\/inicio\/wp-json\/wp\/v2\/posts\/49611\/revisions\/49613"}],"wp:featuredmedia":[{"embeddable":true,"href":"https:\/\/newsinfoco.com.br\/inicio\/wp-json\/wp\/v2\/media\/49612"}],"wp:attachment":[{"href":"https:\/\/newsinfoco.com.br\/inicio\/wp-json\/wp\/v2\/media?parent=49611"}],"wp:term":[{"taxonomy":"category","embeddable":true,"href":"https:\/\/newsinfoco.com.br\/inicio\/wp-json\/wp\/v2\/categories?post=49611"},{"taxonomy":"post_tag","embeddable":true,"href":"https:\/\/newsinfoco.com.br\/inicio\/wp-json\/wp\/v2\/tags?post=49611"}],"curies":[{"name":"wp","href":"https:\/\/api.w.org\/{rel}","templated":true}]}}