{"id":49614,"date":"2026-03-09T15:45:22","date_gmt":"2026-03-09T18:45:22","guid":{"rendered":"https:\/\/newsinfoco.com.br\/inicio\/?p=49614"},"modified":"2026-03-09T15:45:22","modified_gmt":"2026-03-09T18:45:22","slug":"documentario-3-obas-de-xango-tera-exibicao-em-festival-de-paris","status":"publish","type":"post","link":"https:\/\/newsinfoco.com.br\/inicio\/documentario-3-obas-de-xango-tera-exibicao-em-festival-de-paris\/","title":{"rendered":"Document\u00e1rio \u20183 Ob\u00e1s de Xang\u00f4\u2019 ter\u00e1 exibi\u00e7\u00e3o em festival de Paris"},"content":{"rendered":"<div class=\"conteudo_post\">\n<p data-start=\"267\" data-end=\"691\">Um dos destaques da programa\u00e7\u00e3o do\u00a0<strong data-start=\"302\" data-end=\"322\">Back2Black Paris<\/strong>, festival brasileiro criado em 2009 que chega pela primeira vez \u00e0 Fran\u00e7a no dia 3 de abril, ser\u00e1 a exibi\u00e7\u00e3o do document\u00e1rio\u00a0<strong data-start=\"447\" data-end=\"488\"><span class=\"hover:entity-accent entity-underline inline cursor-pointer align-baseline\"><span class=\"whitespace-normal\">3 Ob\u00e1s de Xang\u00f4<\/span><\/span><\/strong>. O longa, dirigido por\u00a0<span class=\"hover:entity-accent entity-underline inline cursor-pointer align-baseline\"><span class=\"whitespace-normal\">S\u00e9rgio Machado<\/span><\/span>, ter\u00e1 sua primeira exibi\u00e7\u00e3o em Paris dentro da programa\u00e7\u00e3o do evento. O cineasta tamb\u00e9m estar\u00e1 presente no festival para acompanhar a sess\u00e3o.<\/p>\n<p data-start=\"693\" data-end=\"1112\">O document\u00e1rio aborda a amizade entre\u00a0<span class=\"hover:entity-accent entity-underline inline cursor-pointer align-baseline\"><span class=\"whitespace-normal\">Jorge Amado<\/span><\/span>,\u00a0<span class=\"hover:entity-accent entity-underline inline cursor-pointer align-baseline\"><span class=\"whitespace-normal\">Dorival Caymmi<\/span><\/span>\u00a0e\u00a0<span class=\"hover:entity-accent entity-underline inline cursor-pointer align-baseline\"><span class=\"whitespace-normal\">Caryb\u00e9<\/span><\/span>\u00a0\u2014 tr\u00eas artistas fundamentais na constru\u00e7\u00e3o de um imagin\u00e1rio de baianidade que permanece influente at\u00e9 hoje. Em suas obras, os tr\u00eas destacaram elementos do cotidiano da Bahia, como a for\u00e7a do povo do candombl\u00e9, o protagonismo feminino e a presen\u00e7a constante do mar.<\/p><div class=\"newsi-conteudo_19\" id=\"newsi-106470822\"><a href=\"https:\/\/www.instagram.com\/prefeituraalagoinhas?igsh=YzgzdDJ1bWR3aWI4\" aria-label=\"SAVE_20251006_221555\"><img loading=\"lazy\" decoding=\"async\" src=\"https:\/\/newsinfoco.com.br\/inicio\/wp-content\/uploads\/2025\/10\/SAVE_20251006_221555-rotated.jpg\" alt=\"\"  srcset=\"https:\/\/newsinfoco.com.br\/inicio\/wp-content\/uploads\/2025\/10\/SAVE_20251006_221555-rotated.jpg 1140w, https:\/\/newsinfoco.com.br\/inicio\/wp-content\/uploads\/2025\/10\/SAVE_20251006_221555-300x52.jpg 300w, https:\/\/newsinfoco.com.br\/inicio\/wp-content\/uploads\/2025\/10\/SAVE_20251006_221555-1024x177.jpg 1024w, https:\/\/newsinfoco.com.br\/inicio\/wp-content\/uploads\/2025\/10\/SAVE_20251006_221555-768x133.jpg 768w, https:\/\/newsinfoco.com.br\/inicio\/wp-content\/uploads\/2025\/10\/SAVE_20251006_221555-600x104.jpg 600w, https:\/\/newsinfoco.com.br\/inicio\/wp-content\/uploads\/2025\/10\/SAVE_20251006_221555-696x120.jpg 696w, https:\/\/newsinfoco.com.br\/inicio\/wp-content\/uploads\/2025\/10\/SAVE_20251006_221555-1068x185.jpg 1068w\" sizes=\"(max-width: 1140px) 100vw, 1140px\" width=\"1140\" height=\"197\"   \/><\/a><\/div>\n<p data-start=\"1114\" data-end=\"1425\">Os livros de Jorge Amado, as can\u00e7\u00f5es de Caymmi e as pinturas e esculturas de Caryb\u00e9 ajudaram a consolidar uma forma particular de representar a cultura baiana e influenciaram diversas gera\u00e7\u00f5es de artistas. O roteiro do document\u00e1rio \u00e9 assinado por S\u00e9rgio Machado, Gabriel Meyohas, Joselia Aguiar e Andr\u00e9 Finotti.<\/p>\n<p data-start=\"1427\" data-end=\"1854\">Para o diretor, a participa\u00e7\u00e3o no festival e a estreia internacional do filme representam um momento especial. \u201c\u00c9 um orgulho lan\u00e7ar\u00a0<em data-start=\"1559\" data-end=\"1576\">3 Ob\u00e1s de Xang\u00f4<\/em>\u00a0no Back2Black. Tamb\u00e9m \u00e9 uma alegria participar de um festival que celebra o mestre\u00a0<span class=\"hover:entity-accent entity-underline inline cursor-pointer align-baseline\"><span class=\"whitespace-normal\">Gilberto Gil<\/span><\/span>, que tivemos o prazer de entrevistar para o filme. Ele tamb\u00e9m \u00e9 um Ob\u00e1, sucessor de Dorival Caymmi nessa linhagem t\u00e3o rica ligada a Xang\u00f4\u201d, afirmou Machado.<\/p>\n<p data-start=\"1856\" data-end=\"2139\">Lan\u00e7ado nos cinemas brasileiros, o document\u00e1rio vendeu mais de 18 mil ingressos em 2025 e se tornou a terceira maior bilheteria entre os document\u00e1rios exibidos naquele ano. O longa tamb\u00e9m venceu o pr\u00eamio de Melhor Longa-Metragem Document\u00e1rio no\u00a0<span class=\"hover:entity-accent entity-underline inline cursor-pointer align-baseline\"><span class=\"whitespace-normal\">Pr\u00eamio Grande Otelo<\/span><\/span>.<\/p>\n<p data-start=\"2141\" data-end=\"2630\">A produ\u00e7\u00e3o ainda recebeu o pr\u00eamio de Melhor Roteiro de Document\u00e1rio da\u00a0<span class=\"hover:entity-accent entity-underline inline cursor-pointer align-baseline\"><span class=\"whitespace-normal\">Associa\u00e7\u00e3o Brasileira de Autores Roteiristas<\/span><\/span>\u00a0(ABRA) e foi eleita Melhor Document\u00e1rio do Ano pela\u00a0<span class=\"hover:entity-accent entity-underline inline cursor-pointer align-baseline\"><span class=\"whitespace-normal\">Associa\u00e7\u00e3o Paulista de Cr\u00edticos de Arte<\/span><\/span>\u00a0(APCA). Em 2024, conquistou o pr\u00eamio do J\u00fari Popular na\u00a0<span class=\"hover:entity-accent entity-underline inline cursor-pointer align-baseline\"><span class=\"whitespace-normal\">Mostra de Cinema de Tiradentes<\/span><\/span>\u00a0e o trof\u00e9u Redentor de Melhor Document\u00e1rio no\u00a0<span class=\"hover:entity-accent entity-underline inline cursor-pointer align-baseline\"><span class=\"whitespace-normal\">Festival do Rio<\/span><\/span>. J\u00e1 na\u00a0<span class=\"hover:entity-accent entity-underline inline cursor-pointer align-baseline\"><span class=\"whitespace-normal\">Mostra Internacional de Cinema de S\u00e3o Paulo<\/span><\/span>, recebeu o pr\u00eamio do p\u00fablico de Melhor Document\u00e1rio Brasileiro.<\/p>\n<h3 data-section-id=\"1lfqovc\" data-start=\"2632\" data-end=\"2660\">back2black chega a paris<\/h3>\n<p data-start=\"2662\" data-end=\"2882\">Criado em 2009, o festival\u00a0<span class=\"hover:entity-accent entity-underline inline cursor-pointer align-baseline\"><span class=\"whitespace-normal\">Back2Black Festival<\/span><\/span>\u00a0realiza sua primeira edi\u00e7\u00e3o em Paris ocupando o\u00a0<span class=\"hover:entity-accent entity-underline inline cursor-pointer align-baseline\"><span class=\"whitespace-normal\">Th\u00e9\u00e2tre du Ch\u00e2telet<\/span><\/span>. A programa\u00e7\u00e3o re\u00fane shows, exposi\u00e7\u00f5es e apresenta\u00e7\u00f5es especiais.<\/p>\n<p data-start=\"2884\" data-end=\"3172\">Um dos momentos mais aguardados ser\u00e1 o show de\u00a0<span class=\"hover:entity-accent entity-underline inline cursor-pointer align-baseline\"><span class=\"whitespace-normal\">Gilberto Gil<\/span><\/span>, que se apresenta ao lado de filhos e netos. A apresenta\u00e7\u00e3o acontece ap\u00f3s o encerramento no Brasil da turn\u00ea\u00a0<span class=\"hover:entity-accent entity-underline inline cursor-pointer align-baseline\"><span class=\"whitespace-normal\">Tempo Rei Tour<\/span><\/span>, que marca a despedida do artista dos grandes palcos.<\/p>\n<p data-start=\"3174\" data-end=\"3447\">O evento tamb\u00e9m ter\u00e1 a participa\u00e7\u00e3o da cantora\u00a0<span class=\"hover:entity-accent entity-underline inline cursor-pointer align-baseline\"><span class=\"whitespace-normal\">Agnes Nunes<\/span><\/span>, que dividir\u00e1 o palco com o m\u00fasico camaron\u00eas\u00a0<span class=\"hover:entity-accent entity-underline inline cursor-pointer align-baseline\"><span class=\"whitespace-normal\">Blick Bassy<\/span><\/span>\u00a0em um encontro musical que mistura influ\u00eancias afro-soul, MPB e sonoridades africanas contempor\u00e2neas.<\/p>\n<p data-start=\"3449\" data-end=\"3699\">A programa\u00e7\u00e3o inclui ainda sets da DJ e produtora cultural\u00a0<span class=\"hover:entity-accent entity-underline inline cursor-pointer align-baseline\"><span class=\"whitespace-normal\">Umafricana<\/span><\/span>, que apresentar\u00e1 um repert\u00f3rio que percorre estilos como afrobeat, amapiano, afrohouse, kuduro e outros ritmos ligados \u00e0 m\u00fasica africana contempor\u00e2nea.<\/p>\n<div>\n<div>\n<div class=\"trv-player-container\">\n<div class=\"trv-wrapper\">\n<div id=\"br_video_player_1223d6e22d0d87a49914ea1f19e1a19dc3c659f9\" class=\"trvd_video_player trvdinstream\">Al\u00e9m dos shows, o festival contar\u00e1 com uma exposi\u00e7\u00e3o dedicada \u00e0 obra de Caryb\u00e9, que retrata o cotidiano e a espiritualidade da cultura afro-brasileira.<\/div>\n<\/div>\n<\/div>\n<\/div>\n<\/div>\n<p data-start=\"3854\" data-end=\"4098\" data-is-last-node=\"\" data-is-only-node=\"\">A chegada do Back2Black a Paris marca uma nova fase para o evento, que se consolida como um espa\u00e7o de valoriza\u00e7\u00e3o da cultura afro-brasileira e de di\u00e1logo art\u00edstico internacional, ampliando a presen\u00e7a da produ\u00e7\u00e3o cultural brasileira no exterior.<\/p>\n<\/div>\n<div id=\"author-info\" class=\"ui items\">\n<div class=\"item\">Bahia.Ba<\/div>\n<\/div>\n<div class='share-to-whatsapp-wrapper'><div class='share-on-whsp'>Share on: <\/div><a data-text='Document\u00e1rio \u20183 Ob\u00e1s de Xang\u00f4\u2019 ter\u00e1 exibi\u00e7\u00e3o em festival de Paris' data-link='https:\/\/newsinfoco.com.br\/inicio\/documentario-3-obas-de-xango-tera-exibicao-em-festival-de-paris\/' class='whatsapp-button whatsapp-share'>WhatsApp<\/a><div class='clear '><\/div><\/div>","protected":false},"excerpt":{"rendered":"<p>Um dos destaques da programa\u00e7\u00e3o do\u00a0Back2Black Paris, festival brasileiro criado em 2009 que chega pela primeira vez \u00e0 Fran\u00e7a no dia 3 de abril, ser\u00e1 a exibi\u00e7\u00e3o do document\u00e1rio\u00a03 Ob\u00e1s de Xang\u00f4. O longa, dirigido por\u00a0S\u00e9rgio Machado, ter\u00e1 sua primeira exibi\u00e7\u00e3o em Paris dentro da programa\u00e7\u00e3o do evento. O cineasta tamb\u00e9m estar\u00e1 presente no festival [&hellip;]<\/p>\n","protected":false},"author":1,"featured_media":49615,"comment_status":"closed","ping_status":"closed","sticky":false,"template":"","format":"standard","meta":{"om_disable_all_campaigns":false,"_exactmetrics_skip_tracking":false,"_exactmetrics_sitenote_active":false,"_exactmetrics_sitenote_note":"","_exactmetrics_sitenote_category":0,"footnotes":""},"categories":[19],"tags":[],"class_list":["post-49614","post","type-post","status-publish","format-standard","has-post-thumbnail","hentry","category-bahia"],"aioseo_notices":[],"_links":{"self":[{"href":"https:\/\/newsinfoco.com.br\/inicio\/wp-json\/wp\/v2\/posts\/49614","targetHints":{"allow":["GET"]}}],"collection":[{"href":"https:\/\/newsinfoco.com.br\/inicio\/wp-json\/wp\/v2\/posts"}],"about":[{"href":"https:\/\/newsinfoco.com.br\/inicio\/wp-json\/wp\/v2\/types\/post"}],"author":[{"embeddable":true,"href":"https:\/\/newsinfoco.com.br\/inicio\/wp-json\/wp\/v2\/users\/1"}],"replies":[{"embeddable":true,"href":"https:\/\/newsinfoco.com.br\/inicio\/wp-json\/wp\/v2\/comments?post=49614"}],"version-history":[{"count":1,"href":"https:\/\/newsinfoco.com.br\/inicio\/wp-json\/wp\/v2\/posts\/49614\/revisions"}],"predecessor-version":[{"id":49616,"href":"https:\/\/newsinfoco.com.br\/inicio\/wp-json\/wp\/v2\/posts\/49614\/revisions\/49616"}],"wp:featuredmedia":[{"embeddable":true,"href":"https:\/\/newsinfoco.com.br\/inicio\/wp-json\/wp\/v2\/media\/49615"}],"wp:attachment":[{"href":"https:\/\/newsinfoco.com.br\/inicio\/wp-json\/wp\/v2\/media?parent=49614"}],"wp:term":[{"taxonomy":"category","embeddable":true,"href":"https:\/\/newsinfoco.com.br\/inicio\/wp-json\/wp\/v2\/categories?post=49614"},{"taxonomy":"post_tag","embeddable":true,"href":"https:\/\/newsinfoco.com.br\/inicio\/wp-json\/wp\/v2\/tags?post=49614"}],"curies":[{"name":"wp","href":"https:\/\/api.w.org\/{rel}","templated":true}]}}