{"id":49617,"date":"2026-03-09T15:48:53","date_gmt":"2026-03-09T18:48:53","guid":{"rendered":"https:\/\/newsinfoco.com.br\/inicio\/?p=49617"},"modified":"2026-03-09T15:48:53","modified_gmt":"2026-03-09T18:48:53","slug":"flavio-bolsonaro-assina-cpi-para-investigar-moraes-e-toffoli","status":"publish","type":"post","link":"https:\/\/newsinfoco.com.br\/inicio\/flavio-bolsonaro-assina-cpi-para-investigar-moraes-e-toffoli\/","title":{"rendered":"Fl\u00e1vio Bolsonaro assina CPI para investigar Moraes e Toffoli"},"content":{"rendered":"<div class=\"conteudo_post\">\n<p data-start=\"77\" data-end=\"529\">O senador\u00a0<span class=\"hover:entity-accent entity-underline inline cursor-pointer align-baseline\"><span class=\"whitespace-normal\">Fl\u00e1vio Bolsonaro<\/span><\/span>\u00a0(PL) informou \u00e0 coluna de\u00a0<span class=\"hover:entity-accent entity-underline inline cursor-pointer align-baseline\"><span class=\"whitespace-normal\">Igor Gadelha<\/span><\/span>, do portal\u00a0<span class=\"hover:entity-accent entity-underline inline cursor-pointer align-baseline\"><span class=\"whitespace-normal\">Metr\u00f3poles<\/span><\/span>, que assinou na tarde desta segunda-feira (9) o pedido de cria\u00e7\u00e3o de uma Comiss\u00e3o Parlamentar de Inqu\u00e9rito (CPI) para investigar a atua\u00e7\u00e3o dos ministros do Supremo Tribunal Federal (STF)\u00a0<span class=\"hover:entity-accent entity-underline inline cursor-pointer align-baseline\"><span class=\"whitespace-normal\">Dias Toffoli<\/span><\/span>\u00a0e\u00a0<span class=\"hover:entity-accent entity-underline inline cursor-pointer align-baseline\"><span class=\"whitespace-normal\">Alexandre de Moraes<\/span><\/span>\u00a0no chamado Caso Master.<\/p>\n<p data-start=\"531\" data-end=\"856\">Pr\u00e9-candidato \u00e0 Presid\u00eancia da Rep\u00fablica, Fl\u00e1vio afirmou que decidiu assinar o requerimento somente depois que o senador\u00a0<span class=\"hover:entity-accent entity-underline inline cursor-pointer align-baseline\"><span class=\"whitespace-normal\">Alessandro Vieira<\/span><\/span>\u00a0(MDB) anunciou, no in\u00edcio da tarde, ter conseguido reunir as 27 assinaturas necess\u00e1rias para que o pedido pudesse ser protocolado no Senado.<\/p><div class=\"newsi-conteudo_19\" id=\"newsi-2590668342\"><a href=\"https:\/\/www.instagram.com\/prefeituraalagoinhas?igsh=YzgzdDJ1bWR3aWI4\" aria-label=\"SAVE_20251006_221555\"><img loading=\"lazy\" decoding=\"async\" src=\"https:\/\/newsinfoco.com.br\/inicio\/wp-content\/uploads\/2025\/10\/SAVE_20251006_221555-rotated.jpg\" alt=\"\"  srcset=\"https:\/\/newsinfoco.com.br\/inicio\/wp-content\/uploads\/2025\/10\/SAVE_20251006_221555-rotated.jpg 1140w, https:\/\/newsinfoco.com.br\/inicio\/wp-content\/uploads\/2025\/10\/SAVE_20251006_221555-300x52.jpg 300w, https:\/\/newsinfoco.com.br\/inicio\/wp-content\/uploads\/2025\/10\/SAVE_20251006_221555-1024x177.jpg 1024w, https:\/\/newsinfoco.com.br\/inicio\/wp-content\/uploads\/2025\/10\/SAVE_20251006_221555-768x133.jpg 768w, https:\/\/newsinfoco.com.br\/inicio\/wp-content\/uploads\/2025\/10\/SAVE_20251006_221555-600x104.jpg 600w, https:\/\/newsinfoco.com.br\/inicio\/wp-content\/uploads\/2025\/10\/SAVE_20251006_221555-696x120.jpg 696w, https:\/\/newsinfoco.com.br\/inicio\/wp-content\/uploads\/2025\/10\/SAVE_20251006_221555-1068x185.jpg 1068w\" sizes=\"(max-width: 1140px) 100vw, 1140px\" width=\"1140\" height=\"197\"   \/><\/a><\/div>\n<div>\n<div>\n<div class=\"trv-player-container\">\n<div class=\"trv-wrapper\">\n<div id=\"br_video_player_c0e80f7b494dec9f69aaea1f19e1a19dc3c659f9\" class=\"trvd_video_player trvdinstream\">Segundo o parlamentar, a assinatura foi registrada \u00e0s 13h26. Fl\u00e1vio explicou que n\u00e3o havia aderido antes ao documento porque estava preparando um requerimento para ampliar o escopo da CPI e incluir na investiga\u00e7\u00e3o o ministro da Fazenda, <span class=\"hover:entity-accent entity-underline inline cursor-pointer align-baseline\"><span class=\"whitespace-normal\">Fernando Haddad<\/span><\/span>, e o presidente do Banco Central,\u00a0<span class=\"hover:entity-accent entity-underline inline cursor-pointer align-baseline\"><span class=\"whitespace-normal\">Gabriel Gal\u00edpolo<\/span><\/span>.<\/div>\n<\/div>\n<\/div>\n<\/div>\n<\/div>\n<p data-start=\"1204\" data-end=\"1436\" data-is-last-node=\"\" data-is-only-node=\"\">\u201cAcabei de assinar e vou apresentar um requerimento para aditar o escopo da CPI, para que tamb\u00e9m se investigue as atua\u00e7\u00f5es suspeitas de Fernando Haddad e Gal\u00edpolo. O fundamento vou dar publicidade em breve\u201d, afirmou Fl\u00e1vio \u00e0 coluna.<\/p>\n<p data-start=\"1204\" data-end=\"1436\" data-is-last-node=\"\" data-is-only-node=\"\">Bahia.Ba<\/p>\n<\/div>\n<div id=\"author-info\" class=\"ui items\">\n<div class=\"item\"><\/div>\n<\/div>\n<div class='share-to-whatsapp-wrapper'><div class='share-on-whsp'>Share on: <\/div><a data-text='Fl\u00e1vio Bolsonaro assina CPI para investigar Moraes e Toffoli' data-link='https:\/\/newsinfoco.com.br\/inicio\/flavio-bolsonaro-assina-cpi-para-investigar-moraes-e-toffoli\/' class='whatsapp-button whatsapp-share'>WhatsApp<\/a><div class='clear '><\/div><\/div>","protected":false},"excerpt":{"rendered":"<p>O senador\u00a0Fl\u00e1vio Bolsonaro\u00a0(PL) informou \u00e0 coluna de\u00a0Igor Gadelha, do portal\u00a0Metr\u00f3poles, que assinou na tarde desta segunda-feira (9) o pedido de cria\u00e7\u00e3o de uma Comiss\u00e3o Parlamentar de Inqu\u00e9rito (CPI) para investigar a atua\u00e7\u00e3o dos ministros do Supremo Tribunal Federal (STF)\u00a0Dias Toffoli\u00a0e\u00a0Alexandre de Moraes\u00a0no chamado Caso Master. Pr\u00e9-candidato \u00e0 Presid\u00eancia da Rep\u00fablica, Fl\u00e1vio afirmou que decidiu assinar [&hellip;]<\/p>\n","protected":false},"author":1,"featured_media":49618,"comment_status":"closed","ping_status":"closed","sticky":false,"template":"","format":"standard","meta":{"om_disable_all_campaigns":false,"_exactmetrics_skip_tracking":false,"_exactmetrics_sitenote_active":false,"_exactmetrics_sitenote_note":"","_exactmetrics_sitenote_category":0,"footnotes":""},"categories":[21],"tags":[],"class_list":["post-49617","post","type-post","status-publish","format-standard","has-post-thumbnail","hentry","category-brasil"],"aioseo_notices":[],"_links":{"self":[{"href":"https:\/\/newsinfoco.com.br\/inicio\/wp-json\/wp\/v2\/posts\/49617","targetHints":{"allow":["GET"]}}],"collection":[{"href":"https:\/\/newsinfoco.com.br\/inicio\/wp-json\/wp\/v2\/posts"}],"about":[{"href":"https:\/\/newsinfoco.com.br\/inicio\/wp-json\/wp\/v2\/types\/post"}],"author":[{"embeddable":true,"href":"https:\/\/newsinfoco.com.br\/inicio\/wp-json\/wp\/v2\/users\/1"}],"replies":[{"embeddable":true,"href":"https:\/\/newsinfoco.com.br\/inicio\/wp-json\/wp\/v2\/comments?post=49617"}],"version-history":[{"count":1,"href":"https:\/\/newsinfoco.com.br\/inicio\/wp-json\/wp\/v2\/posts\/49617\/revisions"}],"predecessor-version":[{"id":49619,"href":"https:\/\/newsinfoco.com.br\/inicio\/wp-json\/wp\/v2\/posts\/49617\/revisions\/49619"}],"wp:featuredmedia":[{"embeddable":true,"href":"https:\/\/newsinfoco.com.br\/inicio\/wp-json\/wp\/v2\/media\/49618"}],"wp:attachment":[{"href":"https:\/\/newsinfoco.com.br\/inicio\/wp-json\/wp\/v2\/media?parent=49617"}],"wp:term":[{"taxonomy":"category","embeddable":true,"href":"https:\/\/newsinfoco.com.br\/inicio\/wp-json\/wp\/v2\/categories?post=49617"},{"taxonomy":"post_tag","embeddable":true,"href":"https:\/\/newsinfoco.com.br\/inicio\/wp-json\/wp\/v2\/tags?post=49617"}],"curies":[{"name":"wp","href":"https:\/\/api.w.org\/{rel}","templated":true}]}}