{"id":49620,"date":"2026-03-09T15:58:38","date_gmt":"2026-03-09T18:58:38","guid":{"rendered":"https:\/\/newsinfoco.com.br\/inicio\/?p=49620"},"modified":"2026-03-09T15:58:38","modified_gmt":"2026-03-09T18:58:38","slug":"stjd-mantem-multa-por-cantos-homofobicos-e-reduz-punicao-do-vitoria-apos-ba-vi","status":"publish","type":"post","link":"https:\/\/newsinfoco.com.br\/inicio\/stjd-mantem-multa-por-cantos-homofobicos-e-reduz-punicao-do-vitoria-apos-ba-vi\/","title":{"rendered":"STJD mant\u00e9m multa por cantos homof\u00f3bicos e reduz puni\u00e7\u00e3o do Vit\u00f3ria ap\u00f3s Ba-Vi"},"content":{"rendered":"<div class=\"conteudo_post\">\n<p>O Superior Tribunal de Justi\u00e7a Desportiva (STJD) julgou o recurso apresentado pelo Vit\u00f3ria e reduziu parte das puni\u00e7\u00f5es impostas ao clube ap\u00f3s o Ba-Vi disputado pela 28\u00aa rodada do Campeonato Brasileiro de 2025. A decis\u00e3o foi tomada pelo Tribunal Pleno, \u00faltima inst\u00e2ncia da Justi\u00e7a Desportiva.<\/p>\n<p>No julgamento, os auditores mantiveram a multa de\u00a0<strong>R$ 80 mil<\/strong>\u00a0aplicada ao clube por c\u00e2nticos homof\u00f3bicos registrados durante o cl\u00e1ssico. A infra\u00e7\u00e3o foi enquadrada no artigo 243-G do C\u00f3digo Brasileiro de Justi\u00e7a Desportiva (CBJD), que trata de atos discriminat\u00f3rios no ambiente esportivo.<\/p><div class=\"newsi-conteudo_19\" id=\"newsi-3660975627\"><a href=\"https:\/\/www.instagram.com\/prefeituraalagoinhas?igsh=YzgzdDJ1bWR3aWI4\" aria-label=\"SAVE_20251006_221555\"><img loading=\"lazy\" decoding=\"async\" src=\"https:\/\/newsinfoco.com.br\/inicio\/wp-content\/uploads\/2025\/10\/SAVE_20251006_221555-rotated.jpg\" alt=\"\"  srcset=\"https:\/\/newsinfoco.com.br\/inicio\/wp-content\/uploads\/2025\/10\/SAVE_20251006_221555-rotated.jpg 1140w, https:\/\/newsinfoco.com.br\/inicio\/wp-content\/uploads\/2025\/10\/SAVE_20251006_221555-300x52.jpg 300w, https:\/\/newsinfoco.com.br\/inicio\/wp-content\/uploads\/2025\/10\/SAVE_20251006_221555-1024x177.jpg 1024w, https:\/\/newsinfoco.com.br\/inicio\/wp-content\/uploads\/2025\/10\/SAVE_20251006_221555-768x133.jpg 768w, https:\/\/newsinfoco.com.br\/inicio\/wp-content\/uploads\/2025\/10\/SAVE_20251006_221555-600x104.jpg 600w, https:\/\/newsinfoco.com.br\/inicio\/wp-content\/uploads\/2025\/10\/SAVE_20251006_221555-696x120.jpg 696w, https:\/\/newsinfoco.com.br\/inicio\/wp-content\/uploads\/2025\/10\/SAVE_20251006_221555-1068x185.jpg 1068w\" sizes=\"(max-width: 1140px) 100vw, 1140px\" width=\"1140\" height=\"197\"   \/><\/a><\/div>\n<p>J\u00e1 a penalidade relacionada \u00e0 confus\u00e3o nas arquibancadas do Barrad\u00e3o sofreu altera\u00e7\u00e3o. A multa inicialmente estabelecida em R$ 20 mil na primeira inst\u00e2ncia foi reduzida para\u00a0<strong>R$ 10 mil<\/strong>\u00a0ap\u00f3s a an\u00e1lise do recurso apresentado pelo clube.<\/p>\n<div>\n<div>\n<div class=\"trv-player-container\">\n<div class=\"trv-wrapper\">\n<div id=\"br_video_player_ce788695d17249bd574eea1f19e1a19dc3c659f9\" class=\"trvd_video_player trvdfloater trv-right\">Al\u00e9m da multa, o Tribunal determinou uma puni\u00e7\u00e3o esportiva ao Vit\u00f3ria. O clube ter\u00e1 30% da renda de bilheteria retida em uma partida, san\u00e7\u00e3o que dever\u00e1 ser cumprida no confronto contra o Atl\u00e9tico-MG.<\/div>\n<\/div>\n<\/div>\n<\/div>\n<\/div>\n<p>O processo teve origem em epis\u00f3dios registrados durante o cl\u00e1ssico Ba-Vi v\u00e1lido pelo Campeonato Brasileiro de 2025, que inclu\u00edram cantos considerados homof\u00f3bicos e tumultos nas arquibancadas do Barrad\u00e3o. Com o julgamento no Tribunal Pleno, a decis\u00e3o passa a ser definitiva na esfera da Justi\u00e7a Desportiva.<\/p>\n<\/div>\n<div id=\"div-share\">Bahia.Ba<\/div>\n<div class='share-to-whatsapp-wrapper'><div class='share-on-whsp'>Share on: <\/div><a data-text='STJD mant\u00e9m multa por cantos homof\u00f3bicos e reduz puni\u00e7\u00e3o do Vit\u00f3ria ap\u00f3s Ba-Vi' data-link='https:\/\/newsinfoco.com.br\/inicio\/stjd-mantem-multa-por-cantos-homofobicos-e-reduz-punicao-do-vitoria-apos-ba-vi\/' class='whatsapp-button whatsapp-share'>WhatsApp<\/a><div class='clear '><\/div><\/div>","protected":false},"excerpt":{"rendered":"<p>O Superior Tribunal de Justi\u00e7a Desportiva (STJD) julgou o recurso apresentado pelo Vit\u00f3ria e reduziu parte das puni\u00e7\u00f5es impostas ao clube ap\u00f3s o Ba-Vi disputado pela 28\u00aa rodada do Campeonato Brasileiro de 2025. A decis\u00e3o foi tomada pelo Tribunal Pleno, \u00faltima inst\u00e2ncia da Justi\u00e7a Desportiva. No julgamento, os auditores mantiveram a multa de\u00a0R$ 80 mil\u00a0aplicada [&hellip;]<\/p>\n","protected":false},"author":1,"featured_media":49621,"comment_status":"closed","ping_status":"closed","sticky":false,"template":"","format":"standard","meta":{"om_disable_all_campaigns":false,"_exactmetrics_skip_tracking":false,"_exactmetrics_sitenote_active":false,"_exactmetrics_sitenote_note":"","_exactmetrics_sitenote_category":0,"footnotes":""},"categories":[19],"tags":[],"class_list":["post-49620","post","type-post","status-publish","format-standard","has-post-thumbnail","hentry","category-bahia"],"aioseo_notices":[],"_links":{"self":[{"href":"https:\/\/newsinfoco.com.br\/inicio\/wp-json\/wp\/v2\/posts\/49620","targetHints":{"allow":["GET"]}}],"collection":[{"href":"https:\/\/newsinfoco.com.br\/inicio\/wp-json\/wp\/v2\/posts"}],"about":[{"href":"https:\/\/newsinfoco.com.br\/inicio\/wp-json\/wp\/v2\/types\/post"}],"author":[{"embeddable":true,"href":"https:\/\/newsinfoco.com.br\/inicio\/wp-json\/wp\/v2\/users\/1"}],"replies":[{"embeddable":true,"href":"https:\/\/newsinfoco.com.br\/inicio\/wp-json\/wp\/v2\/comments?post=49620"}],"version-history":[{"count":1,"href":"https:\/\/newsinfoco.com.br\/inicio\/wp-json\/wp\/v2\/posts\/49620\/revisions"}],"predecessor-version":[{"id":49622,"href":"https:\/\/newsinfoco.com.br\/inicio\/wp-json\/wp\/v2\/posts\/49620\/revisions\/49622"}],"wp:featuredmedia":[{"embeddable":true,"href":"https:\/\/newsinfoco.com.br\/inicio\/wp-json\/wp\/v2\/media\/49621"}],"wp:attachment":[{"href":"https:\/\/newsinfoco.com.br\/inicio\/wp-json\/wp\/v2\/media?parent=49620"}],"wp:term":[{"taxonomy":"category","embeddable":true,"href":"https:\/\/newsinfoco.com.br\/inicio\/wp-json\/wp\/v2\/categories?post=49620"},{"taxonomy":"post_tag","embeddable":true,"href":"https:\/\/newsinfoco.com.br\/inicio\/wp-json\/wp\/v2\/tags?post=49620"}],"curies":[{"name":"wp","href":"https:\/\/api.w.org\/{rel}","templated":true}]}}