{"id":49628,"date":"2026-03-09T19:19:36","date_gmt":"2026-03-09T22:19:36","guid":{"rendered":"https:\/\/newsinfoco.com.br\/inicio\/?p=49628"},"modified":"2026-03-09T19:19:36","modified_gmt":"2026-03-09T22:19:36","slug":"gustavo-carmo-apresenta-projetos-para-geracao-de-emprego-e-desenvolvimento-de-alagoinhas","status":"publish","type":"post","link":"https:\/\/newsinfoco.com.br\/inicio\/gustavo-carmo-apresenta-projetos-para-geracao-de-emprego-e-desenvolvimento-de-alagoinhas\/","title":{"rendered":"Gustavo Carmo apresenta projetos para gera\u00e7\u00e3o de emprego e desenvolvimento de Alagoinhas"},"content":{"rendered":"<p>Na \u00faltima sexta-feira, 6, o prefeito de Alagoinhas, Gustavo Carmo, apresentou um conjunto de iniciativas voltadas ao desenvolvimento econ\u00f4mico e urbano do munic\u00edpio. Entre os destaques est\u00e3o as estrat\u00e9gias para ampliar o Parque Industrial, atrair novas empresas, fortalecer setores produtivos e impulsionar a gera\u00e7\u00e3o de emprego e renda na cidade.<\/p>\n<p>\u201cA principal meta da atual gest\u00e3o \u00e9 impulsionar a economia local por meio da cria\u00e7\u00e3o de oportunidades de trabalho. Para isso, uma das prioridades \u00e9 ampliar e consolidar o Parque Industrial de Alagoinhas, fortalecendo setores produtivos que j\u00e1 t\u00eam presen\u00e7a significativa na cidade\u201d, apontou Gustavo.<\/p><div class=\"newsi-conteudo_19\" id=\"newsi-3062600989\"><a href=\"https:\/\/www.instagram.com\/prefeituraalagoinhas?igsh=YzgzdDJ1bWR3aWI4\" aria-label=\"SAVE_20251006_221555\"><img loading=\"lazy\" decoding=\"async\" src=\"https:\/\/newsinfoco.com.br\/inicio\/wp-content\/uploads\/2025\/10\/SAVE_20251006_221555-rotated.jpg\" alt=\"\"  srcset=\"https:\/\/newsinfoco.com.br\/inicio\/wp-content\/uploads\/2025\/10\/SAVE_20251006_221555-rotated.jpg 1140w, https:\/\/newsinfoco.com.br\/inicio\/wp-content\/uploads\/2025\/10\/SAVE_20251006_221555-300x52.jpg 300w, https:\/\/newsinfoco.com.br\/inicio\/wp-content\/uploads\/2025\/10\/SAVE_20251006_221555-1024x177.jpg 1024w, https:\/\/newsinfoco.com.br\/inicio\/wp-content\/uploads\/2025\/10\/SAVE_20251006_221555-768x133.jpg 768w, https:\/\/newsinfoco.com.br\/inicio\/wp-content\/uploads\/2025\/10\/SAVE_20251006_221555-600x104.jpg 600w, https:\/\/newsinfoco.com.br\/inicio\/wp-content\/uploads\/2025\/10\/SAVE_20251006_221555-696x120.jpg 696w, https:\/\/newsinfoco.com.br\/inicio\/wp-content\/uploads\/2025\/10\/SAVE_20251006_221555-1068x185.jpg 1068w\" sizes=\"(max-width: 1140px) 100vw, 1140px\" width=\"1140\" height=\"197\"   \/><\/a><\/div>\n<p>Entre os segmentos com maior potencial de crescimento est\u00e3o os de argila, petr\u00f3leo e g\u00e1s, \u00e1gua e bebidas, al\u00e9m da ind\u00fastria de medicamentos. O prefeito destacou que a reforma do C\u00f3digo Tribut\u00e1rio Municipal faz parte da estrat\u00e9gia de atra\u00e7\u00e3o e fortalecimento de investimentos, criando um ambiente mais favor\u00e1vel para empresas que desejam se instalar ou ampliar suas atividades no munic\u00edpio.<\/p>\n<p>Gustavo explicou que o conceito de Parque Industrial adotado pela gest\u00e3o n\u00e3o se restringe a um \u00fanico espa\u00e7o f\u00edsico, mas prev\u00ea a distribui\u00e7\u00e3o estrat\u00e9gica de empreendimentos em diferentes \u00e1reas da cidade, de acordo com suas caracter\u00edsticas produtivas. H\u00e1 um espa\u00e7o previsto para abrigar um Parque Tecnol\u00f3gico, ampliando as possibilidades de inova\u00e7\u00e3o e desenvolvimento no munic\u00edpio.<\/p>\n<p>Como resultado da pol\u00edtica de atra\u00e7\u00e3o de empresas, no pr\u00f3ximo dia 17, ser\u00e1 inaugurada a f\u00e1brica da Pion G Plus, ind\u00fastria de paramenta\u00e7\u00e3o m\u00e9dico-cir\u00fargica que a partir de agora ter\u00e1 uma unidade operando em Alagoinhas.<\/p>\n<p><strong>Projeto estruturante<\/strong><\/p>\n<p>O prefeito tamb\u00e9m anunciou o planejamento de um novo bairro em Alagoinhas. Chamado de Monte Sinai, o projeto pretende promover uma transforma\u00e7\u00e3o urban\u00edstica na regi\u00e3o do Cruzeiro dos Montes, com a cria\u00e7\u00e3o de uma nova \u00e1rea de moradia e infraestrutura para a popula\u00e7\u00e3o.<\/p>\n<p>No campo do desenvolvimento regional, Gustavo Carmo relatou que vai buscar, em Bras\u00edlia, recursos destinados \u00e0 constru\u00e7\u00e3o de uma Central de Abastecimento no distrito de Riacho da Guia. A iniciativa tem como objetivo fortalecer a comercializa\u00e7\u00e3o de produtos agr\u00edcolas, beneficiando produtores e ampliando a oferta de alimentos para a popula\u00e7\u00e3o.<\/p>\n<p>Outro tema abordado foi a reconstru\u00e7\u00e3o do viaduto da Rua do Catu. Carmo informou que, no in\u00edcio deste m\u00eas, cinco empresas foram habilitadas para participar do processo de licita\u00e7\u00e3o da obra. Paralelamente, todo o planejamento de tr\u00e2nsito para a regi\u00e3o j\u00e1 foi elaborado pela Superintend\u00eancia Municipal de Tr\u00e2nsito (SMT).<\/p>\n<p>Com a execu\u00e7\u00e3o da obra e a reorganiza\u00e7\u00e3o do fluxo de ve\u00edculos, a expectativa \u00e9 de que a regi\u00e3o volte a ter mais tranquilidade e mobilidade, beneficiando moradores, comerciantes e condutores de ve\u00edculos que utilizam diariamente a via.<\/p>\n<p>\u201cAs a\u00e7\u00f5es da gest\u00e3o municipal est\u00e3o voltadas para manter Alagoinhas num ciclo de desenvolvimento, com investimentos e melhoria da qualidade de vida da popula\u00e7\u00e3o\u201d, concluiu o prefeito.<\/p>\n<p>&nbsp;<\/p>\n<div align=\"right\"><\/div>\n<div class='share-to-whatsapp-wrapper'><div class='share-on-whsp'>Share on: <\/div><a data-text='Gustavo Carmo apresenta projetos para gera\u00e7\u00e3o de emprego e desenvolvimento de Alagoinhas' data-link='https:\/\/newsinfoco.com.br\/inicio\/gustavo-carmo-apresenta-projetos-para-geracao-de-emprego-e-desenvolvimento-de-alagoinhas\/' class='whatsapp-button whatsapp-share'>WhatsApp<\/a><div class='clear '><\/div><\/div>","protected":false},"excerpt":{"rendered":"<p>Na \u00faltima sexta-feira, 6, o prefeito de Alagoinhas, Gustavo Carmo, apresentou um conjunto de iniciativas voltadas ao desenvolvimento econ\u00f4mico e urbano do munic\u00edpio. Entre os destaques est\u00e3o as estrat\u00e9gias para ampliar o Parque Industrial, atrair novas empresas, fortalecer setores produtivos e impulsionar a gera\u00e7\u00e3o de emprego e renda na cidade. \u201cA principal meta da atual [&hellip;]<\/p>\n","protected":false},"author":1,"featured_media":49629,"comment_status":"closed","ping_status":"closed","sticky":false,"template":"","format":"standard","meta":{"om_disable_all_campaigns":false,"_exactmetrics_skip_tracking":false,"_exactmetrics_sitenote_active":false,"_exactmetrics_sitenote_note":"","_exactmetrics_sitenote_category":0,"footnotes":""},"categories":[38,167],"tags":[],"class_list":["post-49628","post","type-post","status-publish","format-standard","has-post-thumbnail","hentry","category-alagoinhas-e-regiao","category-exclusivas"],"aioseo_notices":[],"_links":{"self":[{"href":"https:\/\/newsinfoco.com.br\/inicio\/wp-json\/wp\/v2\/posts\/49628","targetHints":{"allow":["GET"]}}],"collection":[{"href":"https:\/\/newsinfoco.com.br\/inicio\/wp-json\/wp\/v2\/posts"}],"about":[{"href":"https:\/\/newsinfoco.com.br\/inicio\/wp-json\/wp\/v2\/types\/post"}],"author":[{"embeddable":true,"href":"https:\/\/newsinfoco.com.br\/inicio\/wp-json\/wp\/v2\/users\/1"}],"replies":[{"embeddable":true,"href":"https:\/\/newsinfoco.com.br\/inicio\/wp-json\/wp\/v2\/comments?post=49628"}],"version-history":[{"count":1,"href":"https:\/\/newsinfoco.com.br\/inicio\/wp-json\/wp\/v2\/posts\/49628\/revisions"}],"predecessor-version":[{"id":49630,"href":"https:\/\/newsinfoco.com.br\/inicio\/wp-json\/wp\/v2\/posts\/49628\/revisions\/49630"}],"wp:featuredmedia":[{"embeddable":true,"href":"https:\/\/newsinfoco.com.br\/inicio\/wp-json\/wp\/v2\/media\/49629"}],"wp:attachment":[{"href":"https:\/\/newsinfoco.com.br\/inicio\/wp-json\/wp\/v2\/media?parent=49628"}],"wp:term":[{"taxonomy":"category","embeddable":true,"href":"https:\/\/newsinfoco.com.br\/inicio\/wp-json\/wp\/v2\/categories?post=49628"},{"taxonomy":"post_tag","embeddable":true,"href":"https:\/\/newsinfoco.com.br\/inicio\/wp-json\/wp\/v2\/tags?post=49628"}],"curies":[{"name":"wp","href":"https:\/\/api.w.org\/{rel}","templated":true}]}}